{"id":1277232,"date":"2026-09-03T03:36:26","date_gmt":"2026-09-03T03:36:26","guid":{"rendered":"https:\/\/www.europesays.com\/de\/1277232\/"},"modified":"2026-09-03T03:36:26","modified_gmt":"2026-09-03T03:36:26","slug":"zwilling-werksverkauf-in-solingen-und-schneidwaren-samstag-am-5-9-2026","status":"publish","type":"post","link":"https:\/\/www.europesays.com\/de\/1277232\/","title":{"rendered":"Zwilling-Werksverkauf in Solingen und Schneidwaren-Samstag am 5.9.2026"},"content":{"rendered":"<p class=\"text_ohne_einzug richtext text-em-55 !leading-serif mx-6 desktop:mx-0\">  Wer sich f\u00fcr Messer und andere Schneidwaren sowie Haushaltswaren interessiert, der ist an diesem Wochenende (3. bis 5. September 2026) in Solingen besonders richtig.<\/p>\n<p class=\"richtext text-em-55 !leading-serif mx-6 desktop:mx-0\">Den Anfang macht Zwilling mit seinem Werksverkauf in der Eissporthalle, Br\u00fchler Stra\u00dfe 20. Von Donnerstag, 3. September, bis Samstag, 5. September, ist jeweils von 10 bis 19 Uhr ge\u00f6ffnet. \u201eVon Bestecksets \u00fcber hochwertige Messer bis hin zu verschiedenen Topfsets ist alles dabei\u201c, k\u00fcndigt das Traditionshaus an.<\/p>\n<p class=\"richtext text-em-55 !leading-serif mx-6 desktop:mx-0\">Die Kunden k\u00f6nnen wie schon beim letzten Werksverkauf Ende Mai mit teils hohen Rabatten gegen\u00fcber dem Standardpreis rechnen. Womit sie ebenfalls rechnen sollten: mit teils l\u00e4ngeren Wartezeiten. Am Zwilling-Lager am N\u00fcmmener Feld warteten die Werkseink\u00e4ufer im Mai bis zu anderthalb Stunden bis zum Einlass \u2013 so lang war mitunter die Schlange. Wichtig zu wissen: Es ist nur Kartenzahlung (bargeldlos) m\u00f6glich.<\/p>\n<p class=\"richtext text-em-55 !leading-serif mx-6 desktop:mx-0\">Am Samstag findet au\u00dferdem zum 18. Mal der j\u00e4hrliche Solinger Schneidwaren-Samstag statt. Vier Unternehmen \u00f6ffnen dann von 9 bis 16 Uhr ihre Tore f\u00fcrs Publikum. Zu besichtigen ist die Produktion, es gibt Mitmach-Aktionen und Unterhaltung, und beim Hausverkauf locken zum Teil satte Rabatte. Auch das LVR-Industriemuseum Gesenkschmiede Hendrichs ist mit am Start.<\/p>\n<p class=\"richtext text-em-55 !leading-serif mx-6 desktop:mx-0\">Die vier teilnehmenden Solinger Unternehmen sind: Franz G\u00fcde GmbH, Katternberger Stra\u00dfe 175; Herder Windm\u00fchlenmesser, Ellerstra\u00dfe 16; Kretzer Scheren, L\u00f6hdorfer Stra\u00dfe 171-173; Becker Manicure, Friedrich-Wilhelm-Stra\u00dfe 18-22. Das LVR-Industriemuseum Gesenkschmiede Hendrichs, Merscheider Stra\u00dfe 289-297, hat von 11 bis 18 Uhr ge\u00f6ffnet.<\/p>\n<p class=\"richtext text-em-55 !leading-serif mx-6 desktop:mx-0\">Der Eintritt in die Manufakturen ist frei. Im Museum f\u00fcr Kinder und Jugendliche ebenfalls frei, f\u00fcr Erwachsene mit mindestens drei Manufaktur-Stempeln vom Aktionstag ebenfalls, sonst 8 Euro.<\/p>\n","protected":false},"excerpt":{"rendered":"Wer sich f\u00fcr Messer und andere Schneidwaren sowie Haushaltswaren interessiert, der ist an diesem Wochenende (3. bis 5.&hellip;\n","protected":false},"author":2,"featured_media":1277233,"comment_status":"","ping_status":"","sticky":false,"template":"","format":"standard","meta":{"footnotes":"","_share_on_mastodon":"0"},"categories":[1840],"tags":[3364,29,183839,30,218693,209903,1981,1209,14129,261827,7223,34907,524,141241,263527,4418,27221],"class_list":["post-1277232","post","type-post","status-publish","format-standard","has-post-thumbnail","category-wuppertal","tag-de","tag-deutschland","tag-ellerstrasse","tag-germany","tag-gesenkschmiede","tag-hendrichs","tag-messer","tag-nordrhein-westfalen","tag-samstag","tag-schneidwaren","tag-solingen","tag-solinger","tag-strasse","tag-werksverkauf","tag-windmuehlenmesser","tag-wuppertal","tag-zwilling"],"share_on_mastodon":{"url":"https:\/\/pubeurope.com\/@de\/117205020664120699","error":""},"_links":{"self":[{"href":"https:\/\/www.europesays.com\/de\/wp-json\/wp\/v2\/posts\/1277232","targetHints":{"allow":["GET"]}}],"collection":[{"href":"https:\/\/www.europesays.com\/de\/wp-json\/wp\/v2\/posts"}],"about":[{"href":"https:\/\/www.europesays.com\/de\/wp-json\/wp\/v2\/types\/post"}],"author":[{"embeddable":true,"href":"https:\/\/www.europesays.com\/de\/wp-json\/wp\/v2\/users\/2"}],"replies":[{"embeddable":true,"href":"https:\/\/www.europesays.com\/de\/wp-json\/wp\/v2\/comments?post=1277232"}],"version-history":[{"count":0,"href":"https:\/\/www.europesays.com\/de\/wp-json\/wp\/v2\/posts\/1277232\/revisions"}],"wp:featuredmedia":[{"embeddable":true,"href":"https:\/\/www.europesays.com\/de\/wp-json\/wp\/v2\/media\/1277233"}],"wp:attachment":[{"href":"https:\/\/www.europesays.com\/de\/wp-json\/wp\/v2\/media?parent=1277232"}],"wp:term":[{"taxonomy":"category","embeddable":true,"href":"https:\/\/www.europesays.com\/de\/wp-json\/wp\/v2\/categories?post=1277232"},{"taxonomy":"post_tag","embeddable":true,"href":"https:\/\/www.europesays.com\/de\/wp-json\/wp\/v2\/tags?post=1277232"}],"curies":[{"name":"wp","href":"https:\/\/api.w.org\/{rel}","templated":true}]}}