{"id":1277259,"date":"2026-09-03T03:57:29","date_gmt":"2026-09-03T03:57:29","guid":{"rendered":"https:\/\/www.europesays.com\/de\/1277259\/"},"modified":"2026-09-03T03:57:29","modified_gmt":"2026-09-03T03:57:29","slug":"buergerinfo-zum-rs1-moers-plant-fahrradstrasse-als-ersten-teilabschnitt","status":"publish","type":"post","link":"https:\/\/www.europesays.com\/de\/1277259\/","title":{"rendered":"B\u00fcrgerinfo zum RS1: Moers plant Fahrradstra\u00dfe als ersten Teilabschnitt"},"content":{"rendered":"<p>            <a href=\"https:\/\/lokalklick.eu\/wp-content\/uploads\/2026\/08\/MO_ts082602Radschnellweg1.jpg\" data-caption=\"So k\u00f6nnte die Asberger Stra\u00dfe im Bereich Sportplatz\/Schule aussehen (Foto: Stadt Moers\/ Karsten Schn\u00f6lzer SOLIDGROUND MEDIA)\" rel=\"nofollow noopener\" target=\"_blank\"><img loading=\"lazy\" decoding=\"async\" width=\"696\" height=\"388\" class=\"entry-thumb td-modal-image\" src=\"https:\/\/www.europesays.com\/de\/wp-content\/uploads\/2026\/09\/MO_ts082602Radschnellweg1-696x388.jpg\"   alt=\"\" title=\"Visualisierung - Radschnellverbindung RS1 - Teilabschnitt Moers-Innenstadt\"\/><\/a>So k\u00f6nnte die Asberger Stra\u00dfe im Bereich Sportplatz\/Schule aussehen (Foto: Stadt Moers\/ Karsten Schn\u00f6lzer SOLIDGROUND MEDIA)<br \/>\n            Anzeigen<br \/>\n<a href=\"https:\/\/wolle-festival.de\/\" target=\"_blank\" rel=\"nofollow noopener\"><img decoding=\"async\" src=\"https:\/\/www.europesays.com\/de\/wp-content\/uploads\/2026\/08\/1787977263_963_BM_Wolle.jpg\"\/><\/a><\/p>\n<p><\/p>\n<p><strong>Moers. <\/strong>Mehr Platz f\u00fcrs Fahrrad, sichere Verbindungen und eine moderne Mobilit\u00e4t: Moers treibt die Verkehrswende weiter voran. Ein wichtiger Baustein ist der geplante Teilabschnitt der Radschnellverbindung RS1 zwischen der Asberger Stra\u00dfe und der Innenstadt. Wie die von der Politik beschlossene Strecke aussieht und was sich durch den Umbau ver\u00e4ndert, stellt die Stadt Moers bei einer B\u00fcrgerinformationsveranstaltung am Mittwoch, 9. September, um 18 Uhr in den R\u00e4umlichkeiten des Stadtsportverbandes an der Asberger Stra\u00dfe 195 vor. Alle Interessierten sind herzlich eingeladen. Eine Anmeldung ist nicht notwendig.<\/p>\n<p><strong>Infos auch digital<\/strong><br \/>Der RS1 ist eine vom Land Nordrhein-Westfalen geplante Radschnellverbindung. Sie soll k\u00fcnftig auf mehr als 100 Kilometern von Hamm durch das Ruhrgebiet \u00fcber Duisburg bis nach Moers f\u00fchren. Damit entsteht eine leistungsf\u00e4hige Verbindung f\u00fcr den Alltagsradverkehr \u2013 und ein weiterer Baustein f\u00fcr eine klimafreundliche und zukunftsf\u00e4hige Mobilit\u00e4t. In Moers plant die Stadt derzeit den Abschnitt von der Asberger Stra\u00dfe\/Ruhrorter Stra\u00dfe am Sportplatz vorbei bis zur Martinstra\u00dfe. Von dort f\u00fchrt die geplante Verbindung \u00fcber die Konradstra\u00dfe bis zur Essenberger Stra\u00dfe. Vorgesehen ist, die Strecke zur Fahrradstra\u00dfe umzugestalten. Was das konkret bedeutet, wie sich die Stra\u00dfenr\u00e4ume ver\u00e4ndern und die k\u00fcnftige Gestaltung aussehen kann, erl\u00e4utern Fachleute bei der Veranstaltung ausf\u00fchrlich. Wer am 9. September nicht dabei sein kann, hat anschlie\u00dfend noch die M\u00f6glichkeit, sich digital zu informieren.<\/p>\n<p>Vier Wochen sind die Unterlagen im Beteiligungsportal NRW einsehbar: <a href=\"http:\/\/beteiligung.nrw.de\/portal\/moers\" target=\"_blank\" rel=\"noopener noreferrer nofollow\">beteiligung.nrw.de\/portal\/moers<\/a>.<\/p>\n<p>Anzeigen<br \/>\n<a href=\"https:\/\/www.rugana.de\/de\/Mecklenburg-Vorpommern\/Insel.Ruegen\/D41\" target=\"_blank\" rel=\"nofollow noopener\"><img decoding=\"async\" src=\"https:\/\/www.europesays.com\/de\/wp-content\/uploads\/2026\/08\/1787977274_859_FeWo-Dranske-2-1456.jpg\"\/><\/a><\/p>\n<p>\n<a href=\"#\"><img decoding=\"async\" src=\"https:\/\/www.europesays.com\/de\/wp-content\/uploads\/2026\/08\/1787977287_908_rec728-1-Kopie.jpg\"\/><\/a><\/p>\n<p>        <\/p>\n","protected":false},"excerpt":{"rendered":"So k\u00f6nnte die Asberger Stra\u00dfe im Bereich Sportplatz\/Schule aussehen (Foto: Stadt Moers\/ Karsten Schn\u00f6lzer SOLIDGROUND MEDIA) Anzeigen Moers.&hellip;\n","protected":false},"author":2,"featured_media":1277260,"comment_status":"","ping_status":"","sticky":false,"template":"","format":"standard","meta":{"footnotes":"","_share_on_mastodon":"0"},"categories":[1838],"tags":[3364,29,3715,30,1209],"class_list":["post-1277259","post","type-post","status-publish","format-standard","has-post-thumbnail","category-duisburg","tag-de","tag-deutschland","tag-duisburg","tag-germany","tag-nordrhein-westfalen"],"share_on_mastodon":{"url":"","error":""},"_links":{"self":[{"href":"https:\/\/www.europesays.com\/de\/wp-json\/wp\/v2\/posts\/1277259","targetHints":{"allow":["GET"]}}],"collection":[{"href":"https:\/\/www.europesays.com\/de\/wp-json\/wp\/v2\/posts"}],"about":[{"href":"https:\/\/www.europesays.com\/de\/wp-json\/wp\/v2\/types\/post"}],"author":[{"embeddable":true,"href":"https:\/\/www.europesays.com\/de\/wp-json\/wp\/v2\/users\/2"}],"replies":[{"embeddable":true,"href":"https:\/\/www.europesays.com\/de\/wp-json\/wp\/v2\/comments?post=1277259"}],"version-history":[{"count":0,"href":"https:\/\/www.europesays.com\/de\/wp-json\/wp\/v2\/posts\/1277259\/revisions"}],"wp:featuredmedia":[{"embeddable":true,"href":"https:\/\/www.europesays.com\/de\/wp-json\/wp\/v2\/media\/1277260"}],"wp:attachment":[{"href":"https:\/\/www.europesays.com\/de\/wp-json\/wp\/v2\/media?parent=1277259"}],"wp:term":[{"taxonomy":"category","embeddable":true,"href":"https:\/\/www.europesays.com\/de\/wp-json\/wp\/v2\/categories?post=1277259"},{"taxonomy":"post_tag","embeddable":true,"href":"https:\/\/www.europesays.com\/de\/wp-json\/wp\/v2\/tags?post=1277259"}],"curies":[{"name":"wp","href":"https:\/\/api.w.org\/{rel}","templated":true}]}}