{"id":1277265,"date":"2026-09-03T04:01:43","date_gmt":"2026-09-03T04:01:43","guid":{"rendered":"https:\/\/www.europesays.com\/de\/1277265\/"},"modified":"2026-09-03T04:01:43","modified_gmt":"2026-09-03T04:01:43","slug":"nach-messerangriff-vor-moschee-in-nuernberg-polizei-schliesst-politischen-hintergrund-aus","status":"publish","type":"post","link":"https:\/\/www.europesays.com\/de\/1277265\/","title":{"rendered":"Nach Messerangriff vor Moschee in N\u00fcrnberg: Polizei schlie\u00dft politischen Hintergrund aus"},"content":{"rendered":"<p>            <img decoding=\"async\" alt=\"Inhalt wird geladen\" src=\"https:\/\/www.europesays.com\/de\/wp-content\/uploads\/2025\/10\/loader.gif\"\/><\/p>\n<p><img loading=\"lazy\" decoding=\"async\" src=\"https:\/\/www.europesays.com\/de\/wp-content\/uploads\/2026\/09\/pw-vgzm.822520-1.15263686.gif\" height=\"1\" width=\"1\" alt=\"\"\/><\/p>\n<p>                                    <img decoding=\"async\" loading=\"lazy\" src=\"https:\/\/www.europesays.com\/de\/wp-content\/uploads\/2026\/09\/Gemeinsamen_Terrorabwehruebung_der_Bayerischen_Pol.jpg\" alt=\"Ein Messerangriff in N\u00fcrnberg rief am Dienstag auch Einsatzkr\u00e4fte des Unterst\u00fctzungskommandos (USK) auf den Plan.\" class=\" aspect-ratio-16-9\" title=\"Ein Messerangriff in N\u00fcrnberg rief am Dienstag auch Einsatzkr\u00e4fte des Unterst\u00fctzungskommandos (USK) auf den Plan.\" data-id=\"115263687\"\/><\/p>\n<p>                <img decoding=\"async\" src=\"https:\/\/www.nn.de\/img\/nn\/icons\/nn_plus_icon.svg\" alt=\"NN+\"\/><\/p>\n<p>                                    \u00a9 IMAGO\/Frank Hoermann\/IMAGO\/Sven Simon<\/p>\n<p>                Ein Messerangriff in N\u00fcrnberg rief am Dienstag auch Einsatzkr\u00e4fte des Unterst\u00fctzungskommandos (USK) auf den Plan.<\/p>\n<p>        Nach Messerangriff vor Moschee in N\u00fcrnberg: Polizei schlie\u00dft politischen Hintergrund aus<\/p>\n<p class=\"article__teaser\">\n<p>                                &#8211;                                Im N\u00fcrnberger Stadtteil Gostenhof hat ein 61-J\u00e4hriger am Dienstag einen 58-J\u00e4hrigen mit einem Messer verletzt. Die Tat ereignete sich direkt vor dem Eingang zu einer Moschee. Nun \u00e4u\u00dfert sich die Polizei zu den genaueren Hintergr\u00fcnden des Geschehens.<\/p>\n<p>                        Von<\/p>\n<p>                                                <a href=\"https:\/\/www.nn.de\/ueber-uns\/autoren\/johannes-handl-18.316\" rel=\"nofollow noopener\" target=\"_blank\">Johannes Handl<\/a>                    <\/p>\n<p>                    02.09.2026, 17:33 Uhr<\/p>\n<p>                                                                            Zur Startseite<\/p>\n","protected":false},"excerpt":{"rendered":"\u00a9 IMAGO\/Frank Hoermann\/IMAGO\/Sven Simon Ein Messerangriff in N\u00fcrnberg rief am Dienstag auch Einsatzkr\u00e4fte des Unterst\u00fctzungskommandos (USK) auf den&hellip;\n","protected":false},"author":2,"featured_media":1277266,"comment_status":"","ping_status":"","sticky":false,"template":"","format":"standard","meta":{"footnotes":"","_share_on_mastodon":"0"},"categories":[1837],"tags":[772,3364,29,30,3783],"class_list":["post-1277265","post","type-post","status-publish","format-standard","has-post-thumbnail","category-nuernberg","tag-bayern","tag-de","tag-deutschland","tag-germany","tag-nuernberg"],"share_on_mastodon":{"url":"https:\/\/pubeurope.com\/@de\/117205121643095993","error":""},"_links":{"self":[{"href":"https:\/\/www.europesays.com\/de\/wp-json\/wp\/v2\/posts\/1277265","targetHints":{"allow":["GET"]}}],"collection":[{"href":"https:\/\/www.europesays.com\/de\/wp-json\/wp\/v2\/posts"}],"about":[{"href":"https:\/\/www.europesays.com\/de\/wp-json\/wp\/v2\/types\/post"}],"author":[{"embeddable":true,"href":"https:\/\/www.europesays.com\/de\/wp-json\/wp\/v2\/users\/2"}],"replies":[{"embeddable":true,"href":"https:\/\/www.europesays.com\/de\/wp-json\/wp\/v2\/comments?post=1277265"}],"version-history":[{"count":0,"href":"https:\/\/www.europesays.com\/de\/wp-json\/wp\/v2\/posts\/1277265\/revisions"}],"wp:featuredmedia":[{"embeddable":true,"href":"https:\/\/www.europesays.com\/de\/wp-json\/wp\/v2\/media\/1277266"}],"wp:attachment":[{"href":"https:\/\/www.europesays.com\/de\/wp-json\/wp\/v2\/media?parent=1277265"}],"wp:term":[{"taxonomy":"category","embeddable":true,"href":"https:\/\/www.europesays.com\/de\/wp-json\/wp\/v2\/categories?post=1277265"},{"taxonomy":"post_tag","embeddable":true,"href":"https:\/\/www.europesays.com\/de\/wp-json\/wp\/v2\/tags?post=1277265"}],"curies":[{"name":"wp","href":"https:\/\/api.w.org\/{rel}","templated":true}]}}