{"id":1277272,"date":"2026-09-03T04:07:21","date_gmt":"2026-09-03T04:07:21","guid":{"rendered":"https:\/\/www.europesays.com\/de\/1277272\/"},"modified":"2026-09-03T04:07:21","modified_gmt":"2026-09-03T04:07:21","slug":"schadstoffmobil-kommt-nach-dresden-diese-abfaelle-koennen-kostenlos-weg","status":"publish","type":"post","link":"https:\/\/www.europesays.com\/de\/1277272\/","title":{"rendered":"Schadstoffmobil kommt nach Dresden \u2013 diese Abf\u00e4lle k\u00f6nnen kostenlos weg"},"content":{"rendered":"<p>Abfallentsorgung <\/p>\n<p>Stadt sammelt Schadstoffe ein \u2013 das m\u00fcssen Haushalte beachten<\/p>\n<p>03.09.2026 &#8211; 05:35 UhrLesedauer: 1 Min.<\/p>\n<p><a href=\"#focus-0\" class=\"transition-colors block text-current relative\" data-sctrack=\"FocusGalleryImage.Reference\"><img fetchpriority=\"high\" data-testid=\"Opener.Image\"   loading=\"eager\" src=\"https:\/\/www.europesays.com\/de\/wp-content\/uploads\/2026\/09\/ein-mann-arbeitet-in-einem-schadstoffmobil-symbolbild-in-karlsruhe-sammelt-ein-fahrzeug-die-stoffe-u.jpeg\" alt=\"Ein Mann arbeitet in einem Schadstoffmobil (Symbolbild): In Karlsruhe sammelt ein Fahrzeug die Stoffe und Ger\u00e4te in einzelnen Stadtteilen ein.\" title=\"Ein Mann arbeitet in einem Schadstoffmobil (Symbolbild): In Karlsruhe sammelt ein Fahrzeug die Stoffe und Ger\u00e4te in einzelnen Stadtteilen ein.\" width=\"1920\" height=\"1080\" class=\"bg-[url:var(--lqipURL)] bg-cover bg-center flex h-full w-full max-w-full\" style=\"--lqipURL:url('https:\/\/images.t-online.de\/2021\/06\/88541258v2\/0x99:1920x1080\/fit-in\/150x0\/filters:blur(25)\/ein-mann-arbeitet-in-einem-schadstoffmobil-symbolbild-in-karlsruhe-sammelt-ein-fahrzeug-die-stoffe-und-geraete-in-einzelnen-stadtteilen-ein.jpg')\" decoding=\"async\"\/><img loading=\"lazy\" src=\"https:\/\/dresden.t-online.de\/s\/paper\/_next\/static\/media\/zoom-in.f7dae02f.svg\" alt=\"Vergr\u00f6\u00dfern des Bildes\" title=\"Vergr\u00f6\u00dfern des Bildes\" class=\"block h-[calc(var(--height)_\/_16_*_1rem)] w-[calc(var(--width)_\/_16_*_1rem)] max-w-none absolute right-8 bottom-8 rounded-4 bg-snow p-8\" style=\"--width:32;--height:32\" decoding=\"async\"\/><\/a><\/p>\n<p>Ein Mann arbeitet in einem Schadstoffmobil (Symbolbild): In Dresden sammelt ein Fahrzeug die Stoffe ein. (Quelle: Thomas M\u00fcller\/imago-images-bilder)<\/p>\n<p><img loading=\"lazy\" src=\"https:\/\/dresden.t-online.de\/s\/paper\/_next\/static\/media\/audio-volume.6689034c.svg\" alt=\"\" title=\"\" class=\"block h-[calc(var(--height)_\/_16_*_1rem)] w-[calc(var(--width)_\/_16_*_1rem)] max-w-none group-hover:brightness-0 group-hover:invert\" style=\"--width:16;--height:16\" decoding=\"async\"\/>Vorlesen<\/p>\n<p>Aktuelle Zeit:0:00Gesamtdauer:0:00<\/p>\n<p>1x<img loading=\"lazy\" src=\"https:\/\/dresden.t-online.de\/s\/paper\/_next\/static\/media\/font-sizes.32942e33.svg\" alt=\"\" title=\"\" class=\"block h-[calc(var(--height)_\/_16_*_1rem)] w-[calc(var(--width)_\/_16_*_1rem)] max-w-none group-hover:hidden group-aria-expanded:hidden\" style=\"--width:16;--height:16\" decoding=\"async\"\/><img loading=\"lazy\" src=\"https:\/\/dresden.t-online.de\/s\/paper\/_next\/static\/media\/font-sizes-dark-mode.e382645c.svg\" alt=\"\" title=\"\" class=\"block h-[calc(var(--height)_\/_16_*_1rem)] w-[calc(var(--width)_\/_16_*_1rem)] max-w-none hidden group-hover:block group-aria-expanded:block\" style=\"--width:16;--height:16\" decoding=\"async\"\/><img loading=\"lazy\" src=\"https:\/\/dresden.t-online.de\/s\/paper\/_next\/static\/media\/sharing-menu-icon.1eb71368.svg\" alt=\"\" title=\"\" class=\"block h-[calc(var(--height)_\/_16_*_1rem)] w-[calc(var(--width)_\/_16_*_1rem)] max-w-none group-hover:brightness-0 group-hover:invert\" style=\"--width:16;--height:16\" decoding=\"async\"\/>Artikel teilen<\/p>\n<p class=\"font-bold text-18 leading-17 user-text-lg:text-22 user-text-xl:text-24\">Drei Wochen lang k\u00f6nnen Dresdner Haushalte gef\u00e4hrliche Abf\u00e4lle kostenlos abgeben \u2013 bis zu 25 Liter pro Haushalt. Schadstoffe geh\u00f6ren nicht in den normalen Hausm\u00fcll und m\u00fcssen in der Originalverpackung \u00fcbergeben werden.<\/p>\n<p class=\"text-18 leading-17 user-text-lg:text-22 user-text-xl:text-24\">Das Schadstoffmobil f\u00e4hrt ab Montag (7. September) wieder durch Dresden. Bis 26. September k\u00f6nnen Haushalte gef\u00e4hrliche Abf\u00e4lle kostenlos abgeben, darunter Desinfektionsmittel, Haushaltsreiniger, Farbreste oder Alt\u00f6le.<\/p>\n<p class=\"text-18 leading-17 user-text-lg:text-22 user-text-xl:text-24\">Es gibt einige Regeln zu beachten: Die Abf\u00e4lle d\u00fcrfen nicht miteinander vermischt werden und sollen m\u00f6glichst in der Originalverpackung \u00fcbergeben werden. Pro Haushalt nimmt das Schadstoffmobil bis zu 25 Liter pro Halbjahr an. Schadstoffe vor dem Eintreffen des Fahrzeugs am Standplatz abzustellen, ist wegen ihrer gef\u00e4hrlichen Inhaltsstoffe nicht erlaubt.<\/p>\n<p>So k\u00f6nnen Schadstoffe erkannt werden<\/p>\n<p class=\"text-18 leading-17 user-text-lg:text-22 user-text-xl:text-24\">Erkennbar sind Schadstoffe an einem roten oder orangefarbenen Gefahrensymbol auf der Verpackung. Auch Leuchtstoffr\u00f6hren sowie LED- und Energiesparlampen k\u00f6nnen abgegeben werden, da sie ebenfalls Schadstoffe enthalten.<\/p>\n<p class=\"text-18 leading-17 user-text-lg:text-22 user-text-xl:text-24\"><strong class=\"font-bold\">Zu den Abf\u00e4llen z\u00e4hlen unter anderem:<\/strong><\/p>\n<ul class=\"text-18 leading-17 block pl-24 *:pb-16 *:before:inline-block *:before:size-8 *:before:bg-magenta *:before:mt-0 *:before:mr-12 *:before:mb-2 *:before:-ml-[20px]\">\n<li>Desinfektionsmittel<\/li>\n<li>Haushaltsreiniger<\/li>\n<li>Farbreste<\/li>\n<li>Alt\u00f6le<\/li>\n<\/ul>\n<p class=\"text-18 leading-17 user-text-lg:text-22 user-text-xl:text-24\">In den normalen Hausm\u00fcll d\u00fcrfen solche Abf\u00e4lle nicht. Sie sind umwelt- und gesundheitsgef\u00e4hrdend und m\u00fcssen gesondert entsorgt werden.<\/p>\n<p class=\"text-18 leading-17 user-text-lg:text-22 user-text-xl:text-24\">Wer die Termine des Schadstoffmobils nicht wahrnehmen kann, hat eine Alternative: Die st\u00e4dtischen Wertstoffh\u00f6fe nehmen Schadstoffe jederzeit an \u2013 mit Ausnahme der Standorte Leuben und Loschwitz, wo es separate Termine f\u00fcr die Schadstoffannahme gibt.<\/p>\n","protected":false},"excerpt":{"rendered":"Abfallentsorgung Stadt sammelt Schadstoffe ein \u2013 das m\u00fcssen Haushalte beachten 03.09.2026 &#8211; 05:35 UhrLesedauer: 1 Min. Ein Mann&hellip;\n","protected":false},"author":2,"featured_media":1277273,"comment_status":"","ping_status":"","sticky":false,"template":"","format":"standard","meta":{"footnotes":"","_share_on_mastodon":"0"},"categories":[1835],"tags":[722,3176,17161,11107,5663,3364,29,2386,514,30,1109,109136,263542,859,137982,148521],"class_list":["post-1277272","post","type-post","status-publish","format-standard","has-post-thumbnail","category-dresden","tag-722","tag-3176","tag-17161","tag-abfall","tag-abfallentsorgung","tag-de","tag-deutschland","tag-dresden","tag-fahrzeug","tag-germany","tag-haushalt","tag-hausmuell","tag-originalverpackung","tag-sachsen","tag-schadstoff","tag-schadstoffmobil"],"share_on_mastodon":{"url":"https:\/\/pubeurope.com\/@de\/117205145100323205","error":""},"_links":{"self":[{"href":"https:\/\/www.europesays.com\/de\/wp-json\/wp\/v2\/posts\/1277272","targetHints":{"allow":["GET"]}}],"collection":[{"href":"https:\/\/www.europesays.com\/de\/wp-json\/wp\/v2\/posts"}],"about":[{"href":"https:\/\/www.europesays.com\/de\/wp-json\/wp\/v2\/types\/post"}],"author":[{"embeddable":true,"href":"https:\/\/www.europesays.com\/de\/wp-json\/wp\/v2\/users\/2"}],"replies":[{"embeddable":true,"href":"https:\/\/www.europesays.com\/de\/wp-json\/wp\/v2\/comments?post=1277272"}],"version-history":[{"count":0,"href":"https:\/\/www.europesays.com\/de\/wp-json\/wp\/v2\/posts\/1277272\/revisions"}],"wp:featuredmedia":[{"embeddable":true,"href":"https:\/\/www.europesays.com\/de\/wp-json\/wp\/v2\/media\/1277273"}],"wp:attachment":[{"href":"https:\/\/www.europesays.com\/de\/wp-json\/wp\/v2\/media?parent=1277272"}],"wp:term":[{"taxonomy":"category","embeddable":true,"href":"https:\/\/www.europesays.com\/de\/wp-json\/wp\/v2\/categories?post=1277272"},{"taxonomy":"post_tag","embeddable":true,"href":"https:\/\/www.europesays.com\/de\/wp-json\/wp\/v2\/tags?post=1277272"}],"curies":[{"name":"wp","href":"https:\/\/api.w.org\/{rel}","templated":true}]}}