{"id":1277290,"date":"2026-09-03T04:16:16","date_gmt":"2026-09-03T04:16:16","guid":{"rendered":"https:\/\/www.europesays.com\/de\/1277290\/"},"modified":"2026-09-03T04:16:16","modified_gmt":"2026-09-03T04:16:16","slug":"duesseldorf-kinder-wuenschen-sich-mehr-gruen-und-sauberkeit","status":"publish","type":"post","link":"https:\/\/www.europesays.com\/de\/1277290\/","title":{"rendered":"D\u00fcsseldorf: Kinder w\u00fcnschen sich mehr Gr\u00fcn und Sauberkeit"},"content":{"rendered":"<p class=\"text_ohne_einzug richtext text-em-55 !leading-serif mx-6 desktop:mx-0\">Was w\u00fcnschen sich Kinder in Zukunft von der Stadt D\u00fcsseldorf? Wo sehen sie Probleme und wo Chancen der Verbesserung? Eine Ausstellung im Rathaus zeigt der Erwachsenenwelt nun, was die M\u00e4dchen und Jungen umtreibt. Im Rahmen der Kinder-Agenda-2030 waren mehr als 500 Kinder aus 13 Grundschulen in ihrer Umgebung unterwegs, um vor Ort Missst\u00e4nde zu benennen. In Workshops wurden dann Vorschl\u00e4ge erarbeitet. Die Ausstellung besteht aus neun aufgeh\u00e4ngten gro\u00dfen Plakaten. Sie geben die Kernanliegen und Ziele der Kinder-Agenda wieder.<\/p>\n<p class=\"richtext text-em-55 !leading-serif mx-6 desktop:mx-0\">Ganz vorne bei den W\u00fcnschen an die Politik steht eine klimagerechte Stadt mit mehr Gr\u00fcnfl\u00e4chen in der direkten Umgebung. Auch bem\u00e4ngeln viele Kinder, dass es zu wenig Sportfl\u00e4chen gibt und dass Anlagen h\u00e4ufig verschlossen sind. Zudem w\u00fcnschen sich die Kinder mehr Schwimmm\u00f6glichkeiten und g\u00fcnstigere Eintrittspreise. In nahezu allen beteiligten Schulen war Sauberkeit und Umwelt ein gro\u00dfes Thema. Die jungen D\u00fcsseldorfer st\u00f6rt nicht nur der achtlose weggeworfene M\u00fcll, sondern auch die Schmierereien an Hausw\u00e4nden und Unterf\u00fchrungen.<\/p>\n<p class=\"richtext text-em-55 !leading-serif mx-6 desktop:mx-0\">Nat\u00fcrlich besch\u00e4ftigten sich die Kinder auch mit den Schulen selbst. Hier bem\u00e4ngeln sie fehlende R\u00e4ume und Sporthallen sowie den oft schlechten Zustand von Umkleidekabinen und Toiletten. \u00dcberdies w\u00fcnschen sich viele einen abwechslungsreicheren Unterricht und dass auch die sogenannten kreativen F\u00e4cher wie Kunst und Musik st\u00e4rker gef\u00f6rdert werden. Und der Weg zur Schule sollte sicherer und Busse und Bahnen p\u00fcnktlicher sein.<br \/>Als sechsten Punkt formulieren die Kinder, dass auch st\u00e4rker auf die k\u00f6rperliche und seelische Gesundheit geachtet wird. F\u00fcr sie hei\u00dft das ganz konkret: Weniger L\u00e4rm durch Verkehr und Feiernde in den Abend- und Nachtstunden sowie mehr rauchfreie Zonen.<\/p>\n<p class=\"richtext text-em-55 !leading-serif mx-6 desktop:mx-0\">Neben der Anerkennung kultureller Unterschiede und der Unterst\u00fctzung finanziell nicht gut aufgestellter Familien fordern die Kinder in der Agenda, von der Stadt vermehrt geh\u00f6rt und ernst genommen zu werden. Vor gut einem Jahr hatten Kinder ihren Katalog schon mal vorgestellt. Damals im Ratssaal vor Vertreterinnen und Vertretern der Politik. Die hatten bekundet, sich f\u00fcr die Umsetzung der Agenda einzusetzen. Das Plakat mit weit \u00fcber 20 Unterschriften ist Teil der Ausstellung, die zu den \u00d6ffnungszeiten des Rathauses besucht werden kann.<\/p>\n","protected":false},"excerpt":{"rendered":"Was w\u00fcnschen sich Kinder in Zukunft von der Stadt D\u00fcsseldorf? Wo sehen sie Probleme und wo Chancen der&hellip;\n","protected":false},"author":2,"featured_media":1277291,"comment_status":"","ping_status":"","sticky":false,"template":"","format":"standard","meta":{"footnotes":"","_share_on_mastodon":"0"},"categories":[1831],"tags":[32513,2076,263544,3364,29,3405,30,1209,13559,28260,21159],"class_list":["post-1277290","post","type-post","status-publish","format-standard","has-post-thumbnail","category-duesseldorf","tag-agenda","tag-ausstellung","tag-bemaengeln","tag-de","tag-deutschland","tag-duesseldorf","tag-germany","tag-nordrhein-westfalen","tag-staerker","tag-umgebung","tag-wuenschen"],"share_on_mastodon":{"url":"https:\/\/pubeurope.com\/@de\/117205177927463272","error":""},"_links":{"self":[{"href":"https:\/\/www.europesays.com\/de\/wp-json\/wp\/v2\/posts\/1277290","targetHints":{"allow":["GET"]}}],"collection":[{"href":"https:\/\/www.europesays.com\/de\/wp-json\/wp\/v2\/posts"}],"about":[{"href":"https:\/\/www.europesays.com\/de\/wp-json\/wp\/v2\/types\/post"}],"author":[{"embeddable":true,"href":"https:\/\/www.europesays.com\/de\/wp-json\/wp\/v2\/users\/2"}],"replies":[{"embeddable":true,"href":"https:\/\/www.europesays.com\/de\/wp-json\/wp\/v2\/comments?post=1277290"}],"version-history":[{"count":0,"href":"https:\/\/www.europesays.com\/de\/wp-json\/wp\/v2\/posts\/1277290\/revisions"}],"wp:featuredmedia":[{"embeddable":true,"href":"https:\/\/www.europesays.com\/de\/wp-json\/wp\/v2\/media\/1277291"}],"wp:attachment":[{"href":"https:\/\/www.europesays.com\/de\/wp-json\/wp\/v2\/media?parent=1277290"}],"wp:term":[{"taxonomy":"category","embeddable":true,"href":"https:\/\/www.europesays.com\/de\/wp-json\/wp\/v2\/categories?post=1277290"},{"taxonomy":"post_tag","embeddable":true,"href":"https:\/\/www.europesays.com\/de\/wp-json\/wp\/v2\/tags?post=1277290"}],"curies":[{"name":"wp","href":"https:\/\/api.w.org\/{rel}","templated":true}]}}