{"id":1277295,"date":"2026-09-03T04:19:23","date_gmt":"2026-09-03T04:19:23","guid":{"rendered":"https:\/\/www.europesays.com\/de\/1277295\/"},"modified":"2026-09-03T04:19:23","modified_gmt":"2026-09-03T04:19:23","slug":"soko-stuttgart-diese-drehorte-werden-zu-tv-tatorten","status":"publish","type":"post","link":"https:\/\/www.europesays.com\/de\/1277295\/","title":{"rendered":"SOKO Stuttgart: Diese Drehorte werden zu TV-Tatorten"},"content":{"rendered":"<p>Neue Staffel <\/p>\n<p>ZDF macht diese bekannten Stuttgart-Orte zu TV-Tatorten<\/p>\n<p>Aktualisiert am 03.09.2026 &#8211; 06:15 UhrLesedauer: 1 Min.<\/p>\n<p><a href=\"#focus-0\" class=\"transition-colors block text-current relative\" data-sctrack=\"FocusGalleryImage.Reference\"><img fetchpriority=\"high\" data-testid=\"Opener.Image\"   loading=\"eager\" src=\"https:\/\/www.europesays.com\/de\/wp-content\/uploads\/2026\/09\/soko-stuttgart-das-zdf-kann-am-14-maerz-keine-neue-folge-zeigen.jpg\" alt=\"&quot;SOKO Stuttgart&quot;: Das ZDF kann am 14. M\u00e4rz keine neue Folge zeigen.\" title=\"&quot;SOKO Stuttgart&quot;: Das ZDF kann am 14. M\u00e4rz keine neue Folge zeigen.\" width=\"3134\" height=\"1763\" class=\"bg-[url:var(--lqipURL)] bg-cover bg-center flex h-full w-full max-w-full\" style=\"--lqipURL:url('https:\/\/images.t-online.de\/2024\/03\/ivgkH7xXehcO\/681x403:3134x1763\/fit-in\/150x0\/filters:blur(25)\/soko-stuttgart-das-zdf-kann-am-14-maerz-keine-neue-folge-zeigen.jpg')\" decoding=\"async\"\/><img loading=\"lazy\" src=\"https:\/\/stuttgart.t-online.de\/s\/paper\/_next\/static\/media\/zoom-in.f7dae02f.svg\" alt=\"Vergr\u00f6\u00dfern des Bildes\" title=\"Vergr\u00f6\u00dfern des Bildes\" class=\"block h-[calc(var(--height)_\/_16_*_1rem)] w-[calc(var(--width)_\/_16_*_1rem)] max-w-none absolute right-8 bottom-8 rounded-4 bg-snow p-8\" style=\"--width:32;--height:32\" decoding=\"async\"\/><\/a><\/p>\n<p>Das Team der &#8222;SOKO Stuttgart&#8220;: Bei den neuen Folgen werden mehrere bekannte Orte der Stadt zu Krimischaupl\u00e4tzen. (Quelle: Markus Fenchel \/ ZDF)<\/p>\n<p><img loading=\"lazy\" src=\"https:\/\/stuttgart.t-online.de\/s\/paper\/_next\/static\/media\/audio-volume.6689034c.svg\" alt=\"\" title=\"\" class=\"block h-[calc(var(--height)_\/_16_*_1rem)] w-[calc(var(--width)_\/_16_*_1rem)] max-w-none group-hover:brightness-0 group-hover:invert\" style=\"--width:16;--height:16\" decoding=\"async\"\/>Vorlesen<\/p>\n<p>Aktuelle Zeit:0:00Gesamtdauer:0:00<\/p>\n<p>1x<img loading=\"lazy\" src=\"https:\/\/stuttgart.t-online.de\/s\/paper\/_next\/static\/media\/font-sizes.32942e33.svg\" alt=\"\" title=\"\" class=\"block h-[calc(var(--height)_\/_16_*_1rem)] w-[calc(var(--width)_\/_16_*_1rem)] max-w-none group-hover:hidden group-aria-expanded:hidden\" style=\"--width:16;--height:16\" decoding=\"async\"\/><img loading=\"lazy\" src=\"https:\/\/stuttgart.t-online.de\/s\/paper\/_next\/static\/media\/font-sizes-dark-mode.e382645c.svg\" alt=\"\" title=\"\" class=\"block h-[calc(var(--height)_\/_16_*_1rem)] w-[calc(var(--width)_\/_16_*_1rem)] max-w-none hidden group-hover:block group-aria-expanded:block\" style=\"--width:16;--height:16\" decoding=\"async\"\/><img loading=\"lazy\" src=\"https:\/\/stuttgart.t-online.de\/s\/paper\/_next\/static\/media\/sharing-menu-icon.1eb71368.svg\" alt=\"\" title=\"\" class=\"block h-[calc(var(--height)_\/_16_*_1rem)] w-[calc(var(--width)_\/_16_*_1rem)] max-w-none group-hover:brightness-0 group-hover:invert\" style=\"--width:16;--height:16\" decoding=\"async\"\/>Artikel teilen<\/p>\n<p class=\"font-bold text-18 leading-17 user-text-lg:text-22 user-text-xl:text-24\">F\u00fcr die neue Staffel der &#8222;SOKO Stuttgart&#8220; entstehen derzeit 20 Folgen. Das Ermittlerteam dreht dabei an mehreren Orten, die viele Stuttgarter kennen.<\/p>\n<p class=\"text-18 leading-17 user-text-lg:text-22 user-text-xl:text-24\">Planetarium, Kunstverein oder sogar die Staatliche M\u00fcnze: F\u00fcr die neuen Folgen der &#8222;SOKO Stuttgart&#8220; verwandeln sich mehrere bekannte Orte der Stadt in Krimischaupl\u00e4tze.<\/p>\n<p class=\"text-18 leading-17 user-text-lg:text-22 user-text-xl:text-24\">Die Bavaria Fiction produziert derzeit die 18. Staffel der ZDF-Serie. Insgesamt entstehen 20 neue Folgen, die Dreharbeiten sollen noch bis Ende November laufen.<\/p>\n<p class=\"text-18 leading-17 user-text-lg:text-22 user-text-xl:text-24\">Dabei bleibt das Ermittlerteam nicht nur in den \u00fcblichen Serienkulissen. Als Drehorte nennt die Produktionsfirma ausdr\u00fccklich die Staatliche M\u00fcnze Baden-W\u00fcrttemberg, den W\u00fcrttembergischen Kunstverein und das Planetarium Stuttgart.<\/p>\n<p><a href=\"#focus-1\" class=\"transition-colors block text-current relative\" data-sctrack=\"FocusGalleryImage.Reference\"><img   loading=\"lazy\" src=\"https:\/\/www.europesays.com\/de\/wp-content\/uploads\/2026\/09\/das-stuttgarter-carl-zeiss-planetarium-hier-koennen-kinder-ab-fuenf-jahren-die-welt-der-planeten-und.jpeg\" alt=\"Das Stuttgarter Carl Zeiss Planetarium: Hier k\u00f6nnen Kinder ab f\u00fcnf Jahren die Welt der Planeten und Sterne erkunden.\" title=\"Das Stuttgarter Carl Zeiss Planetarium: Hier k\u00f6nnen Kinder ab f\u00fcnf Jahren die Welt der Planeten und Sterne erkunden.\" width=\"1920\" height=\"1077\" class=\"h-full w-full max-w-full rounded-8\" decoding=\"async\"\/><img loading=\"lazy\" src=\"https:\/\/stuttgart.t-online.de\/s\/paper\/_next\/static\/media\/zoom-in.f7dae02f.svg\" alt=\"Vergr\u00f6\u00dfern des Bildes\" title=\"Vergr\u00f6\u00dfern des Bildes\" class=\"block h-[calc(var(--height)_\/_16_*_1rem)] w-[calc(var(--width)_\/_16_*_1rem)] max-w-none absolute right-8 bottom-8 rounded-4 bg-snow p-8\" style=\"--width:32;--height:32\" decoding=\"async\"\/>Das Carl Zeiss Planetarium: Auch hier wird f\u00fcr die 18. Staffel der &#8222;SOKO Stuttgart&#8220; gedreht. (Quelle: imago-images-bilder)<\/a><\/p>\n<p>Auch ein Slotcar-Club wird zum Schauplatz<\/p>\n<p class=\"text-18 leading-17 user-text-lg:text-22 user-text-xl:text-24\">Ungew\u00f6hnlich sind auch einige Milieus, in denen das Team in der neuen Staffel ermittelt.<\/p>\n<p class=\"text-18 leading-17 user-text-lg:text-22 user-text-xl:text-24\">Die F\u00e4lle f\u00fchren die Kommissare unter anderem in die Welt sogenannter Mietfreundschaften, zu den Modellrennbahnen eines Slotcar-Clubs und in ein Dart-Vereinsheim.<\/p>\n<p class=\"text-18 leading-17 user-text-lg:text-22 user-text-xl:text-24\">Das ZDF best\u00e4tigt derzeit 20 neue Folgen, die in Stuttgart und Umgebung entstehen. Ausgestrahlt werden sollen sie ab Herbst 2026.<\/p>\n","protected":false},"excerpt":{"rendered":"Neue Staffel ZDF macht diese bekannten Stuttgart-Orte zu TV-Tatorten Aktualisiert am 03.09.2026 &#8211; 06:15 UhrLesedauer: 1 Min. Das&hellip;\n","protected":false},"author":2,"featured_media":1277296,"comment_status":"","ping_status":"","sticky":false,"template":"","format":"standard","meta":{"footnotes":"","_share_on_mastodon":"0"},"categories":[1830],"tags":[722,1634,3364,29,25602,30,263546,76527,106333,1441,263545,1448],"class_list":["post-1277295","post","type-post","status-publish","format-standard","has-post-thumbnail","category-stuttgart","tag-722","tag-baden-wuerttemberg","tag-de","tag-deutschland","tag-ermittlerteam","tag-germany","tag-krimischauplatz","tag-planetarium","tag-soko-stuttgart","tag-stuttgart","tag-stuttgart-orte","tag-zdf"],"share_on_mastodon":{"url":"https:\/\/pubeurope.com\/@de\/117205190404015915","error":""},"_links":{"self":[{"href":"https:\/\/www.europesays.com\/de\/wp-json\/wp\/v2\/posts\/1277295","targetHints":{"allow":["GET"]}}],"collection":[{"href":"https:\/\/www.europesays.com\/de\/wp-json\/wp\/v2\/posts"}],"about":[{"href":"https:\/\/www.europesays.com\/de\/wp-json\/wp\/v2\/types\/post"}],"author":[{"embeddable":true,"href":"https:\/\/www.europesays.com\/de\/wp-json\/wp\/v2\/users\/2"}],"replies":[{"embeddable":true,"href":"https:\/\/www.europesays.com\/de\/wp-json\/wp\/v2\/comments?post=1277295"}],"version-history":[{"count":0,"href":"https:\/\/www.europesays.com\/de\/wp-json\/wp\/v2\/posts\/1277295\/revisions"}],"wp:featuredmedia":[{"embeddable":true,"href":"https:\/\/www.europesays.com\/de\/wp-json\/wp\/v2\/media\/1277296"}],"wp:attachment":[{"href":"https:\/\/www.europesays.com\/de\/wp-json\/wp\/v2\/media?parent=1277295"}],"wp:term":[{"taxonomy":"category","embeddable":true,"href":"https:\/\/www.europesays.com\/de\/wp-json\/wp\/v2\/categories?post=1277295"},{"taxonomy":"post_tag","embeddable":true,"href":"https:\/\/www.europesays.com\/de\/wp-json\/wp\/v2\/tags?post=1277295"}],"curies":[{"name":"wp","href":"https:\/\/api.w.org\/{rel}","templated":true}]}}