{"id":1277303,"date":"2026-09-03T04:24:21","date_gmt":"2026-09-03T04:24:21","guid":{"rendered":"https:\/\/www.europesays.com\/de\/1277303\/"},"modified":"2026-09-03T04:24:21","modified_gmt":"2026-09-03T04:24:21","slug":"oktoberfest-muenchen-uebernachtungspreise-explodieren-airbnb-hotels-matratzen-notloesungen","status":"publish","type":"post","link":"https:\/\/www.europesays.com\/de\/1277303\/","title":{"rendered":"Oktoberfest M\u00fcnchen: \u00dcbernachtungspreise explodieren \u2013 Airbnb, Hotels, Matratzen-Notl\u00f6sungen"},"content":{"rendered":"<p>Solch einen Preissprung sieht man recht selten auf den einschl\u00e4gigen Angebotsportalen. <a href=\"https:\/\/www.abendzeitung-muenchen.de\/muenchen\/oktoberfest\/\" rel=\"nofollow noopener\" target=\"_blank\">Wiesn<\/a> oder nicht Wiesn. Das ist hier die Frage. Und die Inflation mag auch eine Rolle spielen. Wer zum Oktoberfest nach M\u00fcnchen kommt und rund um die Theresienwiese eine Bleibe sucht, der d\u00fcrfte ziemlich erstaunt auf den Monitor starren, welche Zahlen da herumtanzen.<\/p>\n<p>Um den Unterschied zu verdeutlichen: Sucht man bei dem beliebt-ber\u00fcchtigten Portal Airbnb am Wochenende vor Wiesnstart eine \u00dcbernachtung vom 12. auf den 13. September (Samstag auf Sonntag), beginnen die Untermiet- und \u00dcbernachtungskosten rund um den Bavariaring bei 80 Euro pro Person. Aber das alles bleibt noch im niedrigen dreistelligen Bereich. Bei maximal 218 Euro in der Landwehrstra\u00dfe \u00e4rgert man sich bestimmt auch. Aber zur Not leisten sich das Touristen schon.<\/p>\n<p>     <img decoding=\"async\" loading=\"lazy\" src=\"https:\/\/www.europesays.com\/de\/wp-content\/uploads\/2026\/09\/1736791_airbnb-ausreier_artikelbild-75proz_1GC5el_PD1VUC.jpg\" alt=\"Mit das Teuerste zur Untermiete beim Oktoberfest: ein Apartment an der Goethestra\u00dfe Ecke Pettenkoferstra\u00dfe f\u00fcr 3564 Euro je Nacht.\" title=\"Mit das Teuerste zur Untermiete beim Oktoberfest: ein Apartment an der Goethestra\u00dfe Ecke Pettenkoferstra\u00dfe f\u00fcr 3564 Euro je Nacht.\" width=\"609\" height=\"384\"\/><\/p>\n<p>      Mit das Teuerste zur Untermiete beim Oktoberfest: ein Apartment an der Goethestra\u00dfe Ecke Pettenkoferstra\u00dfe f\u00fcr 3564 Euro je Nacht.<br \/>\n      \u00a9 Airbnb<\/p>\n<p>    Mit das Teuerste zur Untermiete beim Oktoberfest: ein Apartment an der Goethestra\u00dfe Ecke Pettenkoferstra\u00dfe f\u00fcr 3564 Euro je Nacht.<\/p>\n<p>von Airbnb <\/p>\n<p>&#8222;}&#8220;&gt; <\/p>\n<p>Ab dem ersten Wiesn-Wochenende steigt langsam der Puls<\/p>\n<p>Doch wer aktuell ab dem ersten Wiesn-Wochenende (19. bis 20. September) suchen sollte, k\u00f6nnte vor allem bei einer Vorerkrankung Blutdruckschwankungen bekommen. Da geht der Puls bei 300 Euro pro Person und Nacht sanft in die H\u00f6he. Immerhin, direkt an der Theresienwiese, ein Schlafzimmer plus Queensize-Doppelbett, hei\u00dft es da, nordwestlich des Bavariarings, nahe dem Forum Schwanthalerh\u00f6he.<\/p>\n<p>Doch da geht noch a bisserl was. Am ersten Wiesn-Wochenende ruft ein Anbieter an der Bavariastra\u00dfe Ecke Poccistra\u00dfe 1270 Euro je Nacht auf. Doch immerhin bekommt man daf\u00fcr: drei Schlafzimmer, f\u00fcnf Betten und 1,5 B\u00e4der. Dagegen wirkt die 3,5-Zimmer-Wohnung mit einem Bett und 1,5 B\u00e4dern an der Kapuzinerstra\u00dfe f\u00fcr 300 Euro je Nacht fast wie ein Schn\u00e4ppchen.<\/p>\n<p>Mitunter das Teuerste, was man sich zur Wiesn an Untermiete leisten kann: 3564 Euro je Nacht<\/p>\n<p>Springen wir zum zweiten Wiesn-Wochenende (26. auf 27. September) und suchen erneut direkt rund um die Wiesn. In Gehweite, wird es nicht g\u00fcnstiger. Da wird am Eck zwischen Gollierstra\u00dfe und Theresienh\u00f6he 768 Euro je Nacht verlangt: ein Schlafzimmer, zwei Betten, ein Badezimmer.<\/p>\n<p>     <img decoding=\"async\" loading=\"lazy\" src=\"https:\/\/www.europesays.com\/de\/wp-content\/uploads\/2026\/09\/1736792_zweitteuerstes_artikelbild-75proz_1GC5fi_tNLnBN.jpg\" alt=\"Suchergebnis vom 30. September auf 1. Oktober: Auch unter der Woche sind mehr als 1000 Euro je Nacht m\u00f6glich.\" title=\"Suchergebnis vom 30. September auf 1. Oktober: Auch unter der Woche sind mehr als 1000 Euro je Nacht m\u00f6glich.\" width=\"609\" height=\"499\"\/><\/p>\n<p>      Suchergebnis vom 30. September auf 1. Oktober: Auch unter der Woche sind mehr als 1000 Euro je Nacht m\u00f6glich.<br \/>\n      \u00a9 Screenshot: Airbnb<\/p>\n<p>    Suchergebnis vom 30. September auf 1. Oktober: Auch unter der Woche sind mehr als 1000 Euro je Nacht m\u00f6glich.<\/p>\n<p>von Screenshot: Airbnb <\/p>\n<p>&#8222;}&#8220;&gt; <\/p>\n<p>Immerhin bleibt der Anbieter aus der Kapuzinerstra\u00dfe auf dem gleichen Niveau und verlangt weiter 300 Euro je Nacht. Etwas mehr Luxus? Dann w\u00e4re vielleicht die 220-Quadratmeter-Wohnung etwas f\u00fcr Sie, in der Ludwigsvorstadt, Pettenkoferstra\u00dfe Ecke Goethestra\u00dfe. Drei Schlafzimmer, drei Betten, zwei B\u00e4der. Und dazwischen offenbar ein Wohnzimmer so gro\u00df wie ein Ballsaal: schlappe 3564 Euro f\u00fcr die Nacht.<\/p>\n<p>Wie ist die Lage unter der Woche? Ein Blick auf die Nacht vom 30. September auf den 1. Oktober, Mittwoch auf Donnerstag. Immerhin. Die meisten Angebote sind noch im dreistelligen Bereich.<\/p>\n<p>Unter der Woche spart man sich bei einer Luxus-\u00dcbernachtung 46 Ma\u00df<\/p>\n<p>Auch auf dem Airbnb-Markt w\u00e4hrend der Wiesn scheint die Faustregel zu gelten, dass unter der Woche die Preise einen Tick g\u00fcnstiger sind als am Wochenende. Ausrei\u00dfer ist hier wieder die Wohnung an der Pettenkoferstra\u00dfe: Jetzt &#8222;nur&#8220; noch f\u00fcr 2889 Euro. Also fast 700 Euro oder 46 Ma\u00df gespart!<\/p>\n<p>Da wirkt es schon fast fair, wenn \u00fcber das Portal Kleinanzeigen \u00fcber den gesamten Zeitraum des Oktoberfests in Moosach (Dachauer Stra\u00dfe) ein Apartment f\u00fcr nur 240 Euro je Nacht angeboten wird.<\/p>\n<p>Bei den Preisen behelfen sich nat\u00fcrlich viele mit Notwehr-Ma\u00dfnahmen. Eine davon: Matratzen-Burgen bauen in den vermieteten Luftschl\u00f6ssern, damit man sich gruppenweise diese Wiesn-\u00dcbernachtungen einfacher leisten kann. Wir rufen bei einem M\u00fcnchner Matratzen-Discounter an. Verkaufen sich g\u00fcnstige Matratzen w\u00e4hrend der Wiesn besser?<\/p>\n<p>Zum Wiesn-Start zieht der Matratzenverkauf an<\/p>\n<p>Der Mann \u00fcberlegt kurz und sagt: &#8222;Ja. Ich sch\u00e4tze, wir verkaufen zum Start der Wiesn etwa 20 bis 30 Prozent mehr von unseren g\u00fcnstigsten Matratzen.&#8220; Manche Kunden sagen laut dem Verk\u00e4ufer ausdr\u00fccklich, dass sie wegen der Wiesn etwas kaufen wollen, weil sie etwa G\u00e4ste erwarten, die sie unterbringen m\u00f6chten.<\/p>\n<p>Die Modelle starten bei 69,90 Euro, zehn Zentimeter hoher Schaumstoff. Man kann in etwa erahnen, wie lange so etwas h\u00e4lt. Aber es werde nicht immer die g\u00fcnstigste verkauft, sagt der Fachmann. &#8222;Manche leisten sich dann die Modelle bis zu 300 Euro, weil sie die Matratzen auch nach der Wiesn verwenden wollen.<\/p>\n<p>Und was, wenn jemand die Matratze nach dem Fest einfach zur\u00fcckgeben m\u00f6chte? &#8222;Wer im Laden kauft und dann die Matratze zur\u00fcckgibt, kann nur eine Gutschrift f\u00fcr den n\u00e4chsten Kauf bekommen&#8220;, sagt er.<\/p>\n","protected":false},"excerpt":{"rendered":"Solch einen Preissprung sieht man recht selten auf den einschl\u00e4gigen Angebotsportalen. Wiesn oder nicht Wiesn. Das ist hier&hellip;\n","protected":false},"author":2,"featured_media":1277304,"comment_status":"","ping_status":"","sticky":false,"template":"","format":"standard","meta":{"footnotes":"","_share_on_mastodon":"0"},"categories":[1827],"tags":[29065,772,2326,8655,29,30,1092,11018,23112,250023,1268,6927,8,843,6928],"class_list":["post-1277303","post","type-post","status-publish","format-standard","has-post-thumbnail","category-muenchen","tag-airbnb","tag-bayern","tag-bier","tag-bierzelt","tag-deutschland","tag-germany","tag-hotels","tag-lager","tag-mass","tag-matratzen","tag-muenchen","tag-oktoberfest","tag-top-meldungen","tag-verkauf","tag-wiesn"],"share_on_mastodon":{"url":"https:\/\/pubeurope.com\/@de\/117205212119319723","error":""},"_links":{"self":[{"href":"https:\/\/www.europesays.com\/de\/wp-json\/wp\/v2\/posts\/1277303","targetHints":{"allow":["GET"]}}],"collection":[{"href":"https:\/\/www.europesays.com\/de\/wp-json\/wp\/v2\/posts"}],"about":[{"href":"https:\/\/www.europesays.com\/de\/wp-json\/wp\/v2\/types\/post"}],"author":[{"embeddable":true,"href":"https:\/\/www.europesays.com\/de\/wp-json\/wp\/v2\/users\/2"}],"replies":[{"embeddable":true,"href":"https:\/\/www.europesays.com\/de\/wp-json\/wp\/v2\/comments?post=1277303"}],"version-history":[{"count":0,"href":"https:\/\/www.europesays.com\/de\/wp-json\/wp\/v2\/posts\/1277303\/revisions"}],"wp:featuredmedia":[{"embeddable":true,"href":"https:\/\/www.europesays.com\/de\/wp-json\/wp\/v2\/media\/1277304"}],"wp:attachment":[{"href":"https:\/\/www.europesays.com\/de\/wp-json\/wp\/v2\/media?parent=1277303"}],"wp:term":[{"taxonomy":"category","embeddable":true,"href":"https:\/\/www.europesays.com\/de\/wp-json\/wp\/v2\/categories?post=1277303"},{"taxonomy":"post_tag","embeddable":true,"href":"https:\/\/www.europesays.com\/de\/wp-json\/wp\/v2\/tags?post=1277303"}],"curies":[{"name":"wp","href":"https:\/\/api.w.org\/{rel}","templated":true}]}}