{"id":1277305,"date":"2026-09-03T04:25:19","date_gmt":"2026-09-03T04:25:19","guid":{"rendered":"https:\/\/www.europesays.com\/de\/1277305\/"},"modified":"2026-09-03T04:25:19","modified_gmt":"2026-09-03T04:25:19","slug":"fc-bayern-muenchen-hat-mit-sacha-boey-immer-noch-einen-transferkandidaten","status":"publish","type":"post","link":"https:\/\/www.europesays.com\/de\/1277305\/","title":{"rendered":"FC Bayern M\u00fcnchen hat mit Sacha Boey immer noch einen Transferkandidaten"},"content":{"rendered":"<p>Der Abwehrspieler ist beim FC Bayern M\u00fcnchen ein Transferkandidat &#8211; und ein Wechsel ist f\u00fcr ihn immer noch m\u00f6glich. News und Ger\u00fcchte zum FCB.<\/p>\n<p><b><strong>Mehr News, Features und Ger\u00fcchte zum FC Bayern M\u00fcnchen:<\/strong><\/b>FC Bayern, Ger\u00fccht: FCB hat mit Sacha Boey immer noch einen Transferkandidaten<\/p>\n<p>Auch nach der Schlie\u00dfung des Transferfensters in Europas Top-f\u00fcnf-Ligen k\u00f6nnte der FC Bayern M\u00fcnchen noch einen Spieler abgeben. Das berichtet <a href=\"https:\/\/sport.sky.de\/transfer\/news\/34132\/13580293\/fc-bayern-sacha-boey-weiter-wechselkandidat-trotz-transferende\" rel=\"nofollow noopener\" target=\"_blank\" data-affiliate-type=\"NONE\">Sky<\/a>. Demnach sei Au\u00dfenverteidiger Sacha Boey weiterhin ein Kandidat f\u00fcr einen Abschied. Die M\u00fcnchner wollten den Franzosen gerne in diesem Sommer loswerden, doch bislang konnten sie dieses Vorhaben nicht umsetzen. <\/p>\n<p>Boey kann immer noch in einem Land unterkommen, in dem das Transferfenster sp\u00e4ter schlie\u00dft: So sind Schottland, \u00d6sterreich und Belgien (3. September), T\u00fcrkei (4. September), Portugal (5. September), Saudi-Arabien (6. September) und die Schweiz (8. September) noch Optionen f\u00fcr den Franzosen. <\/p>\n<p>Zu Beginn der Sommervorbereitung hatten die Bayern-Verantwortlichen drei Spielern verdeutlicht, dass sie unter Trainer Vincent Kompany keine Rolle in der neuen Saison spielen werden: Von diesem Trio gab der FCB nun Joao Palhina (f\u00fcr 14 Millionen Euro zu Benfica) und Bryan Zaragoza (zu Espanyol ausgeliehen) ab, nur f\u00fcr Boey <a href=\"https:\/\/www.spox.com\/fussball\/news\/ungewoehnliche-massnahme-von-kompany-fc-bayern-greift-bei-sacha-boey-durch-transfer-von-hiroki-ito-vom-tisch\/blt95fb04e2f4f0359d\" rel=\"nofollow noopener\" data-affiliate-type=\"NONE\" target=\"_blank\">wurde es bislang nichts mit einem fixen Transfers oder einer Leihe<\/a>. <\/p>\n<p><img class=\"fco-image__image\" alt=\"Sacha Boey\"   loading=\"lazy\" decoding=\"async\" fetchpriority=\"auto\" width=\"1600\" height=\"900\" src=\"https:\/\/www.europesays.com\/de\/wp-content\/uploads\/2026\/09\/1788409518_597_2.jpg\" style=\"aspect-ratio:1600 \/ 900;width:100%;height:100%\"\/>Getty<\/p>\n<p>Genau wie bei Palhinha werden die M\u00fcnchner mit Boey einen riesigen Verlust machen, denn sie holten den 25-J\u00e4hrigen im Januar 2024 noch f\u00fcr 30 Millionen Euro. Mittlerweile betr\u00e4gt sein Marktwert nur noch zehn Millionen Euro.<\/p>\n<p>FC Bayern, Ger\u00fccht: Vertragsverl\u00e4ngerung von Christoph Freund steht bevor<\/p>\n<p>Christoph Freund, Sportdirektor des FC Bayern M\u00fcnchen, wird angeblich in den n\u00e4chsten Tagen seinen Vertrag beim deutschen Rekordmeister verl\u00e4ngern. Das berichtet die Bild-Zeitung. Demnach f\u00fchre das loyale Verhalten des \u00d6sterreichers und sein gutes Verh\u00e4ltnis zu Cheftrainer Vincent Kompany zu diesem Schritt.<\/p>\n<p><img class=\"fco-image__image\" alt=\"CHRISTOPH FREUND BAYERN M\u00dcNCHEN \"   loading=\"lazy\" decoding=\"async\" fetchpriority=\"auto\" width=\"1920\" height=\"1080\" src=\"https:\/\/www.europesays.com\/de\/wp-content\/uploads\/2026\/09\/GettyImages-2270946979.jpg\" style=\"aspect-ratio:1920 \/ 1080;width:100%;height:100%\"\/>Getty Images<\/p>\n<p>Vor einigen Tagen waren bereits die Vertr\u00e4ge des Bayern-Vorstandsvorsitzenden Jan-Christian Dreesen und Sportvorstand Max Eberl verl\u00e4ngert worden. Nun soll dieser Schritt auch bei Freund erfolgen, der seit drei Jahren f\u00fcr die M\u00fcnchner t\u00e4tig ist. Zuvor war er in selber Funktion beim FC Red Bull Salzburg angestellt. <\/p>\n<p>FC Bayern, Ger\u00fccht: Trainer Vincent Kompany stellt &#8222;48-Stunden-Regel&#8220; f\u00fcr seine Spieler auf<\/p>\n<p>Bayern M\u00fcnchens Trainer Vincent Kompany hat angeblich eine besondere Regel f\u00fcr seine Spieler aufgestellt. Das berichtet die Sport Bild. Demnach d\u00fcrfen die FCB-Profis in den 48 Stunden vor einem Pflichtspiel M\u00fcnchen nicht verlassen. <\/p>\n<p><img class=\"fco-image__image\" alt=\"Kompany\"   loading=\"lazy\" decoding=\"async\" fetchpriority=\"auto\" width=\"1600\" height=\"800\" src=\"https:\/\/www.europesays.com\/de\/wp-content\/uploads\/2026\/09\/1788409519_232_1600.jpg\" style=\"aspect-ratio:1600 \/ 800;width:100%;height:100%\"\/>Getty Images<\/p>\n<p>An trainingsfreien Tagen hatten einige Bayern-Profis in der Vergangenheit Reisen ins Ausland gemacht &#8211; nun aber legt Kompany dem Bericht zufolge besonderen Wert darauf, dass sich seine Spieler auf die jeweils anstehende Aufgabe konzentrieren. <\/p>\n<p>FC Bayern M\u00fcnchen, Spielplan: Die n\u00e4chsten Spiele des FCB<\/p>\n<tr>\n<td>\n<p><b><strong>Datum<\/strong><\/b><\/p>\n<\/td>\n<td>\n<p><b><strong>Wettbewerb<\/strong><\/b><\/p>\n<\/td>\n<td>\n<p><b><strong>Spiel<\/strong><\/b><\/p>\n<\/td>\n<\/tr>\n<tr>\n<td>\n<p>Samstag, 5. September (18.30 Uhr)<\/p>\n<\/td>\n<td>\n<p>Bundesliga<\/p>\n<\/td>\n<td>\n<p>FC Schalke vs. FC Bayern<\/p>\n<\/td>\n<\/tr>\n<tr>\n<td>\n<p>Donnerstag, 10. September (21 Uhr)<\/p>\n<\/td>\n<td>\n<p>Champions League<\/p>\n<\/td>\n<td>\n<p>FC Bayern vs. Bod\u00f6\/Glimt<\/p>\n<\/td>\n<\/tr>\n<tr>\n<td>\n<p>Sonntag, 13. September (17.30 Uhr)<\/p>\n<\/td>\n<td>\n<p>Bundesliga <\/p>\n<\/td>\n<td>\n<p>Elversberg &#8211; FC Bayern <\/p>\n<\/td>\n<\/tr>\n","protected":false},"excerpt":{"rendered":"Der Abwehrspieler ist beim FC Bayern M\u00fcnchen ein Transferkandidat &#8211; und ein Wechsel ist f\u00fcr ihn immer noch&hellip;\n","protected":false},"author":2,"featured_media":1277306,"comment_status":"","ping_status":"","sticky":false,"template":"","format":"standard","meta":{"footnotes":"","_share_on_mastodon":"0"},"categories":[1827],"tags":[772,923,58212,299,29,347,30,1268,4604],"class_list":["post-1277305","post","type-post","status-publish","format-standard","has-post-thumbnail","category-muenchen","tag-bayern","tag-bayern-muenchen","tag-bayern-munich","tag-bundesliga","tag-deutschland","tag-fussball","tag-germany","tag-muenchen","tag-soccer"],"share_on_mastodon":{"url":"https:\/\/pubeurope.com\/@de\/117205213598161325","error":""},"_links":{"self":[{"href":"https:\/\/www.europesays.com\/de\/wp-json\/wp\/v2\/posts\/1277305","targetHints":{"allow":["GET"]}}],"collection":[{"href":"https:\/\/www.europesays.com\/de\/wp-json\/wp\/v2\/posts"}],"about":[{"href":"https:\/\/www.europesays.com\/de\/wp-json\/wp\/v2\/types\/post"}],"author":[{"embeddable":true,"href":"https:\/\/www.europesays.com\/de\/wp-json\/wp\/v2\/users\/2"}],"replies":[{"embeddable":true,"href":"https:\/\/www.europesays.com\/de\/wp-json\/wp\/v2\/comments?post=1277305"}],"version-history":[{"count":0,"href":"https:\/\/www.europesays.com\/de\/wp-json\/wp\/v2\/posts\/1277305\/revisions"}],"wp:featuredmedia":[{"embeddable":true,"href":"https:\/\/www.europesays.com\/de\/wp-json\/wp\/v2\/media\/1277306"}],"wp:attachment":[{"href":"https:\/\/www.europesays.com\/de\/wp-json\/wp\/v2\/media?parent=1277305"}],"wp:term":[{"taxonomy":"category","embeddable":true,"href":"https:\/\/www.europesays.com\/de\/wp-json\/wp\/v2\/categories?post=1277305"},{"taxonomy":"post_tag","embeddable":true,"href":"https:\/\/www.europesays.com\/de\/wp-json\/wp\/v2\/tags?post=1277305"}],"curies":[{"name":"wp","href":"https:\/\/api.w.org\/{rel}","templated":true}]}}