{"id":1277309,"date":"2026-09-03T04:27:22","date_gmt":"2026-09-03T04:27:22","guid":{"rendered":"https:\/\/www.europesays.com\/de\/1277309\/"},"modified":"2026-09-03T04:27:22","modified_gmt":"2026-09-03T04:27:22","slug":"buero-leerstand-in-hamburg-buergerschaft-lehnt-strafregister-ab","status":"publish","type":"post","link":"https:\/\/www.europesays.com\/de\/1277309\/","title":{"rendered":"B\u00fcro-Leerstand in Hamburg: B\u00fcrgerschaft lehnt Strafregister ab"},"content":{"rendered":"<p>        <img decoding=\"async\" src=\"https:\/\/www.europesays.com\/de\/wp-content\/uploads\/2026\/09\/buergerschaft-190.webp\" alt=\"Eine Sitzung der Hsmburgischen B\u00fcrgerschaft.\" title=\"Eine Sitzung der Hsmburgischen B\u00fcrgerschaft. | Screenshot\" class=\"responsive\"\/><\/p>\n<p>AUDIO: B\u00fcro-Leerstand besch\u00e4ftigt B\u00fcrgerschaft (1 Min)<\/p>\n<p>\n                Stand: 03.09.2026 06:19 Uhr<\/p>\n<p class=\"preface\">Hamburgs Linke fordert eine Meldepflicht f\u00fcr leerstehende Gewerbe-Immobilien. Die \u00f6ffentliche Verwaltung sollte daf\u00fcr umfangreiche Daten abfragen, ein Melderegister aufbauen &#8211; und gegebenenfalls Strafsteuern erheben. Die B\u00fcrgerschaft lehnte den Antrag am Mittwoch geschlossen ab.<\/p>\n<p class=\"\">Sieben Prozent der B\u00fcros in Hamburg stehen leer. Laut Marco Hosemann von den Linken m\u00fcsste man sie nach einem halben Jahr Leerstand zu Wohnungen umbauen. Dazu solle es ein Register geben. Und nicht nur das: &#8222;Neben einem Leerstandskataster fordern wir f\u00fcr Gewerbefl\u00e4chen eine Leerstands-Steuer, um einen Anreiz zu schaffen, diese wieder einer Nutzung zuzuf\u00fchren&#8220;, sagte Hosemann. 30 Millionen Euro k\u00f6nne Hamburg so einnehmen.<\/p>\n<p>Das Kataster sollte laut Antrag mindestens folgende Angaben enthalten:<\/p>\n<ul>\n<li>Adresse, Stadtteil, Bezirk<\/li>\n<li>Bruttogeschossfl\u00e4che und vermietbare Fl\u00e4che<\/li>\n<li>Geb\u00e4udetyp, Baujahr sowie Angaben zu Sanierungs- und Modernisierungsma\u00dfnahmen und zum aktuellen Nutzungszustand<\/li>\n<li>Datum, seit dem die Fl\u00e4che leer steht<\/li>\n<li>Angaben zu technischer Ausstattung, Erschlie\u00dfung, Belichtung und Grundrissstruktur<\/li>\n<li>Fachliche Einsch\u00e4tzung der zust\u00e4ndigen Beh\u00f6rde zur Eignung f\u00fcr eine Umwandlung in Wohnraum<\/li>\n<\/ul>\n<p>    SPD: Umbau zu Wohnungen funktioniert nicht so einfach<\/p>\n<p class=\"\">Laut Hansj\u00f6rg Schmidt (SPD) funktioniert das aber nicht. &#8222;Ein Gesetz kann keine Grundrisse ver\u00e4ndern. Aus einem leerstehenden B\u00fcrogeb\u00e4ude bekommt man kaum Tageslicht ins Zentrum. Vor allem: Sie haben keine Versorgungssch\u00e4chte f\u00fcr 50 zus\u00e4tzliche Badezimmer und K\u00fcchen.&#8220;<\/p>\n<p>    CDU warnt vor &#8222;B\u00fcrokratiemonster&#8220;<\/p>\n<p class=\"\">Anke Frieling von der CDU warnt vor dem Verwaltungsaufwand: &#8222;Sie schaffen ein weiteres B\u00fcrokratiemonster und nicht eine einzige umgenutzte B\u00fcro-Immobilie.&#8220; Die AfD h\u00e4lt den Linken-Antrag f\u00fcr Populismus.<\/p>\n<p class=\"\">Einzig die Gr\u00fcnen meinen, zumindest \u00fcber eine Meldepflicht f\u00fcr leere B\u00fcros k\u00f6nne man sprechen.<\/p>\n<p>\n            <strong>Video:<\/strong><br \/>\n            Einsparungen im Haushalt: Dressel verteidigt Entwurf (3 Min)\n        <\/p>\n<p>        <img decoding=\"async\" src=\"https:\/\/www.europesays.com\/de\/wp-content\/uploads\/2026\/09\/buero352.webp\" alt=\"Ein leerer Flur in einem B\u00fcrogeb\u00e4ude.\" title=\"Ein leerer Flur in einem B\u00fcrogeb\u00e4ude. | imago images \/ Funke Foto Services\" class=\"responsive\" loading=\"lazy\"\/><\/p>\n<p>In Hamburg stehen immer mehr B\u00fcros leer. Gr\u00fcnde sind die schlechte Konjunktur und das Homeoffice. Versch\u00e4rft wird die Situation durch neue Bauprojekte.<\/p>\n<p>        <img decoding=\"async\" src=\"https:\/\/www.europesays.com\/de\/wp-content\/uploads\/2026\/04\/buero-146.webp\" alt=\"Ein leerstehender B\u00fcroraum.\" title=\"Ein leerstehender B\u00fcroraum. | picture alliance \/ SZ Photo | Florian Peljak\" class=\"responsive\" loading=\"lazy\"\/><\/p>\n<p>Zuletzt standen in Hamburg rund sechs Prozent der B\u00fcrofl\u00e4chen leer. SPD und Gr\u00fcne suchen Wege, dort mehr Wohnungen unterzubringen. <\/p>\n<p>        <img decoding=\"async\" src=\"https:\/\/www.europesays.com\/de\/wp-content\/uploads\/2026\/09\/kibek106.webp\" alt=\"Aufnahme des Kibek-Quartiers in Elmshorn\" title=\"Aufnahme des Kibek-Quartiers in Elmshorn | Semmelhaack Wohnungsunternehmen, Ralf G\u00f6tzenberger\" class=\"responsive\" loading=\"lazy\"\/><\/p>\n<p>Die Umwandlung von leer stehende Gewerbefl\u00e4chen, B\u00fcro- oder Verwaltungsgeb\u00e4uden k\u00f6nnte auch im Norden die Wohnungsnot lindern.<\/p>\n","protected":false},"excerpt":{"rendered":"AUDIO: B\u00fcro-Leerstand besch\u00e4ftigt B\u00fcrgerschaft (1 Min) Stand: 03.09.2026 06:19 Uhr Hamburgs Linke fordert eine Meldepflicht f\u00fcr leerstehende Gewerbe-Immobilien.&hellip;\n","protected":false},"author":2,"featured_media":1277310,"comment_status":"","ping_status":"","sticky":false,"template":"","format":"standard","meta":{"footnotes":"","_share_on_mastodon":"0"},"categories":[1826],"tags":[32246,26768,66014,29,30,692,8677,5337,5728],"class_list":["post-1277309","post","type-post","status-publish","format-standard","has-post-thumbnail","category-hamburg","tag-wohnraum","tag-bueroflaechen","tag-bueroraeume","tag-deutschland","tag-germany","tag-hamburg","tag-leerstand","tag-wohnungen","tag-wohnungsmarkt"],"share_on_mastodon":{"url":"https:\/\/pubeurope.com\/@de\/117205224593601679","error":""},"_links":{"self":[{"href":"https:\/\/www.europesays.com\/de\/wp-json\/wp\/v2\/posts\/1277309","targetHints":{"allow":["GET"]}}],"collection":[{"href":"https:\/\/www.europesays.com\/de\/wp-json\/wp\/v2\/posts"}],"about":[{"href":"https:\/\/www.europesays.com\/de\/wp-json\/wp\/v2\/types\/post"}],"author":[{"embeddable":true,"href":"https:\/\/www.europesays.com\/de\/wp-json\/wp\/v2\/users\/2"}],"replies":[{"embeddable":true,"href":"https:\/\/www.europesays.com\/de\/wp-json\/wp\/v2\/comments?post=1277309"}],"version-history":[{"count":0,"href":"https:\/\/www.europesays.com\/de\/wp-json\/wp\/v2\/posts\/1277309\/revisions"}],"wp:featuredmedia":[{"embeddable":true,"href":"https:\/\/www.europesays.com\/de\/wp-json\/wp\/v2\/media\/1277310"}],"wp:attachment":[{"href":"https:\/\/www.europesays.com\/de\/wp-json\/wp\/v2\/media?parent=1277309"}],"wp:term":[{"taxonomy":"category","embeddable":true,"href":"https:\/\/www.europesays.com\/de\/wp-json\/wp\/v2\/categories?post=1277309"},{"taxonomy":"post_tag","embeddable":true,"href":"https:\/\/www.europesays.com\/de\/wp-json\/wp\/v2\/tags?post=1277309"}],"curies":[{"name":"wp","href":"https:\/\/api.w.org\/{rel}","templated":true}]}}