{"id":1277323,"date":"2026-09-03T04:35:31","date_gmt":"2026-09-03T04:35:31","guid":{"rendered":"https:\/\/www.europesays.com\/de\/1277323\/"},"modified":"2026-09-03T04:35:31","modified_gmt":"2026-09-03T04:35:31","slug":"ein-grosser-wunsch-geht-in-erfuellung-wickert-stellt-im-vonderau-museum-aus","status":"publish","type":"post","link":"https:\/\/www.europesays.com\/de\/1277323\/","title":{"rendered":"&#8222;Ein gro\u00dfer Wunsch geht in Erf\u00fcllung&#8220;: Wickert stellt im Vonderau-Museum aus"},"content":{"rendered":"<p>                <a class=\"fancybox\" data-fancybox=\"galerie\" data-caption=\"Katja Wickert er\u00f6ffnet mit &quot;Alles Bleibt Anders&quot; ihre erste Ausstellung im Fuldaer Vonderau-Museum.   - Fotos: Marvin Myketin\" rel=\"on_group nofollow noopener\" title=\"Katja Wickert er\u00f6ffnet mit &quot;Alles Bleibt Anders&quot; ihre erste Ausstellung im Fuldaer Vonderau-Museum.   - Fotos: Marvin Myketin\" href=\"https:\/\/oshessen-news.b-cdn.net\/images\/26\/09\/xl\/11799140-260902marvinmyketin29.jpg\" target=\"_blank\"><img decoding=\"async\" class=\"img-responsive\" style=\"width: 728px; margin-top: 0; border:0;\" src=\"https:\/\/www.europesays.com\/de\/wp-content\/uploads\/2026\/09\/11799140-260902marvinmyketin29.jpg\" title=\"Katja Wickert er\u00f6ffnet mit &quot;Alles Bleibt Anders&quot; ihre erste Ausstellung im Fuldaer Vonderau-Museum. \" onerror=\"imgError(this);\"\/><\/p>\n<p>Katja Wickert er\u00f6ffnet mit &#8222;Alles Bleibt Anders&#8220; ihre erste Ausstellung im Fuldaer Vonderau-Museum.  &#8211; Fotos: Marvin Myketin<\/p>\n<p>\n                    <strong>FULDA<\/strong><br \/>\n                    Natur trifft Kunst\n                <\/p>\n<p>03.09.26 &#8211; <strong>Die in Fulda geborene K\u00fcnstlerin Katja Wickert hat am Mittwochabend im Vonderau-Museum ihre Ausstellung &#8222;Alles Bleibt Anders&#8220; er\u00f6ffnet. Die gezeigten Werke besch\u00e4ftigen sich mit den Kreisl\u00e4ufen des Lebens sowie dem Prinzip des &#8222;Panta rhei&#8220;: Alles ist im Fluss und unterliegt einem st\u00e4ndigen Wandel. Nach kurzen Gru\u00dfworten in der Museumskapelle nutzten zahlreiche Besucher die Gelegenheit, die Ausstellung zu erkunden.<\/strong><\/p>\n<p>Die 1964 in Fulda geborene K\u00fcnstlerin studierte von 2001 bis 2007 Kunst in Essen und war bereits mit zahlreichen Ausstellungen vertreten, unter anderem in Lauterbach. In ihren Arbeiten verarbeitet sie Naturmaterialien zu vielf\u00e4ltigen und abwechslungsreichen Kunstwerken.&#13;\n<\/p>\n<p><a class=\"fancybox\" data-fancybox=\"galerie\" data-caption=\"Dr. Frank Verse, Leiter des Fuldaer Vonderau-Museums, zeigt sich \u00fcber die Werke der Fuldaer K\u00fcnstlerin begeistert.  \" rel=\"on_group nofollow noopener\" title=\"Dr. Frank Verse, Leiter des Fuldaer Vonderau-Museums, zeigt sich \u00fcber die Werke der Fuldaer K\u00fcnstlerin begeistert.  \" href=\"https:\/\/oshessen-news.b-cdn.net\/images\/26\/09\/xl\/11799140-260902marvinmyketin18.jpg\" target=\"_blank\"><img decoding=\"async\" class=\"img220 imgh159 imgbdr\" src=\"https:\/\/www.europesays.com\/de\/wp-content\/uploads\/2026\/09\/11799140-260902marvinmyketin18.jpg\"\/><\/a><\/p>\n<p class=\"img-text\">Dr. Frank Verse, Leiter des Fuldaer Vonderau-Museums, zeigt sich \u00fcber die Werke der &#8230;<\/p>\n<p><a class=\"fancybox\" data-fancybox=\"galerie\" data-caption=\"\" rel=\"on_group nofollow noopener\" title=\"\" href=\"https:\/\/oshessen-news.b-cdn.net\/images\/26\/09\/xl\/11799140-260902marvinmyketin47.jpg\" target=\"_blank\"><img decoding=\"async\" class=\"img220 imgh159 imgbdr\" src=\"https:\/\/www.europesays.com\/de\/wp-content\/uploads\/2026\/09\/11799140-260902marvinmyketin47.jpg\"\/><\/a><a class=\"fancybox\" data-fancybox=\"galerie\" data-caption=\"\" rel=\"on_group nofollow noopener\" title=\"\" href=\"https:\/\/oshessen-news.b-cdn.net\/images\/26\/09\/xl\/11799140-260902marvinmyketin11.jpg\" target=\"_blank\"><img decoding=\"async\" class=\"img220 imgh159 imgbdr\" src=\"https:\/\/www.europesays.com\/de\/wp-content\/uploads\/2026\/09\/11799140-260902marvinmyketin11.jpg\"\/><\/a><a class=\"fancybox\" data-fancybox=\"galerie\" data-caption=\"\" rel=\"on_group nofollow noopener\" title=\"\" href=\"https:\/\/oshessen-news.b-cdn.net\/images\/26\/09\/xl\/11799140-260902marvinmyketin39.jpg\" target=\"_blank\"><img decoding=\"async\" class=\"img220 imgh159 imgbdr\" src=\"https:\/\/www.europesays.com\/de\/wp-content\/uploads\/2026\/09\/11799140-260902marvinmyketin39.jpg\"\/><\/a><a class=\"fancybox\" data-fancybox=\"galerie\" data-caption=\"Saxophon-Sextett &quot;Take Four and More&quot; der Musikschule Fulda sorgte f\u00fcr einen sch\u00f6nen musikalischen Rahmen. \" rel=\"on_group nofollow noopener\" title=\"Saxophon-Sextett &quot;Take Four and More&quot; der Musikschule Fulda sorgte f\u00fcr einen sch\u00f6nen musikalischen Rahmen. \" href=\"https:\/\/oshessen-news.b-cdn.net\/images\/26\/09\/xl\/11799140-260902marvinmyketin10.jpg\" target=\"_blank\"><img decoding=\"async\" class=\"img220 imgh159 imgbdr\" src=\"https:\/\/www.europesays.com\/de\/wp-content\/uploads\/2026\/09\/11799140-260902marvinmyketin10.jpg\"\/><\/a><\/p>\n<p class=\"img-text\">Saxophon-Sextett &#8222;Take Four and More&#8220; der Musikschule Fulda sorgte f\u00fcr einen sch\u00f6nen &#8230;<\/p>\n<p><a class=\"fancybox\" data-fancybox=\"galerie\" data-caption=\"\" rel=\"on_group nofollow noopener\" title=\"\" href=\"https:\/\/oshessen-news.b-cdn.net\/images\/26\/09\/xl\/11799140-260902marvinmyketin42.jpg\" target=\"_blank\"><img decoding=\"async\" class=\"img220 imgh159 imgbdr\" src=\"https:\/\/www.europesays.com\/de\/wp-content\/uploads\/2026\/09\/11799140-260902marvinmyketin42.jpg\"\/><\/a><\/p>\n<p>R\u00fcckkehr in die Heimat&#13;<br \/>\nF\u00fcr die K\u00fcnstlerin hat die Ausstellung in Fulda eine besondere Bedeutung. Obwohl sie seit Jahrzehnten nicht mehr in ihrer Geburtsstadt lebt, seien Fulda und die Rh\u00f6n stets ihre Heimat geblieben. &#8222;Es war immer ein gro\u00dfer Wunsch von mir, einmal hier im Vonderau-Museum auszustellen&#8220;, erkl\u00e4rt Wickert.<\/p>\n<p>Dabei gehe es ihr nicht nur um die Verbundenheit mit ihrer Heimatstadt, sondern auch um die Qualit\u00e4t der Ausstellungsr\u00e4ume. Besonders erfreut zeigt sie sich \u00fcber die gro\u00dfe Resonanz. Zahlreiche Besucher seien von weit her angereist, andere habe sie nach vielen Jahren erstmals wiedergetroffen. &#8222;Es ist ein sch\u00f6nes Gef\u00fchl, dass nach all den Jahren diese Verbindung noch da ist.&#8220;<br \/>&#13;\n<\/p>\n<p><a class=\"fancybox\" data-fancybox=\"galerie\" data-caption=\"\" rel=\"on_group nofollow noopener\" title=\"\" href=\"https:\/\/oshessen-news.b-cdn.net\/images\/26\/09\/xl\/11799140-260902marvinmyketin46.jpg\" target=\"_blank\"><img decoding=\"async\" class=\"img220 imgh159 imgbdr\" src=\"https:\/\/www.europesays.com\/de\/wp-content\/uploads\/2026\/09\/11799140-260902marvinmyketin46.jpg\"\/><\/a><a class=\"fancybox\" data-fancybox=\"galerie\" data-caption=\"Die Fuldaer K\u00fcnstlerin Katja Wickert. \" rel=\"on_group nofollow noopener\" title=\"Die Fuldaer K\u00fcnstlerin Katja Wickert. \" href=\"https:\/\/oshessen-news.b-cdn.net\/images\/26\/09\/xl\/11799140-260902marvinmyketin28.jpg\" target=\"_blank\"><img decoding=\"async\" class=\"img220 imgh159 imgbdr\" src=\"https:\/\/www.europesays.com\/de\/wp-content\/uploads\/2026\/09\/11799140-260902marvinmyketin28.jpg\"\/><\/a><\/p>\n<p class=\"img-text\">Die Fuldaer K\u00fcnstlerin Katja Wickert.  <\/p>\n<p><a class=\"fancybox\" data-fancybox=\"galerie\" data-caption=\"Sabine Klement, Kunstvermittlerin aus K\u00f6ln, zeigte sich beeindruckt von Wickerts Schaffen und berichtete \u00fcber die Entstehung zahlreicher Werke sowie deren Umgang mit Naturmaterialien.\" rel=\"on_group nofollow noopener\" title=\"Sabine Klement, Kunstvermittlerin aus K\u00f6ln, zeigte sich beeindruckt von Wickerts Schaffen und berichtete \u00fcber die Entstehung zahlreicher Werke sowie deren Umgang mit Naturmaterialien.\" href=\"https:\/\/oshessen-news.b-cdn.net\/images\/26\/09\/xl\/11799140-260902marvinmyketin26.jpg\" target=\"_blank\"><img decoding=\"async\" class=\"img220 imgh159 imgbdr\" src=\"https:\/\/www.europesays.com\/de\/wp-content\/uploads\/2026\/09\/11799140-260902marvinmyketin26.jpg\"\/><\/a><\/p>\n<p class=\"img-text\">Sabine Klement, Kunstvermittlerin aus K\u00f6ln, zeigte sich beeindruckt von Wickerts &#8230;<\/p>\n<p><a class=\"fancybox\" data-fancybox=\"galerie\" data-caption=\"\" rel=\"on_group nofollow noopener\" title=\"\" href=\"https:\/\/oshessen-news.b-cdn.net\/images\/26\/09\/xl\/11799140-260902marvinmyketin2.jpg\" target=\"_blank\"><img decoding=\"async\" class=\"img220 imgh159 imgbdr\" src=\"https:\/\/www.europesays.com\/de\/wp-content\/uploads\/2026\/09\/11799140-260902marvinmyketin2.jpg\"\/><\/a><a class=\"fancybox\" data-fancybox=\"galerie\" data-caption=\"\" rel=\"on_group nofollow noopener\" title=\"\" href=\"https:\/\/oshessen-news.b-cdn.net\/images\/26\/09\/xl\/11799140-260902marvinmyketin22.jpg\" target=\"_blank\"><img decoding=\"async\" class=\"img220 imgh159 imgbdr\" src=\"https:\/\/www.europesays.com\/de\/wp-content\/uploads\/2026\/09\/11799140-260902marvinmyketin22.jpg\"\/><\/a><a class=\"fancybox\" data-fancybox=\"galerie\" data-caption=\"\" rel=\"on_group nofollow noopener\" title=\"\" href=\"https:\/\/oshessen-news.b-cdn.net\/images\/26\/09\/xl\/11799140-260902marvinmyketin3.jpg\" target=\"_blank\"><img decoding=\"async\" class=\"img220 imgh159 imgbdr\" src=\"https:\/\/www.europesays.com\/de\/wp-content\/uploads\/2026\/09\/11799140-260902marvinmyketin3.jpg\"\/><\/a><\/p>\n<p>Enge Zusammenarbeit bei der Pr\u00e4sentation&#13;<br \/>\nBei der Gestaltung der Ausstellung brachte sich Wickert intensiv ein. Gemeinsam mit dem Werkstattteam des Museums wurden die Arbeiten optimal in Szene gesetzt und die Pr\u00e4sentation bis ins Detail abgestimmt. &#8222;Es war ein tolles Zusammenspiel zwischen dem Werkstattteam und der K\u00fcnstlerin&#8220;, sagt Museumsleiter Dr. Frank Verse.<\/p>\n<p>Die enge Zusammenarbeit spiegelt sich auch in der Ausstellungsgestaltung wider. F\u00fcr einzelne Werke wurden eigens neue Podeste angefertigt. &#8222;Das ist alles andere als selbstverst\u00e4ndlich&#8220;, betont Wickert und lobt die Unterst\u00fctzung des Museumsteams.<br \/>&#13;\n<\/p>\n<p>Faszination f\u00fcr Werk und Arbeitsweise&#13;<br \/>\nEinen Einblick in die k\u00fcnstlerische Arbeitsweise gab Sabine Klement, Kunstvermittlerin aus K\u00f6ln. Sie zeigte sich beeindruckt von Wickerts Schaffen und berichtete \u00fcber die Entstehung zahlreicher Werke sowie deren Umgang mit Naturmaterialien. &#8222;Ich bin sehr ber\u00fchrt und fasziniert von der K\u00fcnstlerin und ihrer Arbeitsweise&#8220;, sagte Klement. Den begleitenden Katalogtext verfasste sie ebenfalls. Auch Museumsleiter Verse \u00e4u\u00dferte sich begeistert \u00fcber die Ausstellung. Besonders ein Kunstwerk aus Fichtenzapfen hat ihn in seinen Bann gezogen. &#8222;Die Ausstellung bietet h\u00f6chst interessante und abwechslungsreiche Werke&#8220;, so der Museumsleiter.<\/p>\n<p><strong>Zur Organisation der Ausstellung trug unter anderem Museumsberater Jonathan Vieht bei. Zudem war Dr. Michael Imhof vom gleichnamigen Imhof-Verlag an dem Projekt beteiligt und begleitete die Ver\u00f6ffentlichung des Ausstellungskatalogs.<\/strong> (jk) +++<\/p>\n<p><\/p>\n","protected":false},"excerpt":{"rendered":"Katja Wickert er\u00f6ffnet mit &#8222;Alles Bleibt Anders&#8220; ihre erste Ausstellung im Fuldaer Vonderau-Museum. &#8211; Fotos: Marvin Myketin FULDA&hellip;\n","protected":false},"author":2,"featured_media":1277324,"comment_status":"","ping_status":"","sticky":false,"template":"","format":"standard","meta":{"footnotes":"","_share_on_mastodon":"0"},"categories":[1775],"tags":[6193,1793,6195,29,214,6197,6192,30,2052,1794,1381,14,6196,15,6194,215],"class_list":["post-1277323","post","type-post","status-publish","format-standard","has-post-thumbnail","category-kunst-und-design","tag-alsfeld","tag-art-and-design","tag-bad-hersfeld","tag-deutschland","tag-entertainment","tag-flieden","tag-fulda","tag-germany","tag-hessen","tag-kunst-und-design","tag-lauterbach","tag-nachrichten","tag-neuhof","tag-news","tag-osthessen","tag-unterhaltung"],"share_on_mastodon":{"url":"","error":""},"_links":{"self":[{"href":"https:\/\/www.europesays.com\/de\/wp-json\/wp\/v2\/posts\/1277323","targetHints":{"allow":["GET"]}}],"collection":[{"href":"https:\/\/www.europesays.com\/de\/wp-json\/wp\/v2\/posts"}],"about":[{"href":"https:\/\/www.europesays.com\/de\/wp-json\/wp\/v2\/types\/post"}],"author":[{"embeddable":true,"href":"https:\/\/www.europesays.com\/de\/wp-json\/wp\/v2\/users\/2"}],"replies":[{"embeddable":true,"href":"https:\/\/www.europesays.com\/de\/wp-json\/wp\/v2\/comments?post=1277323"}],"version-history":[{"count":0,"href":"https:\/\/www.europesays.com\/de\/wp-json\/wp\/v2\/posts\/1277323\/revisions"}],"wp:featuredmedia":[{"embeddable":true,"href":"https:\/\/www.europesays.com\/de\/wp-json\/wp\/v2\/media\/1277324"}],"wp:attachment":[{"href":"https:\/\/www.europesays.com\/de\/wp-json\/wp\/v2\/media?parent=1277323"}],"wp:term":[{"taxonomy":"category","embeddable":true,"href":"https:\/\/www.europesays.com\/de\/wp-json\/wp\/v2\/categories?post=1277323"},{"taxonomy":"post_tag","embeddable":true,"href":"https:\/\/www.europesays.com\/de\/wp-json\/wp\/v2\/tags?post=1277323"}],"curies":[{"name":"wp","href":"https:\/\/api.w.org\/{rel}","templated":true}]}}