{"id":1277328,"date":"2026-09-03T04:43:35","date_gmt":"2026-09-03T04:43:35","guid":{"rendered":"https:\/\/www.europesays.com\/de\/1277328\/"},"modified":"2026-09-03T04:43:35","modified_gmt":"2026-09-03T04:43:35","slug":"heute-neu-auf-blu-ray-disc-draculas-sohn-in-limitierten-mediabook-editionen-und-mehr","status":"publish","type":"post","link":"https:\/\/www.europesays.com\/de\/1277328\/","title":{"rendered":"Heute neu auf Blu-ray Disc: &#8222;Draculas Sohn&#8220; in limitierten Mediabook-Editionen und mehr"},"content":{"rendered":"\n<p>Werbung \u2013 Durch K\u00e4ufe bei unseren Partnern <a href=\"https:\/\/bluray-disc.de\/out.php?tid=c30407ce905d264e0d58c2f3e4e55ff3439c0652&amp;link=https%3A%2F%2Famazon.de&amp;cs=blu-ray-news\" target=\"_blank\" rel=\"nofollow noopener\">Amazon<\/a>, <a href=\"https:\/\/bluray-disc.de\/out.php?tid=c30407ce905d264e0d58c2f3e4e55ff3439c0652&amp;link=https%3A%2F%2Fpartner.jpc.de%2Fgo.cgi%3Fpid%3D138%26wmid%3Dcc%26cpid%3D1%26subid%3Dnb1%26target%3Dhttps%253A%252F%252Fwww.jpc.de%252F&amp;cs=blu-ray-news\" target=\"_blank\" rel=\"nofollow noopener\">JPC<\/a>, <a href=\"https:\/\/bluray-disc.de\/out.php?tid=c30407ce905d264e0d58c2f3e4e55ff3439c0652&amp;link=https%3A%2F%2Fpvn.saturn.de%2Ftrck%2Feclick%2F8ce52e9d3cbbfb1f0b20bd535761e435%3Fsubid%3Dnb1%26url%3Dhttps%253A%252F%252Fwww.saturn.de%252F&amp;cs=blu-ray-news\" target=\"_blank\" rel=\"nofollow noopener\">Saturn<\/a>, <a href=\"https:\/\/bluray-disc.de\/out.php?tid=c30407ce905d264e0d58c2f3e4e55ff3439c0652&amp;link=https%3A%2F%2Fpvn.mediamarkt.de%2Ftrck%2Feclick%2F5cb0c4a58048b097ca0f607dea63fe8a%3Fsubid%3Dnb1%26url%3Dhttps%253A%252F%252Fwww.mediamarkt.de%252F&amp;cs=blu-ray-news\" target=\"_blank\" rel=\"nofollow noopener\">MediaMarkt<\/a>, <a href=\"https:\/\/bluray-disc.de\/out.php?tid=c30407ce905d264e0d58c2f3e4e55ff3439c0652&amp;link=https%3A%2F%2Fwww.awin1.com%2Fcread.php%3Fawinmid%3D10547%26awinaffid%3D89931%26clickref%3Dnb1%26ued%3Dhttps%253A%252F%252Fwww.zavvi.de%252F&amp;cs=blu-ray-news\" target=\"_blank\" rel=\"nofollow noopener\">Zavvi<\/a>, <a href=\"https:\/\/bluray-disc.de\/out.php?tid=c30407ce905d264e0d58c2f3e4e55ff3439c0652&amp;link=https%3A%2F%2Fluna.r.lafamo.com%2Fts%2Fi5533423%2Ftsc%3Famc%3Dcon.blbn.455796.513513.14176519%26smc%3Dpt2%26rmd%3D3%26trg%3Dhttps%253A%252F%252Fwww.media-dealer.de&amp;cs=blu-ray-news\" target=\"_blank\" rel=\"nofollow noopener\">Media-Dealer.de<\/a> uvm. erhalten wir Provisionen \u00fcber Affiliate-Links. Sie unterst\u00fctzen damit die Redaktion von bluray-disc.de. Preise und Verf\u00fcgbarkeit ohne Gew\u00e4hr.<br \/>\n\t\tHeute neu auf Blu-ray Disc: &#8222;Draculas Sohn&#8220; in limitierten Mediabook-Editionen und mehr<\/p>\n<p>\n\t\t\t\t\t1 Bewertung(en) mit \u00f8 3,00 Punkte\n\t\t\t\t<\/p>\n<p>31.08.2026<\/p>\n<p>\t\t\t<img loading=\"lazy\" decoding=\"async\" src=\"https:\/\/www.europesays.com\/de\/wp-content\/uploads\/2026\/08\/Heute-neu-auf-Blu-ray-Newslogo-NEU.webp\" alt=\"Heute-neu-auf-Blu-ray-Newslogo-NEU.webp\" title=\"Heute-neu-auf-Blu-ray-Newslogo-NEU.webp\" width=\"360\" height=\"272\"\/><\/p>\n<p>\t\t\t\t<img loading=\"lazy\" decoding=\"async\" src=\"https:\/\/www.europesays.com\/de\/wp-content\/uploads\/2026\/09\/Draculas_Sohn_01.webp\" width=\"800\" height=\"600\" title=\"Draculas_Sohn_01.webp\" alt=\"Draculas_Sohn_01.webp\"\/>Die 36. Kalenderwoche startet mit einer bunten Mischung an Neuerscheinungen auf Blu-ray. Anolis Entertainment hat beispielsweise die deutschen HD-Premieren von Ib Melchiors Science-Fiction-Film &#8222;<a href=\"https:\/\/bluray-disc.de\/blu-ray-filme\/208961-2071_mutanbestien_gegen_roboter_das_vermaechtnis_der_galerie_des_grauens_8\" rel=\"nofollow noopener\" target=\"_blank\"><b>2071 &#8211; Mutan-Bestien gegen Roboter<\/b><\/a>&#8220; (USA 1964; OT: &#8222;The Time Travelers&#8220;) im Keep Case und von Robert Siodmaks Horrorklassiker &#8222;<a href=\"https:\/\/bluray-disc.de\/blu-ray-filme\/208959-draculas_sohn_limited_mediabook_edition_cover_a_bluray_dvd\" rel=\"nofollow noopener\" target=\"_blank\"><b>Draculas Sohn<\/b><\/a>&#8220; (USA 1943; OT: &#8222;Son of Dracula&#8220;) mit Lon Chaney Jr. in zweifacher Ausf\u00fchrung im limitierten <a href=\"https:\/\/bluray-disc.de\/blu-ray-filme\/208960-draculas_sohn_limited_mediabook_edition_cover_b_bluray_dvd\" rel=\"nofollow noopener\" target=\"_blank\"><b>Mediabook<\/b><\/a> inklusive Booklet herausgebracht. Diese und alle weiteren Releases des heutigen Tages sehen Sie nachfolgend in unserer \u00dcbersicht. (sw)&#13;<br \/>\n&#13;<br \/>\n<b>Alle Blu-ray Neuerscheinungen vom 31. August 2026 auf einen Blick:<\/b><\/p>\n<p><b>Cinestrange Extreme<\/b><\/p>\n<p><b>Wicked Vision Distribution GmbH<\/b><\/p>\n<p><b>Media Target<\/b><\/p>\n<p><b>i-catcher Media GmbH &amp; Co.KG<\/b><\/p>\n<p><b>ASTRO Records &amp; Filmworks<\/b><\/p>\n<p><b>Fokus Media<\/b><\/p>\n<p>Der Beitrag wurde gemeldet!<\/p>\n<p>&#13;<br \/>\n        1 Bewertung(en) mit \u00f8 3,00 Punkte&#13;\n    <\/p>\n<p>&#13;<br \/>\n                    &#13;<br \/>\n                <strong>sasacrocop<\/strong> (3)&#13;<br \/>\n            &#13;\n            <\/p>\n<p><a href=\"https:\/\/shop.plaionpictures.com\/vom-winde-verweht-collector-s-edition-2-4k-uhds-blu-ray-shop?affiliateCode=pp_bluraydisc&amp;utm_source=bluray-disc.de&amp;utm_medium=Affiliate\" target=\"_blank\" rel=\"nofollow noopener noreferrer\"><img decoding=\"async\" src=\"https:\/\/www.europesays.com\/de\/wp-content\/uploads\/2026\/08\/Vom-Winde-verweht-4K-Banner-rechts.webp\" height=\"395\" width=\"656\" loading=\"lazy\" title=\"Vom Winde verweht 4K\" alt=\"Vom Winde verweht 4K\"\/><\/a><\/p>\n","protected":false},"excerpt":{"rendered":"Werbung \u2013 Durch K\u00e4ufe bei unseren Partnern Amazon, JPC, Saturn, MediaMarkt, Zavvi, Media-Dealer.de uvm. erhalten wir Provisionen \u00fcber&hellip;\n","protected":false},"author":2,"featured_media":1260905,"comment_status":"","ping_status":"","sticky":false,"template":"","format":"standard","meta":{"footnotes":"","_share_on_mastodon":"0"},"categories":[1771],"tags":[1778,29,214,30,95,1777,215],"class_list":["post-1277328","post","type-post","status-publish","format-standard","has-post-thumbnail","category-kino","tag-cinema","tag-deutschland","tag-entertainment","tag-germany","tag-kino","tag-movie","tag-unterhaltung"],"share_on_mastodon":{"url":"https:\/\/pubeurope.com\/@de\/117205287097265588","error":""},"_links":{"self":[{"href":"https:\/\/www.europesays.com\/de\/wp-json\/wp\/v2\/posts\/1277328","targetHints":{"allow":["GET"]}}],"collection":[{"href":"https:\/\/www.europesays.com\/de\/wp-json\/wp\/v2\/posts"}],"about":[{"href":"https:\/\/www.europesays.com\/de\/wp-json\/wp\/v2\/types\/post"}],"author":[{"embeddable":true,"href":"https:\/\/www.europesays.com\/de\/wp-json\/wp\/v2\/users\/2"}],"replies":[{"embeddable":true,"href":"https:\/\/www.europesays.com\/de\/wp-json\/wp\/v2\/comments?post=1277328"}],"version-history":[{"count":0,"href":"https:\/\/www.europesays.com\/de\/wp-json\/wp\/v2\/posts\/1277328\/revisions"}],"wp:featuredmedia":[{"embeddable":true,"href":"https:\/\/www.europesays.com\/de\/wp-json\/wp\/v2\/media\/1260905"}],"wp:attachment":[{"href":"https:\/\/www.europesays.com\/de\/wp-json\/wp\/v2\/media?parent=1277328"}],"wp:term":[{"taxonomy":"category","embeddable":true,"href":"https:\/\/www.europesays.com\/de\/wp-json\/wp\/v2\/categories?post=1277328"},{"taxonomy":"post_tag","embeddable":true,"href":"https:\/\/www.europesays.com\/de\/wp-json\/wp\/v2\/tags?post=1277328"}],"curies":[{"name":"wp","href":"https:\/\/api.w.org\/{rel}","templated":true}]}}