{"id":1277356,"date":"2026-09-03T05:01:15","date_gmt":"2026-09-03T05:01:15","guid":{"rendered":"https:\/\/www.europesays.com\/de\/1277356\/"},"modified":"2026-09-03T05:01:15","modified_gmt":"2026-09-03T05:01:15","slug":"neue-podcast-folge-50-jahre-rosa-parks-schule-in-herten","status":"publish","type":"post","link":"https:\/\/www.europesays.com\/de\/1277356\/","title":{"rendered":"Neue Podcast-Folge: 50 Jahre Rosa-Parks-Schule in Herten"},"content":{"rendered":"<p>\t\tNeue Folge \u201eH\u00f6mma, Herten\u201c<br \/>\n\t\t\t\t\tStephanie Brzoza spricht \u00fcber 50 Jahre Rosa-Parks-Schule<\/p>\n<p>\t\tvon <a href=\"https:\/\/www.hertener-allgemeine.de\/author\/stefan-korte\/\" rel=\"author nofollow noopener\" target=\"_blank\">Stefan Korte<\/a>, <a href=\"https:\/\/www.hertener-allgemeine.de\/author\/harald-landgraf-2\/\" rel=\"author nofollow noopener\" target=\"_blank\">Harald Landgraf<\/a>\t<\/p>\n<p>    <a href=\"https:\/\/www.hertener-allgemeine.de\/wp-content\/uploads\/2026\/09\/02\/14\/630_0900_6782901_-1648x824.jpg\" rel=\"nofollow noopener\" target=\"_blank\"><\/p>\n<p>            <img loading=\"lazy\" decoding=\"async\" src=\"https:\/\/www.europesays.com\/de\/wp-content\/uploads\/2026\/09\/630_0900_6782898_-640x428.jpg\" width=\"640\" height=\"428\"  alt=\"v.l.: Harald Landgraf (HA), Stephanie Brzoza (Leiterin Rosa-Parks-Schule), Stefan Korte (HA), im Podcast-Studio\"\/><\/p>\n<p>    <\/a><br \/>\n    Heute begr\u00fc\u00dfen Harald Landgraf (l.) und Stefan Korte die Leiterin der Rosa-Parks-Schule, Stephanie Brzoza, im Podcast-Studio. \u00a9 Stefan Korte<\/p>\n<p class=\"article__teaser-text\">Eine neue Folge unseres Podcasts \u201eH\u00f6mma, Herten\u201c ist da! Dieses Mal sprechen wir mit Stephanie Brzoza \u00fcber 50 Jahre Rosa-Parks-Schule.<\/p>\n","protected":false},"excerpt":{"rendered":"Neue Folge \u201eH\u00f6mma, Herten\u201c Stephanie Brzoza spricht \u00fcber 50 Jahre Rosa-Parks-Schule von Stefan Korte, Harald Landgraf Heute begr\u00fc\u00dfen&hellip;\n","protected":false},"author":2,"featured_media":1277357,"comment_status":"","ping_status":"","sticky":false,"template":"","format":"standard","meta":{"footnotes":"","_share_on_mastodon":"0"},"categories":[1848],"tags":[31483,3364,29,548,663,3934,3658,30,13,14,15,1209,147343,12,8953],"class_list":["post-1277356","post","type-post","status-publish","format-standard","has-post-thumbnail","category-gelsenkirchen","tag-herten","tag-de","tag-deutschland","tag-eu","tag-europa","tag-europe","tag-gelsenkirchen","tag-germany","tag-headlines","tag-nachrichten","tag-news","tag-nordrhein-westfalen","tag-podcast-hoemma","tag-schlagzeilen","tag-schule-kita"],"share_on_mastodon":{"url":"https:\/\/pubeurope.com\/@de\/117205356484554462","error":""},"_links":{"self":[{"href":"https:\/\/www.europesays.com\/de\/wp-json\/wp\/v2\/posts\/1277356","targetHints":{"allow":["GET"]}}],"collection":[{"href":"https:\/\/www.europesays.com\/de\/wp-json\/wp\/v2\/posts"}],"about":[{"href":"https:\/\/www.europesays.com\/de\/wp-json\/wp\/v2\/types\/post"}],"author":[{"embeddable":true,"href":"https:\/\/www.europesays.com\/de\/wp-json\/wp\/v2\/users\/2"}],"replies":[{"embeddable":true,"href":"https:\/\/www.europesays.com\/de\/wp-json\/wp\/v2\/comments?post=1277356"}],"version-history":[{"count":0,"href":"https:\/\/www.europesays.com\/de\/wp-json\/wp\/v2\/posts\/1277356\/revisions"}],"wp:featuredmedia":[{"embeddable":true,"href":"https:\/\/www.europesays.com\/de\/wp-json\/wp\/v2\/media\/1277357"}],"wp:attachment":[{"href":"https:\/\/www.europesays.com\/de\/wp-json\/wp\/v2\/media?parent=1277356"}],"wp:term":[{"taxonomy":"category","embeddable":true,"href":"https:\/\/www.europesays.com\/de\/wp-json\/wp\/v2\/categories?post=1277356"},{"taxonomy":"post_tag","embeddable":true,"href":"https:\/\/www.europesays.com\/de\/wp-json\/wp\/v2\/tags?post=1277356"}],"curies":[{"name":"wp","href":"https:\/\/api.w.org\/{rel}","templated":true}]}}