{"id":1277360,"date":"2026-09-03T05:03:15","date_gmt":"2026-09-03T05:03:15","guid":{"rendered":"https:\/\/www.europesays.com\/de\/1277360\/"},"modified":"2026-09-03T05:03:15","modified_gmt":"2026-09-03T05:03:15","slug":"jobwechsel-von-augsburgs-alt-ob-eva-weber-die-wichtigsten-antworten","status":"publish","type":"post","link":"https:\/\/www.europesays.com\/de\/1277360\/","title":{"rendered":"Jobwechsel von Augsburgs Alt-OB Eva Weber: Die wichtigsten Antworten"},"content":{"rendered":"<p class=\"mb-6 text-xs-varying md:text-m lg:text-l font-serif group-[.font-sans]:font-sans \">\n    Muss Alt-Oberb\u00fcrgermeisterin <a href=\"https:\/\/www.augsburger-allgemeine.de\/personen\/aa-eva-weber\" target=\"_self\" class=\"underline \" rel=\"nofollow noopener\">Eva Weber<\/a> (<a href=\"https:\/\/www.augsburger-allgemeine.de\/organisationen\/aa-csu\" target=\"_self\" class=\"underline \" rel=\"nofollow noopener\">CSU<\/a>) ihr Stadtratsmandat zur\u00fcckgeben, weil sie seit 1. September offiziell wieder Beamtin im Dienst der Stadt <a href=\"https:\/\/www.augsburger-allgemeine.de\/augsburg\/\" target=\"_self\" class=\"underline \" rel=\"nofollow noopener\">Augsburg<\/a> ist? \u00dcber diese Frage scheiden sich die Geister. Sowohl Weber als auch die CSU-Fraktion gehen davon aus, dass das Ausscheiden Webers in der Sitzung Ende September formal best\u00e4tigt wird. <a href=\"https:\/\/www.augsburger-allgemeine.de\/augsburg\/eva-weber-augsburg-florian-freund-freistaat-regierung-krise-streit-2-115105001\" target=\"_self\" class=\"underline \" rel=\"nofollow noopener\">Die Partei schiebt die Schuld SPD-OB Florian Freund zu.<\/a>\n  <\/p>\n<p class=\"mb-6 text-xs-varying md:text-m lg:text-l font-serif group-[.font-sans]:font-sans \">\n    Er h\u00e4tte mit etwas Willen eine L\u00f6sung finden k\u00f6nnen, bei der Weber das Mandat h\u00e4tte behalten k\u00f6nnen, hei\u00dft es. Doch stimmt das? Und wie k\u00f6nnte diese L\u00f6sung aussehen? Wir haben Prof. Thomas Spitzlei von der Universit\u00e4t Bayreuth um eine Einsch\u00e4tzung gebeten. Er ist Inhaber des Lehrstuhls f\u00fcr \u00d6ffentliches Recht und Spezialist f\u00fcr Beamtenrecht. In Sachen Eva Weber sieht er eine Tendenz. Die wichtigsten Fragen und Antworten.\n  <\/p>\n<p>            Warum hat Eva Weber ein R\u00fcckkehrrecht zur Stadt beantragt, wenn sie dort nicht arbeiten m\u00f6chte?<\/p>\n<p class=\"mb-6 text-xs-varying md:text-m lg:text-l font-serif group-[.font-sans]:font-sans \">\n    Eva Weber hat nach eigener Aussage <a href=\"https:\/\/www.augsburger-allgemeine.de\/augsburg\/eva-weber-oberbuergermeisterin-augsburg-neuer-job-was-macht-eigentlich-freistaat-kritik-115095089\" target=\"_self\" class=\"underline \" rel=\"nofollow noopener\">vom Freistaat Bayern einen Posten in Aussicht gestellt bekommen<\/a>, der mit A16 so hoch dotiert ist wie die Beamtenstelle, die sie bei der Stadt hatte, bevor sie Referentin und OB wurde. Um vom Freistaat als Beamtin \u00fcbernommen werden zu k\u00f6nnen, muss Weber vorher wieder als solche in den st\u00e4dtischen Dienst eintreten.\n  <\/p>\n<p class=\"mb-6 text-xs-varying md:text-m lg:text-l font-serif group-[.font-sans]:font-sans \">\n    Hintergrund: Der Freistaat verbeamtet Mitarbeiter nur bis zum vollendeten 45. Lebensjahr \u2013 Eva Weber ist 49. Seit ihrem Ausscheiden als OB zum 30. April war Eva Weber im Ruhestand, da sie nach 15 Jahren als Referentin und OB ihre Pensionsanspr\u00fcche erf\u00fcllt hatte. Indem sie das R\u00fcckkehrrecht zur Stadt anmeldete, meldete sie sich ins aktive Berufsleben und damit in den Beamtendienst zur\u00fcck. Dass es sich dabei um eine Formalie handelt, um in <a href=\"https:\/\/www.augsburger-allgemeine.de\/orte\/aa-muenchen\" target=\"_self\" class=\"underline \" rel=\"nofollow noopener\">M\u00fcnchen<\/a> starten zu k\u00f6nnen, hatte sie der Stadtspitze offenbar mitgeteilt.\n  <\/p>\n<p>      <a href=\"https:\/\/www.augsburger-allgemeine.de\/augsburg\/augsburg-csu-spd-streit-eva-weber-florian-freund-volker-ullrich-fraktion-stadtrat-115111315\" class=\"hidden  &#010;                md:block md:mr-5 md:min-w-[140px]  aspect-photo md:aspect-tv lg:aspect-tv w-fullXXX relative self-start inline overflow-hidden\" rel=\"nofollow noopener\" target=\"_blank\"><\/p>\n<p>    <img decoding=\"async\" src=\"\" alt=\"Die CSU-Fraktion f\u00fchlt sich von der SPD und OB Florian Freund d\u00fcpiert.\" title=\"Die CSU-Fraktion f\u00fchlt sich von der SPD und OB Florian Freund d\u00fcpiert.\" loading=\"lazy\" class=\"h-full w-full object-cover\"\/><br \/>\n   <\/a><\/p>\n<p>            Warum hat OB Freund Weber auf die Stelle der Gr\u00fcnamtsleitung gesetzt, wenn sie diese nie antritt?<\/p>\n<p class=\"mb-6 text-xs-varying md:text-m lg:text-l font-serif group-[.font-sans]:font-sans \">\n    Die Stadt Augsburg ist als Dienstherrin verpflichtet, einer Person, die ihr R\u00fcckkehrrecht anmeldet, schnellstm\u00f6glich eine ad\u00e4quate Stelle zuzuteilen. Die Leitung des Gr\u00fcnamts ist mit A16 \u2013 also der Besoldungsgruppe, in die Eva Weber f\u00e4llt \u2013 dotiert; und sie ist frei. Verwaltungsrechtlich handelte Freund also korrekt.\n  <\/p>\n<p class=\"mb-6 text-xs-varying md:text-m lg:text-l font-serif group-[.font-sans]:font-sans \">\n    Der OB wusste allerdings, dass Weber nicht als Mitarbeiterin zur Stadt zur\u00fcckkehren wollte, da sie bereits einen anderen Posten \u2013 die Rede ist vom bayerischen Innenministerium \u2013 in Aussicht hat. Die Ernennung Webers zur Gr\u00fcnamtsleiterin machte vor diesem Hintergrund wenig Sinn, da sie den Posten nie antreten wird. <a href=\"https:\/\/www.augsburger-allgemeine.de\/augsburg\/gruenamt-eva-weber-leitung-ausschreibung-bewerber-augsburg-1-115110422\" target=\"_self\" class=\"underline \" rel=\"nofollow noopener\">Die \u00f6ffentliche Ausschreibung, die es f\u00fcr diese Stelle gab,<\/a> wird also so weitergef\u00fchrt, als w\u00e4re die Ernennung Webers nie geschehen.\n  <\/p>\n<p>      <a href=\"https:\/\/www.augsburger-allgemeine.de\/augsburg\/oberbuergermeister-florian-freund-im-interview-wie-verlaesslich-sind-seine-wahlversprechen-114574334\" class=\"hidden  &#010;                md:block md:mr-5 md:min-w-[140px]  aspect-photo md:aspect-tv lg:aspect-tv w-fullXXX relative self-start inline overflow-hidden\" rel=\"nofollow noopener\" target=\"_blank\"><\/p>\n<p>    <img decoding=\"async\" src=\"\" alt=\"\u201eEntscheidungen m\u00fcssen b\u00fcrgerfreundlicher und nachvollziehbarer werden\u201c: Oberb\u00fcrgermeister Florian Freund (SPD) treibt aktuell den Umbau der Verwaltung voran.\" title=\"\u201eEntscheidungen m\u00fcssen b\u00fcrgerfreundlicher und nachvollziehbarer werden\u201c: Oberb\u00fcrgermeister Florian Freund (SPD) treibt aktuell den Umbau der Verwaltung voran.\" loading=\"lazy\" class=\"h-full w-full object-cover\"\/><br \/>\n   <\/a><\/p>\n<p>            Die CSU wirft OB Florian Freund (SPD) vor, Weber aus dem Stadtrat gedr\u00e4ngt zu haben. Warum \u2013 und w\u00e4re es anders gegangen?<\/p>\n<p class=\"mb-6 text-xs-varying md:text-m lg:text-l font-serif group-[.font-sans]:font-sans \">\n    Generell untersagt die bayerische Gemeindeordnung kommunalen Beamten ein Mandat im Stadtrat. Bleiben wir zur Erkl\u00e4rung beim Beispiel Eva Weber: Sie k\u00f6nnte als CSU-Stadtr\u00e4tin Beschl\u00fcsse fassen, die sie sp\u00e4ter als Gr\u00fcnamtsleiterin ausf\u00fchren m\u00fcsste. Dieser Konflikt wird durch die gesetzliche Regelung vermieden. Mit ihrer R\u00fcckkehr in den Dienst der Stadt muss sie nach dieser Lesart auf das Mandat verzichten.\n  <\/p>\n<p class=\"mb-6 text-xs-varying md:text-m lg:text-l font-serif group-[.font-sans]:font-sans \">\n    Aktuell gibt es in dieser Debatte zwei Lesarten: Eine st\u00fctzt die eben erl\u00e4uterte Vorgehensweise, nach der das Stadtratsmandat mit Wiedereintritt in den aktiven Dienst erlischt. Die andere lautet: \u00dcber Gespr\u00e4che zwischen Freistaat und Stadtspitze h\u00e4tte man Webers R\u00fcckkehr zur Stadt zeitlich so terminieren k\u00f6nnen, dass sie sofort nach Erhalt ihrer Ernennungsurkunde als Beamtin zum Freistaat abgestellt worden w\u00e4re. Der Interessenkonflikt zwischen Beamtin und Stadtr\u00e4tin hatte dann faktisch nie bestanden und Eva Weber <a href=\"https:\/\/www.augsburger-allgemeine.de\/augsburg\/eva-weber-augsburg-florian-freund-oberbuergermeisterin-freistaat-neuer-job-stadtrat-mandat-stadtratssitz-1-115100046\" target=\"_self\" class=\"underline \" rel=\"nofollow noopener\">h\u00e4tte ihr Mandat behalten k\u00f6nnen<\/a>. Hierzu gibt es laut Prof. Spitzlei auch eine entsprechende Entscheidung des Verwaltungsgerichtshofs M\u00fcnchen aus den 1970er Jahren, nach der das Amt im Stadtrat nicht Kraft Gesetzes erlischt, sondern der Verlust durch den Stadtrat festgestellt werden muss.\n  <\/p>\n<p>            Muss Weber nun ihr Stadtratsmandat zur\u00fcckgeben oder nicht?<\/p>\n<p class=\"mb-6 text-xs-varying md:text-m lg:text-l font-serif group-[.font-sans]:font-sans \">\n    Laut Prof. Spitzlei sprechen viele Gr\u00fcnde daf\u00fcr, dass sie es behalten kann: \u201eDas Kommunalrecht geht davon aus, dass eine Beamtin bei der Stadt \u00fcber Monate und Jahre in diesem Interessenkonflikt steckt.\u201c Im aktuellen Fall aber gehe es nur um die kurze Zeit, bis Weber zum Freistaat \u00fcberstellt wird. Der Stadtrat m\u00fcsste laut Spitzlei auch erst feststellen, dass das Mandat erlischt. Gibt es bis zum Wechsel nach M\u00fcnchen keine Stadtratssitzung, w\u00e4re dieser Punkt formal nicht erf\u00fcllt, das Mandat bliebe bestehen.\n  <\/p>\n<p class=\"mb-6 text-xs-varying md:text-m lg:text-l font-serif group-[.font-sans]:font-sans \">\n    Doch selbst wenn Weber bis zur n\u00e4chsten Sitzung Ende September noch nicht beim Freistaat ist, bestehe nicht zwingend ein Interessenkonflikt: \u201eMan k\u00f6nnte schauen, ob etwas auf der Tagesordnung steht, das Eva Weber als Gr\u00fcnamtsleiterin betrifft\u201c, so Spitzlei. Sei dies der Fall, k\u00f6nnte sie sich der Abstimmung enthalten \u2013 dies alles unter der Pr\u00e4misse, dass die Zeit bis zum Wechsel zum Freistaat nicht lange dauert.\n  <\/p>\n<p>      <a href=\"https:\/\/www.augsburger-allgemeine.de\/augsburg\/augsburg-csu-spd-streit-eva-weber-florian-freund-volker-ullrich-fraktion-stadtrat-115111315\" class=\"hidden  &#010;                md:block md:mr-5 md:min-w-[140px]  aspect-photo md:aspect-tv lg:aspect-tv w-fullXXX relative self-start inline overflow-hidden\" rel=\"nofollow noopener\" target=\"_blank\"><\/p>\n<p>    <img decoding=\"async\" src=\"\" alt=\"Die CSU-Fraktion f\u00fchlt sich von der SPD und OB Florian Freund d\u00fcpiert.\" title=\"Die CSU-Fraktion f\u00fchlt sich von der SPD und OB Florian Freund d\u00fcpiert.\" loading=\"lazy\" class=\"h-full w-full object-cover\"\/><br \/>\n   <\/a><\/p>\n<p class=\"mb-6 text-xs-varying md:text-m lg:text-l font-serif group-[.font-sans]:font-sans \">\n    Spitzlei nennt au\u00dferdem einen weiteren Grund, der gegen eine Abgabe des Mandats spricht: \u201eEva Weber ist mit \u00fcber 50.000 Stimmen demokratisch als Stadtr\u00e4tin legitimiert worden. Es braucht schon einen triftigen Grund, um ihr da das Mandat zu entziehen.\u201c In diesem Fall liegt dieser laut Spitzlei nicht vor, vor allem auch deshalb: \u201eWeder von der Stadt noch von Eva Weber liegt hier die Absicht vor, dass sie die Aufgabe als Gr\u00fcnamtsleiterin jemals ernsthaft aus\u00fcben wird.\u201c\n  <\/p>\n<p>            Wie kann es jetzt weitergehen?<\/p>\n<p class=\"mb-6 text-xs-varying md:text-m lg:text-l font-serif group-[.font-sans]:font-sans \">\n    Laut Spitzlei m\u00fcsste sich nun der Stadtrat mit dem Thema befassen. Sollte dieser nicht feststellen, dass das Mandat erloschen ist, bleibt Eva Weber Stadtr\u00e4tin. Stellt er es dagegen fest, w\u00e4re Weber zun\u00e4chst drau\u00dfen \u2013 aber nicht zwingend f\u00fcr die gesamte Amtszeit: Scheidet w\u00e4hrend der laufenden Periode ein anderes CSU-Mitglied aus der Stadtratsfraktion aus, w\u00e4re Weber, h\u00e4tte sie zu diesem Zeitpunkt ihren Posten beim Freistaat angetreten, erste Nachr\u00fcckerin. Oberb\u00fcrgermeister Florian Freund m\u00f6chte den Sachverhalt \u00f6ffentlich nicht kommentieren, da es sich um Personalangelegenheiten handle.\n  <\/p>\n","protected":false},"excerpt":{"rendered":"Muss Alt-Oberb\u00fcrgermeisterin Eva Weber (CSU) ihr Stadtratsmandat zur\u00fcckgeben, weil sie seit 1. September offiziell wieder Beamtin im Dienst&hellip;\n","protected":false},"author":2,"featured_media":1277361,"comment_status":"","ping_status":"","sticky":false,"template":"","format":"standard","meta":{"footnotes":"","_share_on_mastodon":"0"},"categories":[1846],"tags":[680,772,774,3364,29,548,663,3934,98650,139238,30,13,26123,263551,1268,14,15,12,184,263552,263553],"class_list":["post-1277360","post","type-post","status-publish","format-standard","has-post-thumbnail","category-augsburg","tag-augsburg","tag-bayern","tag-csu","tag-de","tag-deutschland","tag-eu","tag-europa","tag-europe","tag-eva-weber","tag-florian-freund","tag-germany","tag-headlines","tag-jobwechsel","tag-mandatsverlust","tag-muenchen","tag-nachrichten","tag-news","tag-schlagzeilen","tag-spd","tag-spitzlei","tag-stadtratsmandat"],"share_on_mastodon":{"url":"https:\/\/pubeurope.com\/@de\/117205362700417213","error":""},"_links":{"self":[{"href":"https:\/\/www.europesays.com\/de\/wp-json\/wp\/v2\/posts\/1277360","targetHints":{"allow":["GET"]}}],"collection":[{"href":"https:\/\/www.europesays.com\/de\/wp-json\/wp\/v2\/posts"}],"about":[{"href":"https:\/\/www.europesays.com\/de\/wp-json\/wp\/v2\/types\/post"}],"author":[{"embeddable":true,"href":"https:\/\/www.europesays.com\/de\/wp-json\/wp\/v2\/users\/2"}],"replies":[{"embeddable":true,"href":"https:\/\/www.europesays.com\/de\/wp-json\/wp\/v2\/comments?post=1277360"}],"version-history":[{"count":0,"href":"https:\/\/www.europesays.com\/de\/wp-json\/wp\/v2\/posts\/1277360\/revisions"}],"wp:featuredmedia":[{"embeddable":true,"href":"https:\/\/www.europesays.com\/de\/wp-json\/wp\/v2\/media\/1277361"}],"wp:attachment":[{"href":"https:\/\/www.europesays.com\/de\/wp-json\/wp\/v2\/media?parent=1277360"}],"wp:term":[{"taxonomy":"category","embeddable":true,"href":"https:\/\/www.europesays.com\/de\/wp-json\/wp\/v2\/categories?post=1277360"},{"taxonomy":"post_tag","embeddable":true,"href":"https:\/\/www.europesays.com\/de\/wp-json\/wp\/v2\/tags?post=1277360"}],"curies":[{"name":"wp","href":"https:\/\/api.w.org\/{rel}","templated":true}]}}