{"id":1277376,"date":"2026-09-03T05:13:13","date_gmt":"2026-09-03T05:13:13","guid":{"rendered":"https:\/\/www.europesays.com\/de\/1277376\/"},"modified":"2026-09-03T05:13:13","modified_gmt":"2026-09-03T05:13:13","slug":"wuelfrath-sucht-interessierte-fuer-ehrenamtliche-vormundschaft","status":"publish","type":"post","link":"https:\/\/www.europesays.com\/de\/1277376\/","title":{"rendered":"W\u00fclfrath sucht Interessierte f\u00fcr ehrenamtliche Vormundschaft"},"content":{"rendered":"<p class=\"text_ohne_einzug richtext text-em-55 !leading-serif mx-6 desktop:mx-0\">  Wenn Eltern nicht mehr in der Lage sind, wichtige Entscheidungen f\u00fcr ihr Kind zu treffen und f\u00fcr dessen Wohl zu sorgen, werden sie gebraucht: ehrenamtliche Vorm\u00fcnder. Die Gr\u00fcnde, warum Eltern nicht mehr f\u00fcr das eigene Kind sorgen k\u00f6nnen oder d\u00fcrfen, sind vielf\u00e4ltig. Das kann zum Beispiel eine (psychische) Erkrankung sein. Wichtig ist aber, dass das nicht zulasten der Zukunft des Kindes geht.<\/p>\n<p class=\"richtext text-em-55 !leading-serif mx-6 desktop:mx-0\">Deshalb werden Vorm\u00fcnder bestellt, die alle wichtigen Entscheidungen, die das Kind betreffen, \u00fcbernehmen und es auf dem Weg ins Erwachsenenleben begleiten. Meist wohnen die Kinder in Jugendhilfeeinrichtungen.<\/p>\n<p>Koordinierungsstelle begleitet den Prozess      <\/p>\n<p class=\"richtext text-em-55 !leading-serif mx-6 desktop:mx-0\">Vermittelt werden Ehrenamtliche und Kinder miteinander durch die Koordinierungsstelle Vormundschaften der Stadt <a href=\"https:\/\/rp-online.de\/thema\/wuelfrath\/\" rel=\"nofollow noopener\" target=\"_blank\">W\u00fclfrath<\/a>. Die sucht gemeinsam mit der Stadt <a href=\"https:\/\/rp-online.de\/thema\/wuppertal\/\" rel=\"nofollow noopener\" target=\"_blank\">Wuppertal<\/a> und der Diakonie Wuppertal engagierte Menschen, die sich ehrenamtlich f\u00fcr Kinder und Jugendliche einsetzen m\u00f6chten. Die Koordinierungsstellen begleiten die ehrenamtlich engagierten Vorm\u00fcnder w\u00e4hrend des gesamten Prozesses und stehen bei Fragen und Anliegen zur Seite.<\/p>\n<p>Reform st\u00e4rkt ehrenamtliche Vormundschaften      <\/p>\n<p class=\"richtext text-em-55 !leading-serif mx-6 desktop:mx-0\">Seit der Reform des Vormundschafts- und Betreuungsrechts, die zum 1. Januar 2023 in Kraft getreten ist, werden insbesondere die ehrenamtlichen Vormundschaften gef\u00f6rdert. \u201eUm dem gerecht zu werden, hat die W\u00fclfrather Koordinierungsstelle gemeinsam mit der Stadt Wuppertal und der Diakonie Wuppertal in 2025 und 2026 bereits ehrenamtliche Vormund*innen geschult und viele auch bereits vermittelt. F\u00fcr den neuen Schulungslauf im Fr\u00fchjahr 2027 werden nun erneut engagierte B\u00fcrger*innen gesucht\u201c, erkl\u00e4rt die Verwaltung.<\/p>\n<p>Zwei Informationsveranstaltungen      <\/p>\n<p class=\"richtext text-em-55 !leading-serif mx-6 desktop:mx-0\">Im Rahmen der Aktionswoche \u201eKinderrechte 2026\u201c in Wuppertal finden zwei unverbindliche Informationsveranstaltungen statt. Dabei erhalten Interessierte einen Einblick in die Aufgaben und Rahmenbedingungen einer ehrenamtlichen Vormundschaft.<\/p>\n<p class=\"richtext text-em-55 !leading-serif mx-6 desktop:mx-0\">Der erste Termin findet am 17. September von 16 bis 17 Uhr statt. Ort der Veranstaltung sind die R\u00e4umlichkeiten der Stadt Wuppertal (EG 85) am D\u00f6ppersberg 41 in Wuppertal.<\/p>\n<p class=\"richtext text-em-55 !leading-serif mx-6 desktop:mx-0\">Der zweite Termin ist f\u00fcr den 15. Oktober angesetzt, dieses Mal von 17 bis 18 Uhr. Ort sind wieder die R\u00e4umlichkeiten der Stadt Wuppertal (EG 85) am D\u00f6ppersberg.<\/p>\n<p class=\"italic richtext text-em-55 !leading-serif mx-6 desktop:mx-0\">F\u00fcr Fragen zur ehrenamtlichen Vormundschaft stehen die Mitarbeiterinnen der Koordinierungsstelle der Stadt W\u00fclfrath zur Verf\u00fcgung: Agathe B\u00fcrger ist per Telefon 02058 18291, E-Mail <a href=\"https:\/\/rp-online.de\/nrw\/staedte\/wuelfrath\/mailto:a.buerger@stadt.wuelfrath.de\" rel=\"nofollow noopener\" target=\"_blank\">a.buerger@stadt.wuelfrath.de<\/a> und Alexandra Schnatwinkel per Telefon 02058 18227 oder per E-Mail an <a href=\"https:\/\/rp-online.de\/nrw\/staedte\/wuelfrath\/mailto:a.schnatwinkel@stadt.wuelfrath.de\" rel=\"nofollow noopener\" target=\"_blank\">a.schnatwinkel@stadt.wuelfrath.de<\/a> erreichbar.<\/p>\n","protected":false},"excerpt":{"rendered":"Wenn Eltern nicht mehr in der Lage sind, wichtige Entscheidungen f\u00fcr ihr Kind zu treffen und f\u00fcr dessen&hellip;\n","protected":false},"author":2,"featured_media":1277377,"comment_status":"","ping_status":"","sticky":false,"template":"","format":"standard","meta":{"footnotes":"","_share_on_mastodon":"0"},"categories":[1840],"tags":[263556,263561,263560,11000,263555,17294,3364,29,48814,30,263557,1209,263558,190564,27167,4418,263559],"class_list":["post-1277376","post","type-post","status-publish","format-standard","has-post-thumbnail","category-wuppertal","tag-263556","tag-20ehrenamtlicher","tag-20vormund","tag-22url","tag-3d05124000","tag-40stadt","tag-de","tag-deutschland","tag-ehrenamtlich","tag-germany","tag-koordinierungsstelle","tag-nordrhein-westfalen","tag-vormund","tag-vormundschaft","tag-wuelfrath","tag-wuppertal","tag-wuppertaldoeppersberg"],"share_on_mastodon":{"url":"https:\/\/pubeurope.com\/@de\/117205401816881413","error":""},"_links":{"self":[{"href":"https:\/\/www.europesays.com\/de\/wp-json\/wp\/v2\/posts\/1277376","targetHints":{"allow":["GET"]}}],"collection":[{"href":"https:\/\/www.europesays.com\/de\/wp-json\/wp\/v2\/posts"}],"about":[{"href":"https:\/\/www.europesays.com\/de\/wp-json\/wp\/v2\/types\/post"}],"author":[{"embeddable":true,"href":"https:\/\/www.europesays.com\/de\/wp-json\/wp\/v2\/users\/2"}],"replies":[{"embeddable":true,"href":"https:\/\/www.europesays.com\/de\/wp-json\/wp\/v2\/comments?post=1277376"}],"version-history":[{"count":0,"href":"https:\/\/www.europesays.com\/de\/wp-json\/wp\/v2\/posts\/1277376\/revisions"}],"wp:featuredmedia":[{"embeddable":true,"href":"https:\/\/www.europesays.com\/de\/wp-json\/wp\/v2\/media\/1277377"}],"wp:attachment":[{"href":"https:\/\/www.europesays.com\/de\/wp-json\/wp\/v2\/media?parent=1277376"}],"wp:term":[{"taxonomy":"category","embeddable":true,"href":"https:\/\/www.europesays.com\/de\/wp-json\/wp\/v2\/categories?post=1277376"},{"taxonomy":"post_tag","embeddable":true,"href":"https:\/\/www.europesays.com\/de\/wp-json\/wp\/v2\/tags?post=1277376"}],"curies":[{"name":"wp","href":"https:\/\/api.w.org\/{rel}","templated":true}]}}