{"id":1277391,"date":"2026-09-03T05:22:48","date_gmt":"2026-09-03T05:22:48","guid":{"rendered":"https:\/\/www.europesays.com\/de\/1277391\/"},"modified":"2026-09-03T05:22:48","modified_gmt":"2026-09-03T05:22:48","slug":"staeubli-robotics-buendelt-vertrieb-fuer-nord-und-osteuropa","status":"publish","type":"post","link":"https:\/\/www.europesays.com\/de\/1277391\/","title":{"rendered":"St\u00e4ubli Robotics b\u00fcndelt Vertrieb f\u00fcr Nord- und Osteuropa"},"content":{"rendered":"<p>&#13;<br \/>\n        &#13;<br \/>\n            St\u00e4ubli Robotics b\u00fcndelt Vertrieb f\u00fcr Nord- und Osteuropa&#13;<br \/>\n        &#13;<br \/>\n            02. September 2026&#13;\n    <\/p>\n<p>            <img decoding=\"async\" src=\"https:\/\/www.europesays.com\/de\/wp-content\/uploads\/2026\/09\/.jpg\" id=\"Content_Links_i_profilbild\"\/><br \/>\n            Peter P\u00fchringer, Regional Robotics Director North-East Europe bei St\u00e4ubli Robotics \u00a9 St\u00e4ubli Robotics<\/p>\n<p>&#13;<br \/>\n            <a href=\"https:\/\/www.staubli.com\/global\/de\/robotics\/produkte.html\" target=\"_blank\" rel=\"noopener nofollow\">St\u00e4ubli Robotics<\/a> stellt seine Vertriebsstruktur in Europa neu auf. Das Unternehmen f\u00fchrt die Vertriebsaktivit\u00e4ten f\u00fcr die Regionen Mittel-, Nord- und Osteuropa strategisch zusammen. Die Gesamtverantwortung f\u00fcr diese Wachstumsm\u00e4rkte b\u00fcndelt der Roboterhersteller ab sofort am Standort Bayreuth.<\/p>\n<p>Im Zuge dieser Restrukturierung \u00fcbernimmt St\u00e4ubli Robotics Gesch\u00e4ftsf\u00fchrer Peter P\u00fchringer neben seinem bisherigen Aufgabenbereich nun als Regional Robotics Director die erweiterte strategische und operative Verantwortung f\u00fcr alle nord- und osteurop\u00e4ischen L\u00e4nder. &#8222;Ziel dieser Ma\u00dfnahme ist es, Synergien innerhalb der europ\u00e4ischen Vertriebsorganisation effizienter zu nutzen, l\u00e4nderspezifische Schnittstellen abzubauen, Entscheidungswege zu verk\u00fcrzen und die Marktpr\u00e4senz in den Fokusregionen nachhaltig zu st\u00e4rken&#8220;, so P\u00fchringer.<\/p>\n<p>Durch die Zentralisierung der Leitungsfunktion in Bayreuth profitieren Kunden und Partner in Mittel-, Nord- und Osteuropa k\u00fcnftig von einer noch engeren Verzahnung von technologischem Know-how, Servicekompetenz und neu gelebter Kundenn\u00e4he. &#8222;Die neue Vertriebsstruktur erm\u00f6glicht es St\u00e4ubli, global agierende Kunden noch besser zu unterst\u00fctzen. Ein Unternehmen, das in mehreren europ\u00e4ischen L\u00e4ndern aktiv ist, kann ab sofort standort\u00fcbergreifend auf einen Ansprechpartner vertrauen. Damit verschlanken wir Abl\u00e4ufe und optimieren unseren Kundenservice&#8220;, betont Peter P\u00fchringer. (red.)<\/p>\n<p><a href=\"https:\/\/www.staubli.com\/global\/de\/robotics\/produkte.html\" target=\"_blank\" rel=\"noopener nofollow\">St\u00e4ubli Robotics<\/a>&#13;\n        <\/p>\n","protected":false},"excerpt":{"rendered":"&#13; &#13; St\u00e4ubli Robotics b\u00fcndelt Vertrieb f\u00fcr Nord- und Osteuropa&#13; &#13; 02. September 2026&#13; Peter P\u00fchringer, Regional Robotics&hellip;\n","protected":false},"author":2,"featured_media":1277392,"comment_status":"","ping_status":"","sticky":false,"template":"","format":"standard","meta":{"footnotes":"","_share_on_mastodon":"0"},"categories":[3933],"tags":[331,332,27318,548,663,158,3934,3935,13,14,15,4794,31781,12,263567,263566],"class_list":["post-1277391","post","type-post","status-publish","format-standard","has-post-thumbnail","category-eu","tag-aktuelle-nachrichten","tag-aktuelle-news","tag-automatisierung","tag-eu","tag-europa","tag-europaeische-union","tag-europe","tag-european-union","tag-headlines","tag-nachrichten","tag-news","tag-roboter","tag-robotik","tag-schlagzeilen","tag-staeubli-robotics","tag-staeublie"],"share_on_mastodon":{"url":"https:\/\/pubeurope.com\/@de\/117205442492811427","error":""},"_links":{"self":[{"href":"https:\/\/www.europesays.com\/de\/wp-json\/wp\/v2\/posts\/1277391","targetHints":{"allow":["GET"]}}],"collection":[{"href":"https:\/\/www.europesays.com\/de\/wp-json\/wp\/v2\/posts"}],"about":[{"href":"https:\/\/www.europesays.com\/de\/wp-json\/wp\/v2\/types\/post"}],"author":[{"embeddable":true,"href":"https:\/\/www.europesays.com\/de\/wp-json\/wp\/v2\/users\/2"}],"replies":[{"embeddable":true,"href":"https:\/\/www.europesays.com\/de\/wp-json\/wp\/v2\/comments?post=1277391"}],"version-history":[{"count":0,"href":"https:\/\/www.europesays.com\/de\/wp-json\/wp\/v2\/posts\/1277391\/revisions"}],"wp:featuredmedia":[{"embeddable":true,"href":"https:\/\/www.europesays.com\/de\/wp-json\/wp\/v2\/media\/1277392"}],"wp:attachment":[{"href":"https:\/\/www.europesays.com\/de\/wp-json\/wp\/v2\/media?parent=1277391"}],"wp:term":[{"taxonomy":"category","embeddable":true,"href":"https:\/\/www.europesays.com\/de\/wp-json\/wp\/v2\/categories?post=1277391"},{"taxonomy":"post_tag","embeddable":true,"href":"https:\/\/www.europesays.com\/de\/wp-json\/wp\/v2\/tags?post=1277391"}],"curies":[{"name":"wp","href":"https:\/\/api.w.org\/{rel}","templated":true}]}}