{"id":1277410,"date":"2026-09-03T05:35:26","date_gmt":"2026-09-03T05:35:26","guid":{"rendered":"https:\/\/www.europesays.com\/de\/1277410\/"},"modified":"2026-09-03T05:35:26","modified_gmt":"2026-09-03T05:35:26","slug":"prozess-in-nuernberg-junge-maenner-wegen-handels-mit-waffen-und-drogen-verurteilt-bayern-2","status":"publish","type":"post","link":"https:\/\/www.europesays.com\/de\/1277410\/","title":{"rendered":"Prozess in N\u00fcrnberg: Junge M\u00e4nner wegen Handels mit Waffen und Drogen verurteilt &#8211; Bayern"},"content":{"rendered":"<p>N\u00fcrnberg (dpa\/lby) &#8211; Weil sie mit Schusswaffen und Drogen gehandelt haben, hat das Landgericht N\u00fcrnberg-F\u00fcrth drei Heranwachsende verurteilt. Gegen einen heute 21-J\u00e4hrigen wurde nach Angaben eines Gerichtssprechers eine Jugendstrafe von vier Jahren und zehn Monaten verh\u00e4ngt. Ein 22-J\u00e4hriger wurde zu einem Jahr und drei Monaten auf Bew\u00e4hrung verurteilt, ein weiterer 21-J\u00e4hriger zu acht Monaten auf Bew\u00e4hrung.<\/p>\n","protected":false},"excerpt":{"rendered":"N\u00fcrnberg (dpa\/lby) &#8211; Weil sie mit Schusswaffen und Drogen gehandelt haben, hat das Landgericht N\u00fcrnberg-F\u00fcrth drei Heranwachsende verurteilt.&hellip;\n","protected":false},"author":2,"featured_media":1276230,"comment_status":"","ping_status":"","sticky":false,"template":"","format":"standard","meta":{"footnotes":"","_share_on_mastodon":"0"},"categories":[1837],"tags":[772,3364,29,30,1584,3783,2283,11747],"class_list":["post-1277410","post","type-post","status-publish","format-standard","has-post-thumbnail","category-nuernberg","tag-bayern","tag-de","tag-deutschland","tag-germany","tag-kriminalitaet","tag-nuernberg","tag-prozess-gericht","tag-urteile"],"share_on_mastodon":{"url":"https:\/\/pubeurope.com\/@de\/117205488230675779","error":""},"_links":{"self":[{"href":"https:\/\/www.europesays.com\/de\/wp-json\/wp\/v2\/posts\/1277410","targetHints":{"allow":["GET"]}}],"collection":[{"href":"https:\/\/www.europesays.com\/de\/wp-json\/wp\/v2\/posts"}],"about":[{"href":"https:\/\/www.europesays.com\/de\/wp-json\/wp\/v2\/types\/post"}],"author":[{"embeddable":true,"href":"https:\/\/www.europesays.com\/de\/wp-json\/wp\/v2\/users\/2"}],"replies":[{"embeddable":true,"href":"https:\/\/www.europesays.com\/de\/wp-json\/wp\/v2\/comments?post=1277410"}],"version-history":[{"count":0,"href":"https:\/\/www.europesays.com\/de\/wp-json\/wp\/v2\/posts\/1277410\/revisions"}],"wp:featuredmedia":[{"embeddable":true,"href":"https:\/\/www.europesays.com\/de\/wp-json\/wp\/v2\/media\/1276230"}],"wp:attachment":[{"href":"https:\/\/www.europesays.com\/de\/wp-json\/wp\/v2\/media?parent=1277410"}],"wp:term":[{"taxonomy":"category","embeddable":true,"href":"https:\/\/www.europesays.com\/de\/wp-json\/wp\/v2\/categories?post=1277410"},{"taxonomy":"post_tag","embeddable":true,"href":"https:\/\/www.europesays.com\/de\/wp-json\/wp\/v2\/tags?post=1277410"}],"curies":[{"name":"wp","href":"https:\/\/api.w.org\/{rel}","templated":true}]}}