{"id":1277416,"date":"2026-09-03T05:42:22","date_gmt":"2026-09-03T05:42:22","guid":{"rendered":"https:\/\/www.europesays.com\/de\/1277416\/"},"modified":"2026-09-03T05:42:22","modified_gmt":"2026-09-03T05:42:22","slug":"wetter-in-dresden-bringt-regen-wind-und-bis-zu-27-grad","status":"publish","type":"post","link":"https:\/\/www.europesays.com\/de\/1277416\/","title":{"rendered":"Wetter in Dresden bringt Regen, Wind und bis zu 27 Grad"},"content":{"rendered":"<p>Bis 27 Grad <\/p>\n<p>Wetter wird wechselhaft \u2013 am Wochenende kommt die Sonne zur\u00fcck<\/p>\n<p>03.09.2026 &#8211; 07:10 UhrLesedauer: 2 Min.<\/p>\n<p><a href=\"#focus-0\" class=\"transition-colors block text-current relative\" data-sctrack=\"FocusGalleryImage.Reference\"><img fetchpriority=\"high\" data-testid=\"Opener.Image\"   loading=\"eager\" src=\"https:\/\/www.europesays.com\/de\/wp-content\/uploads\/2026\/09\/zum-wochenauftakt-gibt-es-viele-wolken-archivbild.jpg\" alt=\"Wetter in Dresden\" title=\"Wetter in Dresden\" width=\"2048\" height=\"1152\" class=\"bg-[url:var(--lqipURL)] bg-cover bg-center flex h-full w-full max-w-full\" style=\"--lqipURL:url('https:\/\/images.t-online.de\/2026\/07\/XZjRRg7edJZ9\/0x65:2048x1152\/fit-in\/150x0\/filters:blur(25)\/zum-wochenauftakt-gibt-es-viele-wolken-archivbild.jpg')\" decoding=\"async\"\/><img loading=\"lazy\" src=\"https:\/\/dresden.t-online.de\/s\/paper\/_next\/static\/media\/zoom-in.f7dae02f.svg\" alt=\"Vergr\u00f6\u00dfern des Bildes\" title=\"Vergr\u00f6\u00dfern des Bildes\" class=\"block h-[calc(var(--height)_\/_16_*_1rem)] w-[calc(var(--width)_\/_16_*_1rem)] max-w-none absolute right-8 bottom-8 rounded-4 bg-snow p-8\" style=\"--width:32;--height:32\" decoding=\"async\"\/><\/a><\/p>\n<p>Wolken \u00fcber Dresden (Archivbild): Noch ist das Wetter in der s\u00e4chsischen Landeshauptstadt wechselhaft. Das soll sich aber schon am Wochenende wieder \u00e4ndern. (Quelle: Robert Michael\/dpa\/dpa-bilder)<\/p>\n<p><img loading=\"lazy\" src=\"https:\/\/dresden.t-online.de\/s\/paper\/_next\/static\/media\/audio-volume.6689034c.svg\" alt=\"\" title=\"\" class=\"block h-[calc(var(--height)_\/_16_*_1rem)] w-[calc(var(--width)_\/_16_*_1rem)] max-w-none group-hover:brightness-0 group-hover:invert\" style=\"--width:16;--height:16\" decoding=\"async\"\/>Vorlesen<\/p>\n<p>Aktuelle Zeit:0:00Gesamtdauer:0:00<\/p>\n<p>1x<img loading=\"lazy\" src=\"https:\/\/dresden.t-online.de\/s\/paper\/_next\/static\/media\/font-sizes.32942e33.svg\" alt=\"\" title=\"\" class=\"block h-[calc(var(--height)_\/_16_*_1rem)] w-[calc(var(--width)_\/_16_*_1rem)] max-w-none group-hover:hidden group-aria-expanded:hidden\" style=\"--width:16;--height:16\" decoding=\"async\"\/><img loading=\"lazy\" src=\"https:\/\/dresden.t-online.de\/s\/paper\/_next\/static\/media\/font-sizes-dark-mode.e382645c.svg\" alt=\"\" title=\"\" class=\"block h-[calc(var(--height)_\/_16_*_1rem)] w-[calc(var(--width)_\/_16_*_1rem)] max-w-none hidden group-hover:block group-aria-expanded:block\" style=\"--width:16;--height:16\" decoding=\"async\"\/><img loading=\"lazy\" src=\"https:\/\/dresden.t-online.de\/s\/paper\/_next\/static\/media\/sharing-menu-icon.1eb71368.svg\" alt=\"\" title=\"\" class=\"block h-[calc(var(--height)_\/_16_*_1rem)] w-[calc(var(--width)_\/_16_*_1rem)] max-w-none group-hover:brightness-0 group-hover:invert\" style=\"--width:16;--height:16\" decoding=\"async\"\/>Artikel teilen<\/p>\n<p class=\"font-bold text-18 leading-17 user-text-lg:text-22 user-text-xl:text-24\">Schauer und b\u00f6iger Wind pr\u00e4gen die n\u00e4chsten Tage in Dresden. Ab Sonntag soll es deutlich freundlicher werden.<\/p>\n<p class=\"text-18 leading-17 user-text-lg:text-22 user-text-xl:text-24\">Dresden erwartet am Donnerstag nach der Prognose des Deutschen Wetterdienstes (DWD) wechselhaftes Wetter mit Schauern und Temperaturen bis 22 Grad. Laut wetter.com liegen die Werte am Morgen bei 15 Grad, tags\u00fcber bei bis zu 22 Grad und am Abend noch bei 20 bis 21 Grad. Wetter.com gibt zudem eine Niederschlagswahrscheinlichkeit von 70 Prozent an. Die B\u00f6en liegen demnach zwischen 25 und 37 km\/h; der DWD rechnet zudem mit m\u00e4\u00dfigem bis frischem S\u00fcdwest- bis Westwind.<\/p>\n<p class=\"text-18 leading-17 user-text-lg:text-22 user-text-xl:text-24\">F\u00fcr Freitag sagt der DWD zun\u00e4chst viele Wolken voraus, dazu Regen im Nordosten. Im Tagesverlauf sollen von S\u00fcdwesten her Auflockerungen folgen. Die Temperaturen steigen auf 24 bis 26 Grad; laut wetter.com werden sogar bis zu 27 Grad erreicht, die Tiefstwerte l\u00e4gen bei 18 Grad. Der Wind weht laut DWD aus S\u00fcdwest bis West, zeitweise mit steifen und einzelnen st\u00fcrmischen B\u00f6en; auf dem Fichtelberg seien Sturmb\u00f6en m\u00f6glich.<\/p>\n<p>Wetter in Dresden: Samstag soll es regnen, Sonntag wird es heiter<\/p>\n<p class=\"text-18 leading-17 user-text-lg:text-22 user-text-xl:text-24\">Am Samstag erwartet der DWD anfangs dichte Bew\u00f6lkung und zeitweise Regen. Sp\u00e4ter sollen die Wolken auflockern, es bleibt dann weitgehend trocken. Die H\u00f6chstwerte liegen nach DWD-Angaben bei 20 bis 23 Grad; wetter.com nennt 22 Grad als H\u00f6chstwert und 16 Grad als Tiefstwert und beschreibt das Wetter als teils sonnig und windig.<\/p>\n<p>Empfohlener externer InhaltYoutube<\/p>\n<p class=\"text-14 leading-15\">Wir ben\u00f6tigen Ihre Einwilligung, um den von unserer Redaktion eingebundenen Youtube-Inhalt anzuzeigen. Sie k\u00f6nnen diesen (und damit auch alle weiteren Youtube-Inhalte auf t-online.de) mit einem Klick anzeigen lassen und auch wieder deaktivieren.<\/p>\n<p>Youtube-Inhalte immer anzeigen<\/p>\n<p>Ich bin damit einverstanden, dass mir externe Inhalte angezeigt werden. Damit k\u00f6nnen personenbezogene Daten an Drittplattformen \u00fcbermittelt werden. <a href=\"https:\/\/www.t-online.de\/datenschutz\/id_88397036\/index#17-externe-inhalte\" target=\"_blank\" class=\"transition-colors text-magenta\" rel=\"nofollow noopener\">Mehr dazu in unseren Datenschutzhinweisen<\/a>.<\/p>\n<p class=\"text-18 leading-17 user-text-lg:text-22 user-text-xl:text-24\">Dazu kommt m\u00e4\u00dfiger, teils b\u00f6iger Wind; laut wetter.com sind B\u00f6en bis 53 km\/h m\u00f6glich. Die Regenwahrscheinlichkeit liegt nach Angaben von wetter.com bei 10 Prozent.<\/p>\n<p class=\"text-18 leading-17 user-text-lg:text-22 user-text-xl:text-24\">F\u00fcr Sonntag rechnet der DWD mit heiterem bis wolkigem Wetter, am Abend mit viel Sonnenschein. Es soll trocken bleiben. Die Temperaturen erreichen laut Prognose 22 bis 26 Grad; wetter.com erwartet als H\u00f6chstwert 20 Grad und als Tiefstwert 12 Grad. Wetter.com gibt eine Regenwahrscheinlichkeit von 0 Prozent an. Der Wind bleibt laut DWD schwach und soll im Tagesverlauf auf S\u00fcdost bis Ost drehen.<\/p>\n","protected":false},"excerpt":{"rendered":"Bis 27 Grad Wetter wird wechselhaft \u2013 am Wochenende kommt die Sonne zur\u00fcck 03.09.2026 &#8211; 07:10 UhrLesedauer: 2&hellip;\n","protected":false},"author":2,"featured_media":1277417,"comment_status":"","ping_status":"","sticky":false,"template":"","format":"standard","meta":{"footnotes":"","_share_on_mastodon":"0"},"categories":[1835],"tags":[722,3176,17161,3364,950,29,2386,4906,30,859,28194],"class_list":["post-1277416","post","type-post","status-publish","format-standard","has-post-thumbnail","category-dresden","tag-722","tag-3176","tag-17161","tag-de","tag-deutscher-wetterdienst","tag-deutschland","tag-dresden","tag-dwd","tag-germany","tag-sachsen","tag-suedwest"],"share_on_mastodon":{"url":"https:\/\/pubeurope.com\/@de\/117205518714844125","error":""},"_links":{"self":[{"href":"https:\/\/www.europesays.com\/de\/wp-json\/wp\/v2\/posts\/1277416","targetHints":{"allow":["GET"]}}],"collection":[{"href":"https:\/\/www.europesays.com\/de\/wp-json\/wp\/v2\/posts"}],"about":[{"href":"https:\/\/www.europesays.com\/de\/wp-json\/wp\/v2\/types\/post"}],"author":[{"embeddable":true,"href":"https:\/\/www.europesays.com\/de\/wp-json\/wp\/v2\/users\/2"}],"replies":[{"embeddable":true,"href":"https:\/\/www.europesays.com\/de\/wp-json\/wp\/v2\/comments?post=1277416"}],"version-history":[{"count":0,"href":"https:\/\/www.europesays.com\/de\/wp-json\/wp\/v2\/posts\/1277416\/revisions"}],"wp:featuredmedia":[{"embeddable":true,"href":"https:\/\/www.europesays.com\/de\/wp-json\/wp\/v2\/media\/1277417"}],"wp:attachment":[{"href":"https:\/\/www.europesays.com\/de\/wp-json\/wp\/v2\/media?parent=1277416"}],"wp:term":[{"taxonomy":"category","embeddable":true,"href":"https:\/\/www.europesays.com\/de\/wp-json\/wp\/v2\/categories?post=1277416"},{"taxonomy":"post_tag","embeddable":true,"href":"https:\/\/www.europesays.com\/de\/wp-json\/wp\/v2\/tags?post=1277416"}],"curies":[{"name":"wp","href":"https:\/\/api.w.org\/{rel}","templated":true}]}}