{"id":1277420,"date":"2026-09-03T05:44:48","date_gmt":"2026-09-03T05:44:48","guid":{"rendered":"https:\/\/www.europesays.com\/de\/1277420\/"},"modified":"2026-09-03T05:44:48","modified_gmt":"2026-09-03T05:44:48","slug":"bremen-nabu-entwickelt-naturzentrum-als-gruenes-vorbild","status":"publish","type":"post","link":"https:\/\/www.europesays.com\/de\/1277420\/","title":{"rendered":"Bremen: Nabu entwickelt Naturzentrum als gr\u00fcnes Vorbild"},"content":{"rendered":"<ul>\n<li>Das Nabu Bremen gestaltet am Vahrer Feldweg ein drei Hektar gro\u00dfes Naturzentrum mit vielf\u00e4ltigen Lebensr\u00e4umen wie Streuobstwiesen, Sumpfbeeten und \u201eWilder Wald\u201c, seit 2013 im naturnahen Konzept.<\/li>\n<li>Umweltbildung ist ein Schwerpunkt: Kinder, Jugendliche und Erwachsene nehmen im Naturzentrum an Workshops, Ferienbetreuung und Aktionen wie Pflanzenfarbenherstellung oder Pilzbestimmung teil.<\/li>\n<li>Einladung: \u201eZur n\u00e4chsten Aktion wird f\u00fcr Sonnabend, 5. September, 10 bis 14 Uhr zu einem Brotback-Workshop im Naturzentrum, Vahrer Feldweg 185, eingeladen. Die Teilnahme kostet zehn Euro, Anmeldung: info@nabu-bremen.de.\u201c<\/li>\n<\/ul>\n<p>            Mehr anzeigen<br \/>\n            Weniger anzeigen<\/p>\n<p>\n     32 Grad zeigt das Thermometer, in der Bremer Innenstadt steht die Hitze zwischen den Geb\u00e4uden. Die Sonne knallt nicht nur vom Himmel, sondern vom Asphalt gleich wieder zur\u00fcck. Ein paar Fahrradminuten sp\u00e4ter ist davon kaum noch etwas zu sp\u00fcren. Am Vahrer Feldweg liegt das rund drei Hektar gro\u00dfe Naturzentrum des <a href=\"http:\/\/doc7wmwws3z4i01im7kamid\" rel=\"nofollow\">Nabu Bremen<\/a>. Vom Erdboden des ausgeschilderten Rundwegs steigt angenehme K\u00fchle auf. Aus dem Geb\u00fcsch zwitschert, summt und brummt es.\n<\/p>\n<p>Seit 2013 entwickelt der Nabu die ehemalige Zierg\u00e4rtnerei F\u00f6rdelmann Schritt f\u00fcr Schritt zu einem Naturrefugium. Wo das Gel\u00e4nde fr\u00fcher vor allem f\u00fcr die g\u00e4rtnerische Nutzung angelegt war, entstehen heute vielf\u00e4ltige Lebensr\u00e4ume. Streuobstwiesen, Sumpfbeete und ein rund 10.000 Quadratmeter gro\u00dfer &#8222;Wilder Wald&#8220; geh\u00f6ren inzwischen dazu. &#8222;Wir sind noch lange nicht fertig&#8220;, sagt Christoph R\u00f6ttgers, Gesch\u00e4ftsf\u00fchrer des Nabu Bremen. Und genau das ist Teil des Konzepts: Die Weiterentwicklung des Gel\u00e4ndes soll zeigen, wie naturnahe Gestaltung funktionieren kann \u2013 auch im eigenen <a href=\"https:\/\/www.weser-kurier.de\/thema\/garten-q1107656\/\" rel=\"nofollow noopener\" target=\"_blank\">Garten<\/a> oder auf dem Balkon.<\/p>\n<p>Essbares auf sieben Ebenen<\/p>\n<p>&#8222;Ganz diplomatisch gesagt ist der Rundgang mein liebster Aspekt des Gel\u00e4ndes&#8220;, sagt R\u00f6ttgers lachend. &#8222;Denn da kommt man \u00fcberall vorbei.&#8220; Einer der H\u00f6hepunkte auf der Strecke ist der Waldgarten. &#8222;Er ist mein absoluter Lieblingsort hier&#8220;, erkl\u00e4rt die ehrenamtlich engagierte Christiane Breder. Auf rund 3.000 Quadratmetern entsteht ein sogenannter &#8222;Food Forest&#8220;. Das Prinzip orientiert sich am \u00d6kosystem Wald, nur wachsen hier essbare Pflanzen: N\u00fcsse, Obst, Beeren, Kr\u00e4uter und Gem\u00fcse sollen auf bis zu sieben Ebenen nebeneinander gedeihen. Dazwischen entstehen Strukturen und Lebensr\u00e4ume f\u00fcr Insekten und Wildtiere.<\/p>\n<p>        <img decoding=\"async\" alt=\"Ehrenamtliche Unterst\u00fctzerinnen sind Lore Neldert (li.) und Christiane Breder, hier im Zentrum des Waldgartens.\" src=\"https:\/\/www.europesays.com\/de\/wp-content\/uploads\/2026\/09\/1788414285_248_Landscape.jpg\"\/><\/p>\n<p>Ehrenamtliche Unterst\u00fctzerinnen sind Lore Neldert (li.) und Christiane Breder, hier im Zentrum des Waldgartens.<\/p>\n<p>                    Foto:<br \/>\n     PETRA STUBBE <\/p>\n<p>Ein paar Meter weiter entsteht bis Mitte 2027 ein neuer Naturerfahrungsraum. Umweltbildung ist ein zentraler Schwerpunkt der Arbeit des Nabu \u2013 insbesondere f\u00fcr Kinder und Jugendliche. Schon bei der Planung durften sie mitreden: W\u00e4hrend einer Ferienbetreuung zeigten Kinder ihre Lieblingsorte auf dem Gel\u00e4nde und erz\u00e4hlten, was sie sich f\u00fcr die neue Fl\u00e4che w\u00fcnschen. Projektleiter Luca Kerk koordiniert das Vorhaben seit Herbst 2025. Pflanzen und Tiere beobachten, Biotope entdecken, experimentieren und selbst aktiv werden \u2013 der neue Bereich soll zu einem &#8222;lebendigen Klassenzimmer&#8220; werden.<\/p>\n<p>&#8222;Das Wissen in den B\u00fcschen&#8220;<\/p>\n<p>Dabei geh\u00f6rt Naturbildung schon heute fest zum Alltag auf dem Gel\u00e4nde. Schulklassen und Kita-Gruppen kommen zu Aktionen, au\u00dferdem gibt es Ferienbetreuung und Workshops \u2013 auch f\u00fcr Erwachsene. Im September k\u00f6nnen Teilnehmende beispielsweise aus Pflanzen eigene Farben herstellen oder \u00c4pfel von der Streuobstwiese zu Kompott verarbeiten. Im Oktober geht es bei einem Einsteigerkurs um das Bestimmen von Pilzen. &#8222;Hier steckt das Wissen in den B\u00fcschen&#8220;, sagt Kerk.<\/p>\n<p>        <img decoding=\"async\" alt=\"Luca Kerk ist Projektleiter f\u00fcr das Gr\u00fcne Foyer des Gel\u00e4ndes.\" src=\"https:\/\/www.europesays.com\/de\/wp-content\/uploads\/2026\/09\/1788414286_960_Landscape.jpg\"\/><\/p>\n<p>Luca Kerk ist Projektleiter f\u00fcr das Gr\u00fcne Foyer des Gel\u00e4ndes.<\/p>\n<p>                    Foto:<br \/>\n     PETRA STUBBE <\/p>\n<p>Auch direkt am Eingang ver\u00e4ndert sich gerade etwas. Wo fr\u00fcher ein Gew\u00e4chshaus stand, entsteht aktuell das sogenannte &#8222;Gr\u00fcne Foyer&#8220;. Die rund 3.000 Quadratmeter gro\u00dfe Fl\u00e4che soll k\u00fcnftig einladender Eingangsbereich sein. Sitzgruppen sollen zum Verweilen einladen, gleichzeitig entsteht ein Naturgarten mit Lern- und Schaucharakter. \u00d6kologisch und sch\u00f6n \u2013 das m\u00fcsse kein Widerspruch sein, wei\u00df Kerk. Im Herbst soll die Fl\u00e4che bepflanzt werden, im November ist eine Teiler\u00f6ffnung geplant.<\/p>\n<p>Gel\u00e4ndekonzept entwickelt<\/p>\n<p>Hinter den vielen Einzelprojekten steckt ein gr\u00f6\u00dferer Plan. Anfang 2024 gr\u00fcndete der Nabu die Gel\u00e4ndekonzept-AG, in der Haupt- und Ehrenamtliche gemeinsam \u00fcberlegen, wie sich die Fl\u00e4che entwickeln soll. Rund ein Jahr dauerte die Arbeit am Gesamtkonzept. Um die Vision umzusetzen, braucht es allerdings mehr als F\u00f6rdermittel und hauptamtliche Besch\u00e4ftigte. Rund 80 bis 100 Menschen engagieren sich nach Angaben des Nabu regelm\u00e4\u00dfig ehrenamtlich in den breit gef\u00e4cherten Arbeitsgruppen auf dem Gel\u00e4nde \u2013 von Biotop- \u00fcber Vogel- bis hin zum Amphibienschutz.<\/p>\n<p>        <img decoding=\"async\" alt=\"Eine Schutzh\u00fctte im Waldgarten l\u00e4dt zum Verweilen in der Natur ein.\" src=\"https:\/\/www.europesays.com\/de\/wp-content\/uploads\/2026\/09\/1788414287_564_Landscape.jpg\"\/><\/p>\n<p>Eine Schutzh\u00fctte im Waldgarten l\u00e4dt zum Verweilen in der Natur ein.<\/p>\n<p>                    Foto:<br \/>\n     PETRA STUBBE <\/p>\n<p>Breder kam \u00fcber den Waldgarten zum Naturschutzbund, Lore Neldert wollte mehr \u00fcber biologischen Gem\u00fcseanbau lernen. Beide Rentnerinnen sind geblieben und inzwischen fester Bestandteil der Gel\u00e4ndekonzept-AG. &#8222;Jedes Mal, wenn ich nach Hause fahre, bin ich erf\u00fcllt&#8220;, sagt Breder. Wer mitmachen m\u00f6chte, m\u00fcsse dabei weder Expertin noch Gartenprofi sein. &#8222;Kommt einfach vorbei. Wir nehmen euch an die Hand.&#8220;<\/p>\n<p>Die Arbeit geht den Ehrenamtlichen bei drei Hektar Gel\u00e4nde jedenfalls nicht aus. Dabei sind es neben mit F\u00f6rderungen verbundenen Auflagen manchmal die ganz praktischen Dinge, die sie herausfordern. &#8222;Etwa die wuchernde Brombeere&#8220;, sagt Breder.<\/p>\n<p>Natur ist ein Prozess<\/p>\n<p>&#8222;Fertig wird das Gel\u00e4nde nie sein&#8220;, sagt Kerk. &#8222;Denn Natur ist ein Prozess.&#8220; Statt auf Schafe und Esel, die bis 2023 auf dem Gel\u00e4nde lebten und mit einem hohen Personal- und Kostenaufwand verbunden waren, setzt der Nabu inzwischen st\u00e4rker auf die unscheinbaren Arten, &#8222;die man nicht streicheln kann&#8220;, wie R\u00f6ttgers sagt. Schon heute finden sich auf dem Gel\u00e4nde seltene Insekten wie die Gro\u00dfe Holzbiene oder die Hornissenschwebfliege.<\/p>\n<p>        <img decoding=\"async\" alt=\"Auf der Streuobstwiese finden sich B\u00e4ume mit einheimischen Apfelsorten.\" src=\"https:\/\/www.europesays.com\/de\/wp-content\/uploads\/2026\/09\/Portrait.jpg\"\/><\/p>\n<p>Auf der Streuobstwiese finden sich B\u00e4ume mit einheimischen Apfelsorten.<\/p>\n<p>                    Foto:<br \/>\n     PETRA STUBBE <\/p>\n<p>Was hier im Gro\u00dfen funktioniert, l\u00e4sst sich auch bereits im Kleinen umsetzen. &#8222;Den Asphalt der Domsheide kann niemand allein entsiegeln&#8220;, sagt Kerk. Einen Balkon oder Garten naturn\u00e4her zu gestalten, sei dagegen ein niedrigschwelliger Anfang. Er empfiehlt vor allem heimische Pflanzen: &#8222;Sie sind auf die hiesigen \u00d6kosysteme spezialisiert.&#8220; Breder hat es ausprobiert: &#8222;Die Schafgarbe bl\u00fcht bei mir wundersch\u00f6n.&#8220;<\/p>\n<p>F\u00fcr R\u00f6ttgers ist das Naturzentrum mehr als ein St\u00fcck Natur mitten in der Stadt: &#8222;Unser Gel\u00e4nde ist hier in Bremen ein gr\u00fcner Punkt, umgeben von roter Fl\u00e4che.&#8220; Solche Orte w\u00fcrden einen Unterschied machen \u2013 nicht nur f\u00fcr Tiere und Pflanzen, sondern auch f\u00fcr die Menschen, die hier gemeinsam etwas bewegen wollen. Und vielleicht beginnt genau dort die Hoffnung, dass aus vielen kleinen Ver\u00e4nderungen irgendwann eine gr\u00fcnere Stadt wird.<\/p>\n<p>                Info<\/p>\n<p>Wer sich selbst ein Bild machen m\u00f6chte, kann das Nabu-Naturzentrum, Vahrer Feldweg, montags bis freitags von 10 bis 18 Uhr ohne Anmeldung besuchen. Zur n\u00e4chsten Aktion wird f\u00fcr Sonnabend, 5. September, 10 bis 14 Uhr zu einem Brotback-Workshop im Naturzentrum, Vahrer Feldweg 185, eingeladen. Die Teilnahme kostet zehn Euro, Anmeldung: info@nabu-bremen.de.<\/p>\n<p>    <strong><br \/>\nHinweis:<br \/>\n<\/strong><br \/>\n Bei Google-Suchen erscheinen neben den regul\u00e4ren Ergebnissen auch aktuelle News-Boxen mit relevanten Meldungen. Wenn Sie den WESER-KURIER als bevorzugte Quelle markieren, werden unsere Inhalte dort k\u00fcnftig h\u00e4ufiger ber\u00fccksichtigt.<br \/>\n<a href=\"https:\/\/www.google.com\/preferences\/source?q=weser-kurier.de\" target=\"_blank\" rel=\"nofollow noopener\"> Einfach den WESER-KURIER \u00fcber diesen Link als Favorit hinzuf\u00fcgen und immer schnell \u00fcber Bremen und die Region informiert bleiben<\/a><br \/>\n.<\/p>\n<p>                        <a href=\"https:\/\/www.weser-kurier.de\/\" id=\"home\" class=\"button primary-primary font-size-15_1 m-0a customEvent\" data-layer-event-name=\"customEvent\" data-layer-trigger=\"click\" data-layer-category=\"artikelscoring\" data-layer-action=\"startseite_button\" data-layer-label=\"doc87et3kfemdvb2fofgg\" data-layer-value=\"https:\/\/www.weser-kurier.de\/bremen\/stadtteil-hemelingen\/1\" rel=\"nofollow noopener\" target=\"_blank\">Zur Startseite<\/a><\/p>\n","protected":false},"excerpt":{"rendered":"Das Nabu Bremen gestaltet am Vahrer Feldweg ein drei Hektar gro\u00dfes Naturzentrum mit vielf\u00e4ltigen Lebensr\u00e4umen wie Streuobstwiesen, Sumpfbeeten&hellip;\n","protected":false},"author":2,"featured_media":1277421,"comment_status":"","ping_status":"","sticky":false,"template":"","format":"standard","meta":{"footnotes":"","_share_on_mastodon":"0"},"categories":[1824],"tags":[2420,3364,29,30],"class_list":["post-1277420","post","type-post","status-publish","format-standard","has-post-thumbnail","category-bremen","tag-bremen","tag-de","tag-deutschland","tag-germany"],"share_on_mastodon":{"url":"https:\/\/pubeurope.com\/@de\/117205525983317918","error":""},"_links":{"self":[{"href":"https:\/\/www.europesays.com\/de\/wp-json\/wp\/v2\/posts\/1277420","targetHints":{"allow":["GET"]}}],"collection":[{"href":"https:\/\/www.europesays.com\/de\/wp-json\/wp\/v2\/posts"}],"about":[{"href":"https:\/\/www.europesays.com\/de\/wp-json\/wp\/v2\/types\/post"}],"author":[{"embeddable":true,"href":"https:\/\/www.europesays.com\/de\/wp-json\/wp\/v2\/users\/2"}],"replies":[{"embeddable":true,"href":"https:\/\/www.europesays.com\/de\/wp-json\/wp\/v2\/comments?post=1277420"}],"version-history":[{"count":0,"href":"https:\/\/www.europesays.com\/de\/wp-json\/wp\/v2\/posts\/1277420\/revisions"}],"wp:featuredmedia":[{"embeddable":true,"href":"https:\/\/www.europesays.com\/de\/wp-json\/wp\/v2\/media\/1277421"}],"wp:attachment":[{"href":"https:\/\/www.europesays.com\/de\/wp-json\/wp\/v2\/media?parent=1277420"}],"wp:term":[{"taxonomy":"category","embeddable":true,"href":"https:\/\/www.europesays.com\/de\/wp-json\/wp\/v2\/categories?post=1277420"},{"taxonomy":"post_tag","embeddable":true,"href":"https:\/\/www.europesays.com\/de\/wp-json\/wp\/v2\/tags?post=1277420"}],"curies":[{"name":"wp","href":"https:\/\/api.w.org\/{rel}","templated":true}]}}