{"id":1277449,"date":"2026-09-03T06:01:13","date_gmt":"2026-09-03T06:01:13","guid":{"rendered":"https:\/\/www.europesays.com\/de\/1277449\/"},"modified":"2026-09-03T06:01:13","modified_gmt":"2026-09-03T06:01:13","slug":"mord-an-der-motorworld-polizei-nimmt-weiteren-verdaechtigen-in-muenchen-fest","status":"publish","type":"post","link":"https:\/\/www.europesays.com\/de\/1277449\/","title":{"rendered":"Mord an der Motorworld: Polizei nimmt weiteren Verd\u00e4chtigen in M\u00fcnchen fest"},"content":{"rendered":"<p class=\"mb-6 text-xs-varying md:text-m lg:text-l font-serif group-[.font-sans]:font-sans \">\n    <a href=\"https:\/\/www.augsburger-allgemeine.de\/bayern\/mord-an-der-muenchner-motorworld-polizei-ermittelt-nach-tod-eines-geschaeftsmanns-114848314\" target=\"_self\" class=\"underline \" rel=\"nofollow noopener\">Der gewaltsame Tod eines 51-j\u00e4hrigen Gesch\u00e4ftsmanns besch\u00e4ftigt weiterhin die M\u00fcnchner Mordkommission.<\/a> Der Mann war am 15. Juli an der Motorworld in Freimann get\u00f6tet worden, so der aktuelle Stand der Ermittlungen. Viele der Hintergr\u00fcnde sind weiterhin unklar, doch nun meldet die Staatsanwaltschaft neue Entwicklungen in dem Fall.\n  <\/p>\n<p>            Staatsanwaltschaft M\u00fcnchen I meldet dritte Festnahme<\/p>\n<p class=\"mb-6 text-xs-varying md:text-m lg:text-l font-serif group-[.font-sans]:font-sans \">\n    Die Lebengsgef\u00e4hrtin des 51-J\u00e4hrigen hatte ihn im Juli als vermisst gemeldet. Beamte fanden sein Auto an der M\u00fcnchner Motorworld. Ermittler gehen davon aus, dass der Mann dort Opfer eines T\u00f6tungsdelikts wurde. Seine Leiche fanden die Polizeibeamten wenige Tage sp\u00e4ter bei Garmisch-Partenkirchen.\n  <\/p>\n<p class=\"mb-6 text-xs-varying md:text-m lg:text-l font-serif group-[.font-sans]:font-sans \">\n    Kurz darauf nahmen die Ermittler einen 37-J\u00e4hrigen und sp\u00e4ter einen 50-J\u00e4hrigen fest. Sie sollen den Gesch\u00e4ftsmann ermordet haben. Das Opfer soll mit mindestens einem der Tatverd\u00e4chtigen in gesch\u00e4ftlicher Beziehung gestanden sein.\n  <\/p>\n<p>      <a href=\"https:\/\/www.augsburger-allgemeine.de\/bayern\/brandanschlag-muenchen-polizei-fasst-verdaechtige-nach-angriff-auf-rodhe-schwarz-115161699\" class=\"hidden  &#010;                md:block md:mr-5 md:min-w-[140px]  aspect-photo md:aspect-tv lg:aspect-tv w-fullXXX relative self-start inline overflow-hidden\" rel=\"nofollow noopener\" target=\"_blank\"><\/p>\n<p>    <img decoding=\"async\" src=\"\" alt=\"Die Beamten suchen nach den Hintergr\u00fcnden.\" title=\"Die Beamten suchen nach den Hintergr\u00fcnden.\" loading=\"lazy\" class=\"h-full w-full object-cover\"\/><br \/>\n   <\/a><\/p>\n<p>            Polizei untersucht Tatverlauf im Fall Motorworld weiter<\/p>\n<p class=\"mb-6 text-xs-varying md:text-m lg:text-l font-serif group-[.font-sans]:font-sans \">\n    Inzwischen gibt es eine weitere Entwicklung: Ende August wurde ein dritter Tatverd\u00e4chtiger festgenommen, das berichtet die tz. Demnach soll es sich laut Angaben der Staatsanwaltschaft M\u00fcnchen I um einen 28-J\u00e4hrigen handeln, der jetzt wegen Mordverdachts in Untersuchungshaft sitzt.\n  <\/p>\n<p class=\"mb-6 text-xs-varying md:text-m lg:text-l font-serif group-[.font-sans]:font-sans \">\n    Ihnen wird vorgeworfen, den Gesch\u00e4ftsmann an der Motorworld aus Habgier get\u00f6tet zu haben. Welche Rolle die drei Beschuldigten jeweils bei der Tat gespielt haben und was genau hinter dem Verbrechen steckt, ist weiterhin Gegenstand der Ermittlungen.\n  <\/p>\n","protected":false},"excerpt":{"rendered":"Der gewaltsame Tod eines 51-j\u00e4hrigen Gesch\u00e4ftsmanns besch\u00e4ftigt weiterhin die M\u00fcnchner Mordkommission. Der Mann war am 15. Juli an&hellip;\n","protected":false},"author":2,"featured_media":1277450,"comment_status":"","ping_status":"","sticky":false,"template":"","format":"standard","meta":{"footnotes":"","_share_on_mastodon":"0"},"categories":[1827],"tags":[513,772,29,980,2816,24491,30,2183,1268,121,1997,36949,263570],"class_list":["post-1277449","post","type-post","status-publish","format-standard","has-post-thumbnail","category-muenchen","tag-auto","tag-bayern","tag-deutschland","tag-festnahme","tag-freimann","tag-garmisch-partenkirchen","tag-germany","tag-mord","tag-muenchen","tag-polizei","tag-staatsanwaltschaft","tag-staatsanwaltschaft-muenchen","tag-tatbeteiligung"],"share_on_mastodon":{"url":"https:\/\/pubeurope.com\/@de\/117205590875789806","error":""},"_links":{"self":[{"href":"https:\/\/www.europesays.com\/de\/wp-json\/wp\/v2\/posts\/1277449","targetHints":{"allow":["GET"]}}],"collection":[{"href":"https:\/\/www.europesays.com\/de\/wp-json\/wp\/v2\/posts"}],"about":[{"href":"https:\/\/www.europesays.com\/de\/wp-json\/wp\/v2\/types\/post"}],"author":[{"embeddable":true,"href":"https:\/\/www.europesays.com\/de\/wp-json\/wp\/v2\/users\/2"}],"replies":[{"embeddable":true,"href":"https:\/\/www.europesays.com\/de\/wp-json\/wp\/v2\/comments?post=1277449"}],"version-history":[{"count":0,"href":"https:\/\/www.europesays.com\/de\/wp-json\/wp\/v2\/posts\/1277449\/revisions"}],"wp:featuredmedia":[{"embeddable":true,"href":"https:\/\/www.europesays.com\/de\/wp-json\/wp\/v2\/media\/1277450"}],"wp:attachment":[{"href":"https:\/\/www.europesays.com\/de\/wp-json\/wp\/v2\/media?parent=1277449"}],"wp:term":[{"taxonomy":"category","embeddable":true,"href":"https:\/\/www.europesays.com\/de\/wp-json\/wp\/v2\/categories?post=1277449"},{"taxonomy":"post_tag","embeddable":true,"href":"https:\/\/www.europesays.com\/de\/wp-json\/wp\/v2\/tags?post=1277449"}],"curies":[{"name":"wp","href":"https:\/\/api.w.org\/{rel}","templated":true}]}}