{"id":1277451,"date":"2026-09-03T06:02:15","date_gmt":"2026-09-03T06:02:15","guid":{"rendered":"https:\/\/www.europesays.com\/de\/1277451\/"},"modified":"2026-09-03T06:02:15","modified_gmt":"2026-09-03T06:02:15","slug":"brandanschlag-muenchen-polizei-fasst-verdaechtige-nach-angriff-auf-rohde-schwarz","status":"publish","type":"post","link":"https:\/\/www.europesays.com\/de\/1277451\/","title":{"rendered":"Brandanschlag M\u00fcnchen: Polizei fasst Verd\u00e4chtige nach Angriff auf Rohde &#038; Schwarz"},"content":{"rendered":"<p class=\"mb-6 text-xs-varying md:text-m lg:text-l font-serif group-[.font-sans]:font-sans \">\n    Die Polizei <a href=\"https:\/\/www.augsburger-allgemeine.de\/orte\/aa-muenchen\" target=\"_self\" class=\"underline \" rel=\"nofollow noopener\">M\u00fcnchen<\/a> ist in der Nacht auf Donnerstag, 3. September, zu einem Gro\u00dfeinsatz ausger\u00fcckt. Im Bereich des Innsbrucker Rings meldete ein Zeuge, dass aus einem <a href=\"https:\/\/www.ka-news.de\/auto\" target=\"_self\" class=\"underline \" rel=\"nofollow noopener\">Auto<\/a> heraus Brands\u00e4tze geworfen worden seien. Kurz darauf brannte es im Bereich der Firmenzentrale von Rohde &amp; Schwarz, wie BR24 berichtet.\n  <\/p>\n<p>            Spezialkr\u00e4fte entsch\u00e4rfen Brandsatz am Innsbrucker Ring<\/p>\n<p class=\"mb-6 text-xs-varying md:text-m lg:text-l font-serif group-[.font-sans]:font-sans \">\n    Nach \u00fcbereinstimmenden Berichten mehrerer Medien, z\u00fcndete einer der Brands\u00e4tze im Bereich von Baucontainern vor dem Unternehmen. Eine Streife habe das Feuer l\u00f6schen k\u00f6nnen. Vor Ort fanden die Beamten einen weiteren Brandsatz, der bislang nicht gez\u00fcndet hatte. Spezialkr\u00e4fte machten diesen unsch\u00e4dlich und sperrten f\u00fcr die Arbeiten den Bereich weitr\u00e4umig ab.\n  <\/p>\n<p>      <a href=\"https:\/\/www.augsburger-allgemeine.de\/mindelheim\/rohde-schwarz-memmingen-jobs-investitionen-wachstum-firmen-portrait-115061954\" class=\"hidden  &#010;                md:block md:mr-5 md:min-w-[140px]  aspect-photo md:aspect-tv lg:aspect-tv w-fullXXX relative self-start inline overflow-hidden\" rel=\"nofollow noopener\" target=\"_blank\"><\/p>\n<p>    <img decoding=\"async\" src=\"\" alt=\"Das Service-Center von Rohde &amp; Schwarz. Bei dem Technologie-Konzern arbeiten \u00fcber 3000 Entwickler. Und wer sich f\u00fcr Elektrotechnik interessiert, hat gute Zukunftsperspektiven in Memmingen.\" title=\"Das Service-Center von Rohde &amp; Schwarz. Bei dem Technologie-Konzern arbeiten \u00fcber 3000 Entwickler. Und wer sich f\u00fcr Elektrotechnik interessiert, hat gute Zukunftsperspektiven in Memmingen.\" loading=\"lazy\" class=\"h-full w-full object-cover\"\/><br \/>\n   <\/a><\/p>\n<p class=\"mb-6 text-xs-varying md:text-m lg:text-l font-serif group-[.font-sans]:font-sans \">\n    Im Zuge der eingeleiteten Fahndung nahmen die Polizeibeamten an einer nahegelegenen Tankstelle am Innsbrucker Ring zwei Tatverd\u00e4chtige fest: eine 28-J\u00e4hrige und einen 38-J\u00e4hrigen. Wie sie mit dem Fall in Verbindung stehen, ist nun Gegenstand der Ermittlungen. Zu den Hintergr\u00fcnden ist bislang nichts bekannt. Das M\u00fcnchner Unternehmen Rohde &amp; Schwarz stellt unter anderem Sicherheitstechnik und Kommunikationsmittel f\u00fcr Beh\u00f6rden und Milit\u00e4r her.\n  <\/p>\n","protected":false},"excerpt":{"rendered":"Die Polizei M\u00fcnchen ist in der Nacht auf Donnerstag, 3. September, zu einem Gro\u00dfeinsatz ausger\u00fcckt. Im Bereich des&hellip;\n","protected":false},"author":2,"featured_media":1277452,"comment_status":"","ping_status":"","sticky":false,"template":"","format":"standard","meta":{"footnotes":"","_share_on_mastodon":"0"},"categories":[1827],"tags":[513,772,12941,90226,29,30,3786,451,1268,121,263571,10934,52083],"class_list":["post-1277451","post","type-post","status-publish","format-standard","has-post-thumbnail","category-muenchen","tag-auto","tag-bayern","tag-brandanschlag","tag-brandsatz","tag-deutschland","tag-germany","tag-grosseinsatz","tag-militaer","tag-muenchen","tag-polizei","tag-rohde-schwarz","tag-tankstelle","tag-technologiekonzern"],"share_on_mastodon":{"url":"https:\/\/pubeurope.com\/@de\/117205594793688476","error":""},"_links":{"self":[{"href":"https:\/\/www.europesays.com\/de\/wp-json\/wp\/v2\/posts\/1277451","targetHints":{"allow":["GET"]}}],"collection":[{"href":"https:\/\/www.europesays.com\/de\/wp-json\/wp\/v2\/posts"}],"about":[{"href":"https:\/\/www.europesays.com\/de\/wp-json\/wp\/v2\/types\/post"}],"author":[{"embeddable":true,"href":"https:\/\/www.europesays.com\/de\/wp-json\/wp\/v2\/users\/2"}],"replies":[{"embeddable":true,"href":"https:\/\/www.europesays.com\/de\/wp-json\/wp\/v2\/comments?post=1277451"}],"version-history":[{"count":0,"href":"https:\/\/www.europesays.com\/de\/wp-json\/wp\/v2\/posts\/1277451\/revisions"}],"wp:featuredmedia":[{"embeddable":true,"href":"https:\/\/www.europesays.com\/de\/wp-json\/wp\/v2\/media\/1277452"}],"wp:attachment":[{"href":"https:\/\/www.europesays.com\/de\/wp-json\/wp\/v2\/media?parent=1277451"}],"wp:term":[{"taxonomy":"category","embeddable":true,"href":"https:\/\/www.europesays.com\/de\/wp-json\/wp\/v2\/categories?post=1277451"},{"taxonomy":"post_tag","embeddable":true,"href":"https:\/\/www.europesays.com\/de\/wp-json\/wp\/v2\/tags?post=1277451"}],"curies":[{"name":"wp","href":"https:\/\/api.w.org\/{rel}","templated":true}]}}