{"id":1277455,"date":"2026-09-03T06:04:29","date_gmt":"2026-09-03T06:04:29","guid":{"rendered":"https:\/\/www.europesays.com\/de\/1277455\/"},"modified":"2026-09-03T06:04:29","modified_gmt":"2026-09-03T06:04:29","slug":"warnstreik-im-hamburger-hafen-verdi-fordert-8-prozent-mehr","status":"publish","type":"post","link":"https:\/\/www.europesays.com\/de\/1277455\/","title":{"rendered":"Warnstreik im Hamburger Hafen &#8211; Verdi fordert 8 Prozent mehr"},"content":{"rendered":"<p _ngcontent-sc113=\"\" class=\"author\"> 03. September 2026 \u2013 Isabell W\u00fcppenhorst <\/p>\n<p _ngcontent-sc113=\"\" class=\"category\">Tarifstreit um L\u00f6hne<\/p>\n<p _ngcontent-sc113=\"\" class=\"intro\">Verdi fordert f\u00fcr die Hafenarbeiter 8,2 Prozent mehr Lohn, die Arbeitgeber wollen aber nur 5,1 Prozent drauflegen. Nun erh\u00f6ht die Gewerkschaft den Druck.<\/p>\n<p><img decoding=\"async\" _ngcontent-sc96=\"\" src=\"https:\/\/www.europesays.com\/de\/wp-content\/uploads\/2026\/03\/verdi.webp.webp\" alt=\"Verdi, Warnstreik\" title=\"Verdi, Warnstreik\"\/><\/p>\n<p>Verdi Warnstreik I Foto: geogif \/ Shutterstock.com<\/p>\n<ul _ngcontent-sc85=\"\">\n<li _ngcontent-sc85=\"\">Im Hamburger Hafen hat ein 48-st\u00fcndiger Warnstreik begonnen.<\/li>\n<li _ngcontent-sc85=\"\">Zum Warnstreik aufgerufen seien unter anderem Hafenarbeiterinnen und Hafenarbeiter von mehr als einem Dutzend Betrieben.<\/li>\n<li _ngcontent-sc85=\"\">Die Gewerkschaft Verdi fordert unter anderem 8,2 Prozent mehr Lohn.<\/li>\n<\/ul>\n<p><img decoding=\"async\" _ngcontent-sc96=\"\" src=\"https:\/\/www.europesays.com\/de\/wp-content\/uploads\/2025\/04\/playbutton.webp.webp\" alt=\"Playbutton f\u00fcr Audioelemente, Playbutton\" title=\"Playbutton f\u00fcr Audioelemente, Playbutton\"\/><\/p>\n<p>03.09.2026<\/p>\n<p>Jetzt anho\u0308ren: Der Streik im Hamburger Hafen hat begonnen<\/p>\n<p _ngcontent-sc85=\"\" align=\"false\">Im Hamburger Hafen hat ein 48-st\u00fcndiger Warnstreik begonnen. Die Gewerkschaft Verdi hat die Besch\u00e4ftigten in der Tarifrunde f\u00fcr die deutschen Seeh\u00e4fen zum zweiten Mal zu einer Arbeitsniederlegung aufgerufen. Bereits am 18. August hatten Hafenarbeiter in Hamburg, Bremerhaven, Wilhelmshaven, Bremen, Brake und Emden f\u00fcr 24 Stunden die Arbeit niedergelegt. Dadurch wurde der Warenumschlag verlangsamt und teils sogar gestoppt.<\/p>\n<p>HHLA und weitere Betriebe zum Warnstreik aufgerufen<\/p>\n<p _ngcontent-sc85=\"\" align=\"false\">Zum Warnstreik aufgerufen seien Hafenarbeiterinnen und Hafenarbeiter von mehr als einem Dutzend Betrieben, darunter die Besch\u00e4ftigten der HHLA-Containerterminals Altenwerder, Burchardkai und Tollerort sowie die Besch\u00e4ftigten des Containerterminals Eurogate und der Gesamthafenbetriebs-Gesellschaft. F\u00fcr Freitag sei eine Demonstration geplant. Sie f\u00fchrt nach Gewerkschaftsangaben von 9.00 Uhr an vom Parkplatz des Containerterminals Burchardkai durch den Hafen. <\/p>\n<p>Gewerkschaft will 8,2 Prozent mehr Lohn<\/p>\n<p _ngcontent-sc85=\"\" align=\"false\">Zuvor hatten die Besch\u00e4ftigten das Angebot des Zentralverbands der deutschen Seehafenbetriebe (ZDS) aus der dritten Verhandlungsrunde nach Gewerkschaftsangaben in einer Befragung mit gro\u00dfer Mehrheit abgelehnt. Insgesamt h\u00e4tten sich an der einw\u00f6chigen R\u00fcckkopplungsrunde mehr als 6.000 Besch\u00e4ftigte beteiligt. F\u00fcr Verdi-Fachbereichsleiter Andr\u00e9 Kretschmar ist das Ergebnis der Befragung eindeutig: &#8222;Dieses Angebot reicht nicht. Die Arbeitgeber k\u00f6nnen das nicht einfach ignorieren.&#8220;<\/p>\n<p _ngcontent-sc85=\"\" align=\"false\">Der Zentralverband der deutschen Seehafenbetriebe hatte in der dritten Verhandlungsrunde eine Entgeltsteigerung von 5,1 Prozent r\u00fcckwirkend zum 1. August 2026 bei einer Laufzeit von 18 Monaten angeboten. Zudem sollten die L\u00f6hne um mindestens 1,20 Euro pro Stunde steigen. Verdi verlangt dagegen bei einer Tariflaufzeit von zw\u00f6lf Monaten ein Lohnplus von 8,2 Prozent, mindestens jedoch 2,50 Euro pro Stunde.<\/p>\n<p>Weitere News On Air<\/p>\n<p _ngcontent-sc85=\"\" align=\"false\">Weitere Nachrichten aus Hamburg, Deutschland und der Welt h\u00f6rt ihr immer zur vollen Stunde bei uns im Programm. Holt euch einfach unsere <a _ngcontent-sc132=\"\" href=\"https:\/\/www.radiohamburg.de\/programm\/frequenzen\/Streamen-%C3%BCber-die-App-id388032.html\" rel=\"nofollow noopener\" target=\"_blank\">kostenlose App<\/a>, h\u00f6rt uns \u00fcber euren <a _ngcontent-sc132=\"\" href=\"https:\/\/www.radiohamburg.de\/programm\/frequenzen\/Alexa-spiele-Radio-Hamburg-id387722.html\" rel=\"nofollow noopener\" target=\"_blank\">Smartspeaker<\/a> oder schaltet mit einem Klick unten auf den Playbutton das Webradio ein. Zum Nachh\u00f6ren gibt\u2019s das Ganze nat\u00fcrlich auch noch mal als <a _ngcontent-sc132=\"\" href=\"https:\/\/www.radiohamburg.de\/hoeren\/podcasts\/Radio-Hamburg-Nachrichten-id388455.html\" rel=\"nofollow noopener\" target=\"_blank\">Podcastangebot<\/a>.<\/p>\n<p><img decoding=\"async\" _ngcontent-sc129=\"\" class=\"\" src=\"https:\/\/www.europesays.com\/de\/wp-content\/uploads\/2025\/04\/app.jpg\" alt=\"App, App Store, iOS, Play Store, Google\" title=\"App, App Store, iOS, Play Store, Google\"\/><\/p>\n<p>Foto: Bloomicon \/ Shutterstock.com<\/p>\n<p> F\u00fcr iOS &amp; Android <\/p>\n<p>Holt euch die kostenlose Radio Hamburg App<\/p>\n<p _ngcontent-sc85=\"\" align=\"false\">H\u00f6rt uns an jedem Ort auf der Welt in bester Qualit\u00e4t &amp; st\u00f6rungsfrei \u00fcber unsere kostenlose App. Holt sie euch jetzt f\u00fcr Android oder iOS.<\/p>\n<p _ngcontent-sc85=\"\" align=\"false\">(Quelle: dpa)<\/p>\n","protected":false},"excerpt":{"rendered":"03. September 2026 \u2013 Isabell W\u00fcppenhorst Tarifstreit um L\u00f6hne Verdi fordert f\u00fcr die Hafenarbeiter 8,2 Prozent mehr Lohn,&hellip;\n","protected":false},"author":2,"featured_media":750703,"comment_status":"","ping_status":"","sticky":false,"template":"","format":"standard","meta":{"footnotes":"","_share_on_mastodon":"0"},"categories":[1826],"tags":[18233,29,30,692,1989,263299,5538,263298,4891,9008,2523],"class_list":["post-1277455","post","type-post","status-publish","format-standard","has-post-thumbnail","category-hamburg","tag-gewerkschaft-verdi","tag-deutschland","tag-germany","tag-hamburg","tag-hamburger-hafen","tag-hamburger-hafen-warnstreik","tag-hhla","tag-loehne-hafenmitarbeiter","tag-tarifstreit","tag-tarifverhandlungen","tag-warnstreik"],"share_on_mastodon":{"url":"https:\/\/pubeurope.com\/@de\/117205602536661141","error":""},"_links":{"self":[{"href":"https:\/\/www.europesays.com\/de\/wp-json\/wp\/v2\/posts\/1277455","targetHints":{"allow":["GET"]}}],"collection":[{"href":"https:\/\/www.europesays.com\/de\/wp-json\/wp\/v2\/posts"}],"about":[{"href":"https:\/\/www.europesays.com\/de\/wp-json\/wp\/v2\/types\/post"}],"author":[{"embeddable":true,"href":"https:\/\/www.europesays.com\/de\/wp-json\/wp\/v2\/users\/2"}],"replies":[{"embeddable":true,"href":"https:\/\/www.europesays.com\/de\/wp-json\/wp\/v2\/comments?post=1277455"}],"version-history":[{"count":0,"href":"https:\/\/www.europesays.com\/de\/wp-json\/wp\/v2\/posts\/1277455\/revisions"}],"wp:featuredmedia":[{"embeddable":true,"href":"https:\/\/www.europesays.com\/de\/wp-json\/wp\/v2\/media\/750703"}],"wp:attachment":[{"href":"https:\/\/www.europesays.com\/de\/wp-json\/wp\/v2\/media?parent=1277455"}],"wp:term":[{"taxonomy":"category","embeddable":true,"href":"https:\/\/www.europesays.com\/de\/wp-json\/wp\/v2\/categories?post=1277455"},{"taxonomy":"post_tag","embeddable":true,"href":"https:\/\/www.europesays.com\/de\/wp-json\/wp\/v2\/tags?post=1277455"}],"curies":[{"name":"wp","href":"https:\/\/api.w.org\/{rel}","templated":true}]}}