{"id":1277462,"date":"2026-09-03T06:08:20","date_gmt":"2026-09-03T06:08:20","guid":{"rendered":"https:\/\/www.europesays.com\/de\/1277462\/"},"modified":"2026-09-03T06:08:20","modified_gmt":"2026-09-03T06:08:20","slug":"tickets-tv-spielplan-alle-infos-zur-basketball-wm-der-frauen-in-berlin","status":"publish","type":"post","link":"https:\/\/www.europesays.com\/de\/1277462\/","title":{"rendered":"Tickets, TV, Spielplan: Alle Infos zur Basketball-WM der Frauen in Berlin"},"content":{"rendered":"<p class=\"tspBAkv tspBAkw\">Vom 4. bis 13. September 2026 findet die Basketball-Weltmeisterschaft der Frauen statt. Zum zweiten Mal nach 1998 wird das Turnier in Berlin ausgetragen. Wir beantworten die wichtigsten Fragen zur WM.<\/p>\n<p> Wie funktioniert der Modus? <\/p>\n<p class=\"tspBAkv\">Neben Gastgeber Deutschland haben sich 15 weitere Mannschaften f\u00fcr das Turnier qualifiziert. Sie treten in der Vorrunde in vier Vierergruppen an, wobei jedes Team drei Spiele absolviert. Die bestplatzierte Nation jeder Gruppe erreicht direkt das Viertelfinale.<\/p>\n<p class=\"tspBAkv\">Die Gruppenzweiten und \u2011dritten spielen in einer ersten K.o.-Runde die \u00fcbrigen vier Pl\u00e4tze f\u00fcr das Viertelfinale aus. Der Spielplan ist enorm eng. Die Vorrunde absolvieren die Teilnehmerinnen mit drei Spielen an vier Tagen. Insgesamt dauert das Turnier nur neun Tage, wobei die Topteams am Ende auf sechs oder sieben Eins\u00e4tze kommen werden.<\/p>\n<p> Wer sind die Favoritinnen? <\/p>\n<p class=\"tspBAkv\">Topfavorit ist \u2013 wie fast immer im Basketball \u2013 Team USA. Das letzte gro\u00dfe Turnier, das die Amerikanerinnen nicht mit der Goldmedaille beendet haben, war die WM 2006. Seitdem gab es neun Triumphe bei Weltmeisterschaften und Olympischen Spielen. <a href=\"https:\/\/www.tagesspiegel.de\/sport\/dream-team-bei-der-wm-in-berlin-topfavorit-usa-sucht-die-balance-zwischen-erfahrung-und-neuen-superstars-15979803.html?icid=in-text-link_15999922\" class=\"link link--internal\" data-gtm-class=\"article-text-link\" data-gtm-val=\"internal\" rel=\"nofollow noopener\" target=\"_blank\">Der Kader ist gespickt mit Superstars aus der WNBA wie Caitlin Clark<\/a>.<\/p>\n<p><img decoding=\"async\" src=\"https:\/\/www.europesays.com\/de\/wp-content\/uploads\/2026\/09\/connecticut-sun-v-indiana-fever.jpeg\"   alt=\"INDIANAPOLIS, INDIANA - AUGUST 28: Caitlin Clark #22 of the Indiana Fever dribbles the ball in the first half against the Connecticut Sun at Gainbridge Fieldhouse on August 28, 2026 in Indianapolis, Indiana. NOTE TO USER: User expressly acknowledges and agrees that, by downloading and or using this photograph, User is consenting to the terms and conditions of the Getty Images License   Andy Lyons\/Getty Images\/AFP (Photo by ANDY LYONS \/ GETTY IMAGES NORTH AMERICA \/ Getty Images via AFP)\" aria-labelledby=\"caption-16000124\" width=\"440\" height=\"330\" loading=\"lazy\" class=\"tspBDk8\"\/> Die US-Amerikanerin Caitlin Clark ist der wahrscheinlich gr\u00f6\u00dfte Star bei der WM. <\/p>\n<p class=\"tspA6kl\"> \u00a9 Getty Images via AFP\/ANDY LYONS <\/p>\n<p class=\"tspBAkv\">Die gr\u00f6\u00dften Konkurrentinnen sind Frankreich, das ebenfalls viele Profis aus der WNBA aufweisen kann, Australien und Europameister Belgien.<\/p>\n<p> Wie stehen die Chancen des deutschen Teams? <\/p>\n<p class=\"tspBAkv\">Der deutsche Basketball erlebt in den vergangenen Jahren <a href=\"https:\/\/www.tagesspiegel.de\/sport\/auslosung-fur-die-wm-in-berlin-ein-riesensignal-fur-den-deutschen-frauenbasketball-15504679.html?icid=in-text-link_15999922\" class=\"link link--internal\" data-gtm-class=\"article-text-link\" data-gtm-val=\"internal\" rel=\"nofollow noopener\" target=\"_blank\">einen steilen Aufw\u00e4rtstrend<\/a> \u2013 und das nicht nur im M\u00e4nnerbereich. Titel hat die Nationalmannschaft der Frauen zwar noch nicht gewonnen, doch ist das Team nach Jahren in der sportlichen Bedeutungslosigkeit wieder auf hohem Niveau konkurrenzf\u00e4hig. <a href=\"https:\/\/www.tagesspiegel.de\/sport\/the-sky-is-the-limit-deutsche-basketballerinnen-ziehen-em-fazit-mit-gemischten-gefuhlen-13939579.html?icid=in-text-link_15999922\" class=\"link link--internal\" data-gtm-class=\"article-text-link\" data-gtm-val=\"internal\" rel=\"nofollow noopener\" target=\"_blank\">Bei den letzten Europameisterschaften reichte es zu den Pl\u00e4tzen sechs und f\u00fcnf<\/a>. In Paris nahm das DBB-Team erstmals an Olympischen Spielen teil.<\/p>\n<p class=\"tspBAkv\">Viele Spielerinnen haben vor dieser Heim-WM <a href=\"https:\/\/www.tagesspiegel.de\/sport\/alba-berlins-alina-hartmann-im-interview-basketball-war-mein-weg-in-die-welt-15169747.html?icid=in-text-link_15999922\" class=\"link link--internal\" data-gtm-class=\"article-text-link\" data-gtm-val=\"internal\" rel=\"nofollow noopener\" target=\"_blank\">eine Medaille als Ziel ausgegeben<\/a>. Unm\u00f6glich ist das nicht, allerdings war die Vorbereitung holprig. Die drei Testspiele gingen allesamt verloren, noch schwerer wiegt aber die Personalsituation.<\/p>\n<p class=\"tspBAkv\">Mit der Berlinerin Satou Sabally hat der gr\u00f6\u00dfte Star aus der WNBA <a href=\"https:\/\/www.tagesspiegel.de\/sport\/bitteres-wm-aus-nach-gehirnerschutterung-wer-soll-satou-sabally-im-deutschen-team-ersetzen-15965489.html?icid=in-text-link_15999922\" class=\"link link--internal\" data-gtm-class=\"article-text-link\" data-gtm-val=\"internal\" rel=\"nofollow noopener\" target=\"_blank\">wegen einer Kopfverletzung abgesagt<\/a>, die Teilnahme ihrer Schwester Nyara ist wegen einer Wadenverletzung noch unsicher. Leonie Fiebich, <a href=\"https:\/\/www.tagesspiegel.de\/sport\/frieda-buhner-uber-die-trans-debatte-im-basketball-bei-dem-thema-wird-hetze-gegen-frauensportlerinnen-gemacht-15953711.html?icid=in-text-link_15999922\" class=\"link link--internal\" data-gtm-class=\"article-text-link\" data-gtm-val=\"internal\" rel=\"nofollow noopener\" target=\"_blank\">Frieda B\u00fchner<\/a> sowie <a href=\"https:\/\/www.tagesspiegel.de\/sport\/basketball-bundestrainer-olaf-lange-im-interview-meine-kinder-weinten-weil-mama-verloren-hatte-wahrend-ich-gerade-champion-geworden-war-15992005.html?icid=in-text-link_15999922\" class=\"link link--internal\" data-gtm-class=\"article-text-link\" data-gtm-val=\"internal\" rel=\"nofollow noopener\" target=\"_blank\">Bundestrainer Olaf Lange<\/a> sind erst sp\u00e4t in der Vorbereitung zum Team gesto\u00dfen, weil sie noch in der WNBA im Einsatz waren.<\/p>\n<p> Wo wird gespielt? <\/p>\n<p class=\"tspBAkv\">1998 wurde ausschlie\u00dflich in der Max-Schmeling-Halle in Prenzlauer Berg gespielt. Dieses Mal finden dort zw\u00f6lf Gruppenspiele statt. Hauptaustragungsort ist allerdings die gro\u00dfe Multifunktionsarena in Friedrichshain. Dort werden ebenfalls zw\u00f6lf Vorrundenspiele sowie die gesamte K.o.-Runde ausgetragen.<\/p>\n<p> Gibt es noch Tickets? <\/p>\n<p class=\"tspBAkv\">Die Spiele der deutschen Mannschaft sowie Halbfinale und Finale sind restlos oder so gut wie ausverkauft. Wie der Deutsche Basketball-Bund am Sonntag mitteilte, sind f\u00fcr das Turnier bereits mehr als 200.000 Tickets verkauft worden\u00a0\u2013 und damit deutlich mehr als f\u00fcr die WM vor vier Jahren in Australien.<\/p>\n<p class=\"tspBAkv\">\u201eDas ist wirklich richtig krass mit den 200.000 verkauften Tickets, auch dass wir damit den Rekord geknackt haben. Das zeigt, dass Berlin und Deutschland ready sind f\u00fcr die Basketball-WM der Frauen\u201c, sagte <a href=\"https:\/\/www.tagesspiegel.de\/sport\/marie-gulich-im-interview-uber-die-wm-in-berlin-das-ist-ein-meilenstein-fur-den-frauenbasketball-15840335.html?icid=in-text-link_15999922\" class=\"link link--internal\" data-gtm-class=\"article-text-link\" data-gtm-val=\"internal\" rel=\"nofollow noopener\" target=\"_blank\">Kapit\u00e4nin Marie G\u00fclich<\/a>. F\u00fcr die meisten anderen Begegnungen, auch von Topfavorit USA, <a href=\"https:\/\/www.eventim.de\/artist\/fiba-basketball-world-cup\/?affiliate=GMD\" target=\"_blank\" rel=\"noopener nofollow\" class=\"link link--external\" data-gtm-class=\"article-text-link\" data-gtm-val=\"external\" aria-describedby=\"message-target-blank\">sind noch ausreichend Karten vorhanden<\/a>.<\/p>\n<p> Wer \u00fcbertr\u00e4gt im TV oder Stream? <\/p>\n<p class=\"tspBAkv\">Wie schon bei den Turnieren der M\u00e4nner hat sich der Telekom-Sender Magentasport\/MagentaTV das gr\u00f6\u00dfte Rechtepaket f\u00fcr die Weltmeisterschaft gesichert. 23 Spiele, darunter alle Spiele der deutschen Mannschaft sowie die gesamte Finalrunde, sind live bei Magenta zu sehen. Als Expertin ist dabei auch die <a href=\"https:\/\/www.tagesspiegel.de\/sport\/dbbl-chefin-ireti-amojo-uber-die-basketball-wm-in-berlin-wir-mussen-dieses-momentum-nutzen-15987014.html?icid=in-text-link_15999922\" class=\"link link--internal\" data-gtm-class=\"article-text-link\" data-gtm-val=\"internal\" rel=\"nofollow noopener\" target=\"_blank\">fr\u00fchere Nationalspielerin und aktuelle DBBL-Vorsitzende Ireti Amojo<\/a> im Einsatz.<\/p>\n<p class=\"tspBAkv\">Mit Pro7\/Pro7Maxx \u00fcbertr\u00e4gt jedoch auch ein klassischer Fernsehsender. So sind alle deutschen Spiele und ausgew\u00e4hlte Partien aus der K.o.-Runde, darunter das Finale, im Free-TV sowie \u00fcber die Streamingplattform Joyn zu sehen. Die Senderaufteilung steht bereits weitgehend fest:<\/p>\n<ul data-qa-hook=\"story-list-ul\" class=\"tspBVm5\">\n<li class=\"tspBVfz tspBVfz\">4. September, 17.45 Uhr, gegen <strong>Spanien<\/strong> \u2013 Pro7<\/li>\n<li class=\"tspBVfz tspBVfz\">5. September, 18 Uhr, gegen <strong>Japan<\/strong> \u2013 Pro7Maxx<\/li>\n<li class=\"tspBVfz tspBVfz\">7. September, 17.50 Uhr, gegen <strong>Mali<\/strong> \u2013 Pro7Maxx<\/li>\n<li class=\"tspBVfz tspBVfz\">8. September, ein Spiel der Zwischenrunde \u2013 Pro7Maxx<\/li>\n<li class=\"tspBVfz tspBVfz\">9. September, ein Viertelfinale \u2013 Pro7Maxx<\/li>\n<\/ul>\n<p> Gibt es ein Public Viewing? <\/p>\n<p class=\"tspBAkv\">Eine gro\u00dfe Fanmeile, wie man sie von fr\u00fcheren Fu\u00dfball-Weltmeisterschaften kennt, gibt es nicht. Alleine schauen, muss man trotzdem nicht. F\u00fcr das erste Spiel der deutschen Mannschaft gegen Spanien gibt es ein <a href=\"https:\/\/docs.google.com\/forms\/d\/e\/1FAIpQLSe_l-gLryw_bak0OvUribafIBv1oDdx7NqgiKFo_iewMqQxZg\/viewform\" target=\"_blank\" rel=\"noopener nofollow\" class=\"link link--external\" data-gtm-class=\"article-text-link\" data-gtm-val=\"external\" aria-describedby=\"message-target-blank\">Public Viewing samt anschlie\u00dfendem Paneltalk im Jungen Tanzhaus in Neuk\u00f6lln<\/a>, organisiert von \u201eErste wird man nicht allein\u201c, Here to Hoop, Polar Pinguin und T\u00fcrkiyemspor. Das Gespann bietet auch f\u00fcr das dritte Gruppenspiel gegen Mali ein gemeinsames Event an. Veranstaltungsort ist Sport 365 im G\u00f6rlitzer Park.<\/p>\n<p class=\"tspACgi\">Empfohlener redaktioneller Inhalt<\/p>\n<p> An dieser Stelle finden Sie einen von unseren Redakteuren ausgew\u00e4hlten, externen Inhalt, der den Artikel f\u00fcr Sie mit zus\u00e4tzlichen Informationen anreichert. Sie k\u00f6nnen sich hier den externen Inhalt mit einem Klick anzeigen lassen oder wieder ausblenden. <\/p>\n<p> Externen Inhalt anzeigen <\/p>\n<p class=\"tspACgo\"> Ich bin damit einverstanden, dass mir der externe Inhalt angezeigt wird. Damit k\u00f6nnen personenbezogene Daten an Drittplattformen \u00fcbermittelt werden.  Mehr Informationen dazu erhalten Sie in den Datenschutz-Einstellungen. Diese finden Sie ganz unten auf unserer Seite im Footer, sodass Sie Ihre Einstellungen jederzeit verwalten oder widerrufen k\u00f6nnen. <\/p>\n<p class=\"tspBAkv\">F\u00fcr das zweite Gruppenspiel gegen Japan gibt es eine Watch Party, organisiert von \u201eHoneyball Club\u201c, in der Adidas Sports Base in Kreuzberg. Der Eintritt ist frei, allerdings ist <a href=\"https:\/\/de.ra.co\/events\/2512362?utm_source=ig&amp;utm_medium=social&amp;utm_content=link_in_bio&amp;fbclid=PAcGRvZgJleHRuA2FlbQIxMQBzcnRjBmFwcF9pZA85MzY2MTk3NDMzOTI0NTkAAaexo-V1-OWMLiUEgegyiGeybTixXtjoU5KwP2l_DMa91eJz6UrfEsSYs1EEQQ_aem_g68ud8Kx9fhCfzt2H0MOLg\" target=\"_blank\" rel=\"noopener nofollow\" class=\"link link--external\" data-gtm-class=\"article-text-link\" data-gtm-val=\"external\" aria-describedby=\"message-target-blank\">eine vorherige Anmeldung erforderlich<\/a>. Auch einige der vielen sportaffinen Bars und Kneipen werden die WM \u00fcbertragen, zum Beispiel die FC Magnet Bar in Mitte, wo die ersten beiden Gruppenspiele zu sehen sein werden.<\/p>\n<p> Was bietet das Rahmenprogramm? <\/p>\n<p class=\"tspBAkv\">Auf dem Vorplatz der Arena in Friedrichshain befindet sich die Fanzone, die vom Weltverband Fiba und dem DBB organisiert wird. Das genaue Programm wurde zwar noch nicht ver\u00f6ffentlicht, doch es wird t\u00e4glich etwas los sein. Auf einem Freiplatz k\u00f6nnen Fans ihre Skills zeigen, am 12. September findet ein 3&#215;3-Turnier f\u00fcr M\u00e4dchen und Frauen statt.<\/p>\n<p class=\"tspBAkv\">Auch an anderen Orten in der Stadt ist Basketball pr\u00e4sent. Neben den klassischen Courts, die sich auch sonst gro\u00dfer Beliebtheit erfreuen\u00a0\u2013 wie im Monbijoupark in Mitte, im Volkspark Friedrichshain oder dem Friedrich-Ludwig-Jahn-Sportpark in Prenzlauer Berg\u00a0\u2013 gibt es auch ein paar neue Freipl\u00e4tze.<\/p>\n<p>Mehr zur Basketball-WM bei Tagesspiegel Plus<a href=\"https:\/\/www.tagesspiegel.de\/sport\/basketball-bundestrainer-olaf-lange-im-interview-meine-kinder-weinten-weil-mama-verloren-hatte-wahrend-ich-gerade-champion-geworden-war-15992005.html?icid=topic-list_15999922___\" data-gtm-class=\"article-mzt-link\" data-hydrate-fingerprint=\"09740a54944caac75fd2c0c63fd5c5df\" data-hydrate-props=\"{&amp;escapedquot;element&amp;escapedquot;:{&amp;escapedquot;type&amp;escapedquot;:&amp;escapedquot;relatedContent&amp;escapedquot;,&amp;escapedquot;fieldMap&amp;escapedquot;:{},&amp;escapedquot;relation&amp;escapedquot;:{&amp;escapedquot;fields&amp;escapedquot;:{&amp;escapedquot;isPaid&amp;escapedquot;:true},&amp;escapedquot;href&amp;escapedquot;:&amp;escapedquot;\/sport\/basketball-bundestrainer-olaf-lange-im-interview-meine-kinder-weinten-weil-mama-verloren-hatte-wahrend-ich-gerade-champion-geworden-war-15992005.html&amp;escapedquot;,&amp;escapedquot;teaserTitle&amp;escapedquot;:{&amp;escapedquot;kicker&amp;escapedquot;:&amp;escapedquot;Basketball-Bundestrainer Olaf Lange im Interview&amp;escapedquot;,&amp;escapedquot;headline&amp;escapedquot;:&amp;escapedquot;\u201eMeine Kinder weinten, weil Mama verloren hatte, w\u00e4hrend ich gerade Champion geworden war\u201c&amp;escapedquot;},&amp;escapedquot;id&amp;escapedquot;:&amp;escapedquot;15992005&amp;escapedquot;,&amp;escapedquot;type&amp;escapedquot;:&amp;escapedquot;story&amp;escapedquot;},&amp;escapedquot;isPartOfList&amp;escapedquot;:true,&amp;escapedquot;topicListType&amp;escapedquot;:&amp;escapedquot;topic-list&amp;escapedquot;},&amp;escapedquot;showArrow&amp;escapedquot;:true}\" data-hydrate-slots=\"{&#039;default&#039;:[]}\" class=\"tspB8oe tspB7oc\" rel=\"nofollow noopener\" target=\"_blank\">Basketball-Bundestrainer Olaf Lange im Interview \u201eMeine Kinder weinten, weil Mama verloren hatte, w\u00e4hrend ich gerade Champion geworden war\u201c <\/a><a href=\"https:\/\/www.tagesspiegel.de\/sport\/dbbl-chefin-ireti-amojo-uber-die-basketball-wm-in-berlin-wir-mussen-dieses-momentum-nutzen-15987014.html?icid=topic-list_15999922___\" data-gtm-class=\"article-mzt-link\" data-hydrate-fingerprint=\"09740a54944caac75fd2c0c63fd5c5df\" data-hydrate-props=\"{&amp;escapedquot;element&amp;escapedquot;:{&amp;escapedquot;type&amp;escapedquot;:&amp;escapedquot;relatedContent&amp;escapedquot;,&amp;escapedquot;fieldMap&amp;escapedquot;:{},&amp;escapedquot;relation&amp;escapedquot;:{&amp;escapedquot;fields&amp;escapedquot;:{&amp;escapedquot;isPaid&amp;escapedquot;:false},&amp;escapedquot;href&amp;escapedquot;:&amp;escapedquot;\/sport\/dbbl-chefin-ireti-amojo-uber-die-basketball-wm-in-berlin-wir-mussen-dieses-momentum-nutzen-15987014.html&amp;escapedquot;,&amp;escapedquot;teaserTitle&amp;escapedquot;:{&amp;escapedquot;kicker&amp;escapedquot;:&amp;escapedquot;\u201eWir m\u00fcssen dieses Momentum nutzen\u201c&amp;escapedquot;,&amp;escapedquot;headline&amp;escapedquot;:&amp;escapedquot;Liga-Chefin Ireti Amojo \u00fcber die Basketball-WM in Berlin&amp;escapedquot;},&amp;escapedquot;id&amp;escapedquot;:&amp;escapedquot;15987014&amp;escapedquot;,&amp;escapedquot;type&amp;escapedquot;:&amp;escapedquot;story&amp;escapedquot;},&amp;escapedquot;isPartOfList&amp;escapedquot;:true,&amp;escapedquot;topicListType&amp;escapedquot;:&amp;escapedquot;topic-list&amp;escapedquot;},&amp;escapedquot;showArrow&amp;escapedquot;:true}\" data-hydrate-slots=\"{&#039;default&#039;:[]}\" class=\"tspB8oe tspB7oc\" rel=\"nofollow noopener\" target=\"_blank\">\u201eWir m\u00fcssen dieses Momentum nutzen\u201c Liga-Chefin Ireti Amojo \u00fcber die Basketball-WM in Berlin <\/a><a href=\"https:\/\/www.tagesspiegel.de\/sport\/frieda-buhner-uber-die-trans-debatte-im-basketball-bei-dem-thema-wird-hetze-gegen-frauensportlerinnen-gemacht-15953711.html?icid=topic-list_15999922___\" data-gtm-class=\"article-mzt-link\" data-hydrate-fingerprint=\"09740a54944caac75fd2c0c63fd5c5df\" data-hydrate-props=\"{&amp;escapedquot;element&amp;escapedquot;:{&amp;escapedquot;type&amp;escapedquot;:&amp;escapedquot;relatedContent&amp;escapedquot;,&amp;escapedquot;fieldMap&amp;escapedquot;:{},&amp;escapedquot;relation&amp;escapedquot;:{&amp;escapedquot;fields&amp;escapedquot;:{&amp;escapedquot;isPaid&amp;escapedquot;:true},&amp;escapedquot;href&amp;escapedquot;:&amp;escapedquot;\/sport\/frieda-buhner-uber-die-trans-debatte-im-basketball-bei-dem-thema-wird-hetze-gegen-frauensportlerinnen-gemacht-15953711.html&amp;escapedquot;,&amp;escapedquot;teaserTitle&amp;escapedquot;:{&amp;escapedquot;kicker&amp;escapedquot;:&amp;escapedquot;Frieda B\u00fchner \u00fcber die Trans-Debatte im Basketball&amp;escapedquot;,&amp;escapedquot;headline&amp;escapedquot;:&amp;escapedquot;\u201eBei dem Thema wird Hetze gegen Frauensportlerinnen gemacht\u201c&amp;escapedquot;},&amp;escapedquot;id&amp;escapedquot;:&amp;escapedquot;15953711&amp;escapedquot;,&amp;escapedquot;type&amp;escapedquot;:&amp;escapedquot;story&amp;escapedquot;},&amp;escapedquot;isPartOfList&amp;escapedquot;:true,&amp;escapedquot;topicListType&amp;escapedquot;:&amp;escapedquot;topic-list&amp;escapedquot;},&amp;escapedquot;showArrow&amp;escapedquot;:true}\" data-hydrate-slots=\"{&#039;default&#039;:[]}\" class=\"tspB8oe tspB7oc\" rel=\"nofollow noopener\" target=\"_blank\">Frieda B\u00fchner \u00fcber die Trans-Debatte im Basketball \u201eBei dem Thema wird Hetze gegen Frauensportlerinnen gemacht\u201c <\/a><\/p>\n<p class=\"tspBAkv\">Im Lietzenseepark in Charlottenburg wurde der Basketballplatz gerade erst wieder er\u00f6ffnet und erstrahlt jetzt in den Farben der Orlando Magic von Franz Wagner. An der Kantstra\u00dfe gibt es einen Pop-up-Court mit Sicht auf die Ged\u00e4chtniskirche, der extra f\u00fcr die WM aufgebaut wurde und bis zum 30. September ge\u00f6ffnet ist.<\/p>\n<p class=\"tspBAkv\">Wer lieber zuschauen als selbst spielen m\u00f6chte, kann in der S\u00f6mmeringhalle auf die Suche nach den Nationalspielerinnen von morgen gehen. Vom 3. bis zum 6. September spielen acht weibliche U-18-Teams von vier Kontinenten beim Next-Up-Turnier von Alba Berlin.<\/p>\n","protected":false},"excerpt":{"rendered":"Vom 4. bis 13. September 2026 findet die Basketball-Weltmeisterschaft der Frauen statt. Zum zweiten Mal nach 1998 wird&hellip;\n","protected":false},"author":2,"featured_media":1277463,"comment_status":"","ping_status":"","sticky":false,"template":"","format":"standard","meta":{"footnotes":"","_share_on_mastodon":"0"},"categories":[1825],"tags":[1912,296,29,156,527,30,13025,530,1307,4026,64],"class_list":["post-1277462","post","type-post","status-publish","format-standard","has-post-thumbnail","category-berlin","tag-australien","tag-berlin","tag-deutschland","tag-frankreich","tag-friedrichshain-kreuzberg","tag-germany","tag-olympische-spiele","tag-pankow","tag-prosieben","tag-spanien","tag-usa"],"share_on_mastodon":{"url":"","error":""},"_links":{"self":[{"href":"https:\/\/www.europesays.com\/de\/wp-json\/wp\/v2\/posts\/1277462","targetHints":{"allow":["GET"]}}],"collection":[{"href":"https:\/\/www.europesays.com\/de\/wp-json\/wp\/v2\/posts"}],"about":[{"href":"https:\/\/www.europesays.com\/de\/wp-json\/wp\/v2\/types\/post"}],"author":[{"embeddable":true,"href":"https:\/\/www.europesays.com\/de\/wp-json\/wp\/v2\/users\/2"}],"replies":[{"embeddable":true,"href":"https:\/\/www.europesays.com\/de\/wp-json\/wp\/v2\/comments?post=1277462"}],"version-history":[{"count":0,"href":"https:\/\/www.europesays.com\/de\/wp-json\/wp\/v2\/posts\/1277462\/revisions"}],"wp:featuredmedia":[{"embeddable":true,"href":"https:\/\/www.europesays.com\/de\/wp-json\/wp\/v2\/media\/1277463"}],"wp:attachment":[{"href":"https:\/\/www.europesays.com\/de\/wp-json\/wp\/v2\/media?parent=1277462"}],"wp:term":[{"taxonomy":"category","embeddable":true,"href":"https:\/\/www.europesays.com\/de\/wp-json\/wp\/v2\/categories?post=1277462"},{"taxonomy":"post_tag","embeddable":true,"href":"https:\/\/www.europesays.com\/de\/wp-json\/wp\/v2\/tags?post=1277462"}],"curies":[{"name":"wp","href":"https:\/\/api.w.org\/{rel}","templated":true}]}}