{"id":1277469,"date":"2026-09-03T06:18:20","date_gmt":"2026-09-03T06:18:20","guid":{"rendered":"https:\/\/www.europesays.com\/de\/1277469\/"},"modified":"2026-09-03T06:18:20","modified_gmt":"2026-09-03T06:18:20","slug":"zdf-neue-channels-bringen-kuratierte-themenkanaele-ins-streaming-portal","status":"publish","type":"post","link":"https:\/\/www.europesays.com\/de\/1277469\/","title":{"rendered":"ZDF: Neue Channels bringen kuratierte Themenkan\u00e4le ins Streaming-Portal"},"content":{"rendered":"<p><a href=\"https:\/\/www.europesays.com\/de\/wp-content\/uploads\/2026\/09\/zdf-app.webp\"><img fetchpriority=\"high\" decoding=\"async\" class=\"aligncenter size-full wp-image-1347803\" src=\"https:\/\/www.europesays.com\/de\/wp-content\/uploads\/2026\/09\/zdf-app.webp\" alt=\"ZDF: Neue Channels bringen kuratierte Themenkan\u00e4le ins Streaming-Portal\" width=\"1200\" height=\"900\"  \/><\/a><\/p>\n<p>Das ZDF wertet sein Streaming-Portal auf und schickt ab sofort die sogenannten ZDF Channels ins Rennen. Dahinter verbergen sich thematisch sortierte Kan\u00e4le, die das klassische Durchzappen aus dem linearen Fernsehen mit den Vorz\u00fcgen des Streamings verkn\u00fcpfen sollen.<\/p>\n<p>Zum Start stehen \u00fcber 15 verschiedene Channels zur Auswahl. Mit dabei sind beispielsweise Kan\u00e4le f\u00fcr Krimis, Naturdokumentationen, Romantikfilme oder auch ein eigener Dauer-Stream f\u00fcr Bares f\u00fcr Rares. Innerhalb der einzelnen Themenkan\u00e4le k\u00f6nnt ihr direkt von Beitrag zu Beitrag springen oder bei Bedarf zu anderen Themengebieten wechseln.<\/p>\n<p>Die Zusammenstellung der Inhalte \u00fcbernimmt im Hintergrund ein Algorithmus, der die Channels t\u00e4glich neu mit passendem Material aus dem Angebot bef\u00fcllt. Zu finden ist das neue Feature ab sofort direkt im Streaming-Portal des ZDF unter dem Reiter Live &amp; TV.<\/p>\n<p>    AngebotBestseller Nr. 1<\/p>\n<p>        <a href=\"https:\/\/www.amazon.de\/dp\/B0DJGCX6Q2?tag=cascblog00-21&amp;linkCode=osi&amp;th=1&amp;psc=1&amp;keywords=fire%20tv\" title=\"Amazon Fire TV Stick HD (neueste Generation), Free- und Live-TV-Inhalte, Alexa-Sprachfernbedienung, wird \u00fcber den...\" rel=\"nofollow noopener sponsored\" target=\"_blank\"><br \/>\n            <img decoding=\"async\" class=\"aawp-product__image\" src=\"https:\/\/www.europesays.com\/de\/wp-content\/uploads\/2026\/09\/1788416300_314_image.jpeg\" alt=\"Amazon Fire TV Stick HD (neueste Generation), Free- und Live-TV-Inhalte, Alexa-Sprachfernbedienung, wird \u00fcber den...\"\/><br \/>\n        <\/a><\/p>\n<p>        <a href=\"https:\/\/www.amazon.de\/dp\/B0DJGCX6Q2?tag=cascblog00-21&amp;linkCode=osi&amp;th=1&amp;psc=1&amp;keywords=fire%20tv\" title=\"Amazon Fire TV Stick HD (neueste Generation), Free- und Live-TV-Inhalte, Alexa-Sprachfernbedienung, wird \u00fcber den...\" rel=\"nofollow noopener sponsored\" target=\"_blank\"><br \/>\n            Amazon Fire TV Stick HD (neueste Generation), Free- und Live-TV-Inhalte, Alexa-Sprachfernbedienung, wird \u00fcber den&#8230;        <\/a><\/p>\n<ul>\n<li>Verleihe deinem Fernseher im Handumdrehen ein Upgrade \u2013 Der Fire TV Stick HD ist unser bisher&#8230;<\/li>\n<li>Das neuestes Fire TV-Erlebnis (2026) \u2013 Unser bisher gr\u00f6\u00dftes Update f\u00fcr Fire TV hat ein neues&#8230;<\/li>\n<li>Alle deine Apps an einem Ort \u2013 Prime Video, Netflix, YouTube, Disney+, ARD, ZDF, Joyn, Apple TV, HBO&#8230;<\/li>\n<\/ul>\n<p class=\"aawp-disclaimer\">Hinweis: Dieser Artikel enth\u00e4lt Affiliate-Links. Kauft ihr dar\u00fcber ein, erhalten wir eine kleine Provision &#8211; ohne Aufpreis f\u00fcr euch und ohne Einfluss auf unsere redaktionelle Meinung.<\/p>\n","protected":false},"excerpt":{"rendered":"Das ZDF wertet sein Streaming-Portal auf und schickt ab sofort die sogenannten ZDF Channels ins Rennen. Dahinter verbergen&hellip;\n","protected":false},"author":2,"featured_media":1277470,"comment_status":"","ping_status":"","sticky":false,"template":"","format":"standard","meta":{"footnotes":"","_share_on_mastodon":"0"},"categories":[1773],"tags":[29,214,30,471,1780,215],"class_list":["post-1277469","post","type-post","status-publish","format-standard","has-post-thumbnail","category-serien","tag-deutschland","tag-entertainment","tag-germany","tag-serien","tag-series","tag-unterhaltung"],"share_on_mastodon":{"url":"https:\/\/pubeurope.com\/@de\/117205659927441896","error":""},"_links":{"self":[{"href":"https:\/\/www.europesays.com\/de\/wp-json\/wp\/v2\/posts\/1277469","targetHints":{"allow":["GET"]}}],"collection":[{"href":"https:\/\/www.europesays.com\/de\/wp-json\/wp\/v2\/posts"}],"about":[{"href":"https:\/\/www.europesays.com\/de\/wp-json\/wp\/v2\/types\/post"}],"author":[{"embeddable":true,"href":"https:\/\/www.europesays.com\/de\/wp-json\/wp\/v2\/users\/2"}],"replies":[{"embeddable":true,"href":"https:\/\/www.europesays.com\/de\/wp-json\/wp\/v2\/comments?post=1277469"}],"version-history":[{"count":0,"href":"https:\/\/www.europesays.com\/de\/wp-json\/wp\/v2\/posts\/1277469\/revisions"}],"wp:featuredmedia":[{"embeddable":true,"href":"https:\/\/www.europesays.com\/de\/wp-json\/wp\/v2\/media\/1277470"}],"wp:attachment":[{"href":"https:\/\/www.europesays.com\/de\/wp-json\/wp\/v2\/media?parent=1277469"}],"wp:term":[{"taxonomy":"category","embeddable":true,"href":"https:\/\/www.europesays.com\/de\/wp-json\/wp\/v2\/categories?post=1277469"},{"taxonomy":"post_tag","embeddable":true,"href":"https:\/\/www.europesays.com\/de\/wp-json\/wp\/v2\/tags?post=1277469"}],"curies":[{"name":"wp","href":"https:\/\/api.w.org\/{rel}","templated":true}]}}