{"id":1277483,"date":"2026-09-03T06:26:33","date_gmt":"2026-09-03T06:26:33","guid":{"rendered":"https:\/\/www.europesays.com\/de\/1277483\/"},"modified":"2026-09-03T06:26:33","modified_gmt":"2026-09-03T06:26:33","slug":"discounter-kette-insolvent-jede-zweite-filiale-schliesst-news","status":"publish","type":"post","link":"https:\/\/www.europesays.com\/de\/1277483\/","title":{"rendered":"Discounter-Kette insolvent: Jede zweite Filiale schlie\u00dft | News"},"content":{"rendered":"<p><a class=\"skip-content skip-content--link\" href=\"#in-content-skip-link-target-v-0-0\">TTS-Player \u00fcberspringen\u21b5<\/a><a id=\"in-content-skip-link-target-v-0-0\" class=\"skip-content--target-link-hidden skip-content skip-content--target-link\" href=\"#in-content-skip-link-target-v-0-0\">Artikel weiterlesen<\/a><\/p>\n<p>Dingelst\u00e4dt (Th\u00fcringen) \u2013 <b>Erst in die Zange genommen, jetzt teilweise aus der Klemme gekommen: Die beliebte Schn\u00e4ppchen-Kette Groschen-Markt kann nach der Insolvenz weitermachen \u2013 allerdings auf einen Kernbestand reduziert und meist unter neuem Namen. F\u00fcr \u00fcber die H\u00e4lfte der Standorte in Ostdeutschland fand sich ein K\u00e4ufer.<\/b><\/p>\n<p>Werkzeug, Haushaltswaren, Gartenzubeh\u00f6r: Beim Groschen-Markt griff zu, wer den teuren Weg in den Baumarkt scheute. Doch selbst vor den billigen Discountern machte die Kaufzur\u00fcckhaltung nicht halt, die DEC Handelsgesellschaft mbH in Th\u00fcringen <a href=\"https:\/\/www.bild.de\/news\/inland\/schnaeppchen-kette-pleite-47-filialen-und-200-mitarbeiter-von-insolvenz-betroffen-693163ed11f914c89b852877\" class=\"text-link\" rel=\"nofollow noopener\" target=\"_blank\">schlitterte im Dezember 2025 in die Insolvenz<\/a>. Rund 170 Mitarbeiter zitterten um ihre Jobs.<\/p>\n<p>Was passiert mit der Marke?<\/p>\n<p>Nun teilte Insolvenzverwalter Olaf Spiekermann von der Kanzlei Brinkmann mit, dass 22 von 41 Filialen von anderen <a href=\"https:\/\/www.bild.de\/themen\/organisationen\/einzelhandel\/news-nachrichten-news-fotos-videos-33317474.bild.html\" class=\"text-link\" rel=\"nofollow noopener\" target=\"_blank\">Einzelh\u00e4ndlern<\/a> \u00fcbernommen werden. Gr\u00f6\u00dftenteils w\u00fcrden die Standorte aber unter neuem Namen fortgef\u00fchrt. Lediglich in Th\u00fcringen bleibe die Marke bei drei Filialen erhalten. Der fr\u00fchere DEC-Gesch\u00e4ftsf\u00fchrer Wolfhart Lampe sicherte sich die Markenrechte von Groschen-Markt.<\/p>\n<p><img decoding=\"async\" width=\"992\" height=\"558\" alt=\"G\u00fcnstig und beliebt, trotzdem insolvent: Der Groschen-Markt in Dresden bleibt aber erhalten\" loading=\"lazy\" src=\"https:\/\/www.europesays.com\/de\/wp-content\/uploads\/2026\/09\/c56b9df0b374b1c81f0cd06879253271,27b96cc3.jpeg\"   class=\"landscape\"\/><\/p>\n<p class=\"fig__caption__text\">Der Groschen-Markt in Dresden wird nach der Insolvenz \u00fcbernommen<\/p>\n<p>Foto: Robert Michael\/dpa<\/p>\n<p>Diese Filialen bleiben erhalten<\/p>\n<p>Insgesamt werden zehn M\u00e4rkte in Th\u00fcringen (u. a. in Ohrdruf, Geismar und Saalfeld), sechs in Sachsen-Anhalt (u. a. in Dessau und Blankenburg), vier in Sachsen (u. a. in Dresden und Frohburg) und zwei in Brandenburg (Brandenburg\/Havel, Sperenberg) fortgef\u00fchrt. Damit k\u00f6nnen 80 Besch\u00e4ftigte ihre <a href=\"https:\/\/www.bild.de\/themen\/specials\/jobsuche\/ratgeber-karriere-nachrichten-news-fotos-videos-17041556.bild.html\" class=\"text-link\" rel=\"nofollow noopener\" target=\"_blank\">Jobs<\/a> behalten.<\/p>\n<p>Krise im deutschen Einzelhandel<\/p>\n<p>Noch im M\u00e4rz war zun\u00e4chst die Rede davon, <a href=\"https:\/\/www.bild.de\/news\/inland\/discounter-kette-verschwindet-was-passiert-mit-den-filialen-69c7aa8db88efea973b40d16\" class=\"text-link\" rel=\"nofollow noopener\" target=\"_blank\">dass 30 von 41 M\u00e4rkten erhalten werden<\/a> k\u00f6nnten. Allerdings seien laut Spiekermann die Verhandlungen mit namhaften Investoren auch angesichts des schwierigen Marktumfeldes langwierig gewesen.<\/p>\n<p>Mehr zum Thema<\/p>\n<p>Auch andere bekannte Non-Food-Discounter wie \u201eMcGeiz\u201c oder \u201eKodi\u201c rutschten zuletzt in die <a href=\"https:\/\/www.bild.de\/themen\/specials\/insolvenz\/finanzen-nachrichten-news-fotos-videos-21175522.bild.html\" class=\"text-link\" rel=\"nofollow noopener\" target=\"_blank\">Insolvenz<\/a>. Allerdings gibt\u2019s f\u00fcr den Groschen-Markt noch einen Lichtblick: F\u00fcr November werde eine weitere \u00dcbernahme erwartet. <\/p>\n","protected":false},"excerpt":{"rendered":"TTS-Player \u00fcberspringen\u21b5Artikel weiterlesen Dingelst\u00e4dt (Th\u00fcringen) \u2013 Erst in die Zange genommen, jetzt teilweise aus der Klemme gekommen: Die&hellip;\n","protected":false},"author":2,"featured_media":1277484,"comment_status":"","ping_status":"","sticky":false,"template":"","format":"standard","meta":{"footnotes":"","_share_on_mastodon":"0"},"categories":[134],"tags":[17401,175,170,169,29,1072,1721,30,1551,1942,12546,171,174,6400,1158,1371,6502,368,185455,2910,173,172,17591,843,55],"class_list":["post-1277483","post","type-post","status-publish","format-standard","has-post-thumbnail","category-unternehmen-maerkte","tag-arbeitsplatz","tag-business","tag-companies","tag-companies-markets","tag-deutschland","tag-einzelhandel","tag-finanzen","tag-germany","tag-insolvenz","tag-job","tag-krisen","tag-markets","tag-maerkte","tag-mitarbeiter","tag-organisationen","tag-pleite","tag-richard-jackie","tag-schnaeppchen","tag-seo-first","tag-uebernahme","tag-unternehmen","tag-unternehmen-maerkte","tag-unternehmensformen","tag-verkauf","tag-wirtschaft"],"share_on_mastodon":{"url":"https:\/\/pubeurope.com\/@de\/117205690495536158","error":""},"_links":{"self":[{"href":"https:\/\/www.europesays.com\/de\/wp-json\/wp\/v2\/posts\/1277483","targetHints":{"allow":["GET"]}}],"collection":[{"href":"https:\/\/www.europesays.com\/de\/wp-json\/wp\/v2\/posts"}],"about":[{"href":"https:\/\/www.europesays.com\/de\/wp-json\/wp\/v2\/types\/post"}],"author":[{"embeddable":true,"href":"https:\/\/www.europesays.com\/de\/wp-json\/wp\/v2\/users\/2"}],"replies":[{"embeddable":true,"href":"https:\/\/www.europesays.com\/de\/wp-json\/wp\/v2\/comments?post=1277483"}],"version-history":[{"count":0,"href":"https:\/\/www.europesays.com\/de\/wp-json\/wp\/v2\/posts\/1277483\/revisions"}],"wp:featuredmedia":[{"embeddable":true,"href":"https:\/\/www.europesays.com\/de\/wp-json\/wp\/v2\/media\/1277484"}],"wp:attachment":[{"href":"https:\/\/www.europesays.com\/de\/wp-json\/wp\/v2\/media?parent=1277483"}],"wp:term":[{"taxonomy":"category","embeddable":true,"href":"https:\/\/www.europesays.com\/de\/wp-json\/wp\/v2\/categories?post=1277483"},{"taxonomy":"post_tag","embeddable":true,"href":"https:\/\/www.europesays.com\/de\/wp-json\/wp\/v2\/tags?post=1277483"}],"curies":[{"name":"wp","href":"https:\/\/api.w.org\/{rel}","templated":true}]}}