{"id":1277485,"date":"2026-09-03T06:28:26","date_gmt":"2026-09-03T06:28:26","guid":{"rendered":"https:\/\/www.europesays.com\/de\/1277485\/"},"modified":"2026-09-03T06:28:26","modified_gmt":"2026-09-03T06:28:26","slug":"selenskyj-wuetend-ukrainische-geheimdienste-beschiessen-einander","status":"publish","type":"post","link":"https:\/\/www.europesays.com\/de\/1277485\/","title":{"rendered":"Selenskyj w\u00fctend: Ukrainische Geheimdienste beschie\u00dfen einander"},"content":{"rendered":"<p>Selenskyj w\u00fctendUkrainische Geheimdienste beschie\u00dfen einander<\/p>\n<p>03.09.2026, 02:07 Uhr <\/p>\n<p>Artikel anh\u00f6ren(02:27 min)<\/p>\n<p><img decoding=\"async\" class=\"Image_img__fQCi0 Image_Img_16_9__4BLfH widget-picture-inline_maximizable__t_E7h\" loading=\"eager\" fetchpriority=\"high\" src=\"https:\/\/www.europesays.com\/de\/wp-content\/uploads\/2026\/09\/imago838051143.webp\" alt=\"imago838051143\"\/>Ein Mitarbeiter des Inlandsgeheimdienstes SBU. (Foto: IMAGO\/NurPhoto)<\/p>\n<p class=\"Typography_text-m__XI0da Typography_weight-bold__uT6mq storyline_lead_text_leadtext__q_wg8\">In Kiew kommen sich Mitarbeiter zweier Geheimdienste in die Quere. Sch\u00fcsse fallen, es gibt mehrere Verletzte. Pr\u00e4sident Selenskyj nennt den Vorfall &#8222;absolut skandal\u00f6s&#8220;.<\/p>\n<p class=\"Typography_text-default__P3otY Typography_weight-normal__pqUbH storyline_paragraph_p__qSR5N\">Der ukrainische Pr\u00e4sident Wolodymyr Selenskyj hat eine undurchsichtige Schie\u00dferei zwischen seinen Geheimdiensten scharf kritisiert. Er sprach von einer &#8222;absolut skandal\u00f6sen Situation&#8220;. Der Generalstaatsanwalt m\u00fcsse kl\u00e4ren, warum sich Mitarbeiter des Inlandsgeheimdienstes SBU und des Milit\u00e4rgeheimdienstes HUR in Kiew einen Schusswechsel mit Verletzten geliefert h\u00e4tten, sagte Selenskyj. &#8222;Hier in der Ukraine darf nur auf russische Besatzer geschossen werden, um die Ukraine zu verteidigen&#8220;, sagte er.\u00a0<\/p>\n<p class=\"Typography_text-default__P3otY Typography_weight-normal__pqUbH storyline_paragraph_p__qSR5N\">Der SBU hatte am Mittwoch zun\u00e4chst mitgeteilt, es sei gemeinsam mit dem HUR gelungen, einen aus Moskau gesteuerten Anschlag auf einen russischen Oppositionellen zu verhindern. Nach Kiewer Medienberichten soll es sich dabei um einen Offizier des Russischen Freiwilligenkorps RDK handeln, das auf Seiten der Ukraine k\u00e4mpft und dabei dem HUR unterstellt ist. Am Dienstag hatte das RDK gemeldet, der Offizier sei in der Ukraine vom Hof seines Hauses entf\u00fchrt worden. <\/p>\n<p class=\"Typography_text-default__P3otY Typography_weight-normal__pqUbH storyline_paragraph_p__qSR5N\">Einen Tag sp\u00e4ter verbreitete sich dann \u00fcber die sozialen Medien die Meldung \u00fcber eine Schie\u00dferei im Zusammenhang mit dem Verschwinden. Daran seien SBU-Mitarbeiter beteiligt gewesen. Der SBU schrieb dazu, seine Einsatzkr\u00e4fte h\u00e4tten gerade Ermittlungen zu einem Komplott des russischen Geheimdienstes\u00a0gegen den RDK-Kommandanten gef\u00fchrt und seien dann von Unbekannten angegriffen worden. In einem Schusswechsel seien mehrere Angreifer verletzt worden. Sie h\u00e4tten sich als Armeeangeh\u00f6rige herausgestellt. <\/p>\n<p class=\"Typography_text-default__P3otY Typography_weight-normal__pqUbH storyline_paragraph_p__qSR5N\">Die Aufsicht \u00fcber die russischen Freiwilligen f\u00fchrt der Milit\u00e4rgeheimdienst HUR, der sich bislang nicht offiziell zu dem Vorfall ge\u00e4u\u00dfert hat. Der Offizier soll inzwischen wieder auf freiem Fu\u00df sein, wo er sich aufh\u00e4lt, ist unbekannt. Selenskyj hat bereits  personelle Konsequenzen aus dem Vorfall gezogen. Der Leiter der Abteilung f\u00fcr den Schutz von Staatsgeheimnissen beim SBU, Oleg Khramov, wurde entlassen.<\/p>\n<p class=\"Typography_text-s__wu_cm Typography_weight-normal__pqUbH Typography_color-darkgrey__sZEnP article-detail-footer_source__KslPc\">Quelle: ntv.de, ino\/dpa<\/p>\n","protected":false},"excerpt":{"rendered":"Selenskyj w\u00fctendUkrainische Geheimdienste beschie\u00dfen einander 03.09.2026, 02:07 Uhr Artikel anh\u00f6ren(02:27 min) Ein Mitarbeiter des Inlandsgeheimdienstes SBU. (Foto: IMAGO\/NurPhoto)&hellip;\n","protected":false},"author":2,"featured_media":1277486,"comment_status":"","ping_status":"","sticky":false,"template":"","format":"standard","meta":{"footnotes":"","_share_on_mastodon":"0"},"categories":[3],"tags":[3557,13,5793,14,15,16,12,10,8,9,11,317,103,107,104],"class_list":["post-1277485","post","type-post","status-publish","format-standard","has-post-thumbnail","category-welt","tag-geheimdienste","tag-headlines","tag-kiew","tag-nachrichten","tag-news","tag-politik","tag-schlagzeilen","tag-top-news","tag-top-meldungen","tag-topmeldungen","tag-topnews","tag-ukraine","tag-welt","tag-wolodymyr-selenskyj","tag-world"],"share_on_mastodon":{"url":"","error":""},"_links":{"self":[{"href":"https:\/\/www.europesays.com\/de\/wp-json\/wp\/v2\/posts\/1277485","targetHints":{"allow":["GET"]}}],"collection":[{"href":"https:\/\/www.europesays.com\/de\/wp-json\/wp\/v2\/posts"}],"about":[{"href":"https:\/\/www.europesays.com\/de\/wp-json\/wp\/v2\/types\/post"}],"author":[{"embeddable":true,"href":"https:\/\/www.europesays.com\/de\/wp-json\/wp\/v2\/users\/2"}],"replies":[{"embeddable":true,"href":"https:\/\/www.europesays.com\/de\/wp-json\/wp\/v2\/comments?post=1277485"}],"version-history":[{"count":0,"href":"https:\/\/www.europesays.com\/de\/wp-json\/wp\/v2\/posts\/1277485\/revisions"}],"wp:featuredmedia":[{"embeddable":true,"href":"https:\/\/www.europesays.com\/de\/wp-json\/wp\/v2\/media\/1277486"}],"wp:attachment":[{"href":"https:\/\/www.europesays.com\/de\/wp-json\/wp\/v2\/media?parent=1277485"}],"wp:term":[{"taxonomy":"category","embeddable":true,"href":"https:\/\/www.europesays.com\/de\/wp-json\/wp\/v2\/categories?post=1277485"},{"taxonomy":"post_tag","embeddable":true,"href":"https:\/\/www.europesays.com\/de\/wp-json\/wp\/v2\/tags?post=1277485"}],"curies":[{"name":"wp","href":"https:\/\/api.w.org\/{rel}","templated":true}]}}