{"id":1277495,"date":"2026-09-03T06:33:35","date_gmt":"2026-09-03T06:33:35","guid":{"rendered":"https:\/\/www.europesays.com\/de\/1277495\/"},"modified":"2026-09-03T06:33:35","modified_gmt":"2026-09-03T06:33:35","slug":"voruebergehend-weniger-zuege-zwischen-kiel-und-luebeck","status":"publish","type":"post","link":"https:\/\/www.europesays.com\/de\/1277495\/","title":{"rendered":"Vor\u00fcbergehend weniger Z\u00fcge zwischen Kiel und L\u00fcbeck"},"content":{"rendered":"<p class=\"is-first-paragraph\" data-external=\"Article.FirstParagraph\">Wegen einer Weichenst\u00f6rung in Bad Malente-Gremsm\u00fchlen d\u00fcnnt erixx Holstein den Zugverkehr zwischen Kiel und L\u00fcbeck vor\u00fcbergehend aus. Nach Angaben des Bahnbetreibers braucht es f\u00fcr die Reparatur der betroffenen Weiche schweres Ger\u00e4t. Wie lange die Arbeiten und die Einschr\u00e4nkungen des Zugverkehrs andauern werden, blieb zun\u00e4chst unklar.<\/p>\n<p>Folgende Einschr\u00e4nkungen sind nach Angaben von erixx Holstein zu erwarten:<\/p>\n<p>Die Z\u00fcge der Linie RE83 entfallen zwischen Kiel Hbf und L\u00fcbeck Hbf in beiden Richtungen.Die Z\u00fcge der Linie RB84 fahren weiterhin zwischen Kiel und L\u00fcbeck. Sie werden mit den nun freien Z\u00fcgen verst\u00e4rkt und fahren mit bis zu drei Zugteilen.Zwischen L\u00fcneburg und L\u00fcbeck verkehren die Z\u00fcge der Linie RE83 regul\u00e4r.<\/p>\n<p>\u00abMit der Verst\u00e4rkung der RB84 setzen wir jetzt die verf\u00fcgbaren Z\u00fcge dort ein, wo sie den meisten Fahrg\u00e4sten helfen werden\u00bb, erkl\u00e4rte ein Unternehmenssprecher von erixx Holstein am Mittwochabend.<\/p>\n","protected":false},"excerpt":{"rendered":"Wegen einer Weichenst\u00f6rung in Bad Malente-Gremsm\u00fchlen d\u00fcnnt erixx Holstein den Zugverkehr zwischen Kiel und L\u00fcbeck vor\u00fcbergehend aus. Nach&hellip;\n","protected":false},"author":2,"featured_media":1277496,"comment_status":"","ping_status":"","sticky":false,"template":"","format":"standard","meta":{"footnotes":"","_share_on_mastodon":"0"},"categories":[1852],"tags":[3364,29,548,663,3934,30,13,4949,14,15,12,1971,45],"class_list":["post-1277495","post","type-post","status-publish","format-standard","has-post-thumbnail","category-kiel","tag-de","tag-deutschland","tag-eu","tag-europa","tag-europe","tag-germany","tag-headlines","tag-kiel","tag-nachrichten","tag-news","tag-schlagzeilen","tag-schleswig-holstein","tag-texttospeech"],"share_on_mastodon":{"url":"https:\/\/pubeurope.com\/@de\/117205716388464158","error":""},"_links":{"self":[{"href":"https:\/\/www.europesays.com\/de\/wp-json\/wp\/v2\/posts\/1277495","targetHints":{"allow":["GET"]}}],"collection":[{"href":"https:\/\/www.europesays.com\/de\/wp-json\/wp\/v2\/posts"}],"about":[{"href":"https:\/\/www.europesays.com\/de\/wp-json\/wp\/v2\/types\/post"}],"author":[{"embeddable":true,"href":"https:\/\/www.europesays.com\/de\/wp-json\/wp\/v2\/users\/2"}],"replies":[{"embeddable":true,"href":"https:\/\/www.europesays.com\/de\/wp-json\/wp\/v2\/comments?post=1277495"}],"version-history":[{"count":0,"href":"https:\/\/www.europesays.com\/de\/wp-json\/wp\/v2\/posts\/1277495\/revisions"}],"wp:featuredmedia":[{"embeddable":true,"href":"https:\/\/www.europesays.com\/de\/wp-json\/wp\/v2\/media\/1277496"}],"wp:attachment":[{"href":"https:\/\/www.europesays.com\/de\/wp-json\/wp\/v2\/media?parent=1277495"}],"wp:term":[{"taxonomy":"category","embeddable":true,"href":"https:\/\/www.europesays.com\/de\/wp-json\/wp\/v2\/categories?post=1277495"},{"taxonomy":"post_tag","embeddable":true,"href":"https:\/\/www.europesays.com\/de\/wp-json\/wp\/v2\/tags?post=1277495"}],"curies":[{"name":"wp","href":"https:\/\/api.w.org\/{rel}","templated":true}]}}