{"id":1277499,"date":"2026-09-03T06:36:18","date_gmt":"2026-09-03T06:36:18","guid":{"rendered":"https:\/\/www.europesays.com\/de\/1277499\/"},"modified":"2026-09-03T06:36:18","modified_gmt":"2026-09-03T06:36:18","slug":"nach-drei-jahren-braunschweig-profi-kehrt-in-die-usa-zurueck","status":"publish","type":"post","link":"https:\/\/www.europesays.com\/de\/1277499\/","title":{"rendered":"Nach drei Jahren \u2013 Braunschweig-Profi kehrt in die USA zur\u00fcck"},"content":{"rendered":"<p>G\u00f3mez wechselt nach Chicago<\/p>\n<p>Wie <a href=\"https:\/\/www.fussballdaten.de\/vereine\/eintracht-braunschweig\/\" target=\"_blank\" rel=\"nofollow noopener\">Eintracht Braunschweig<\/a> offiziell best\u00e4tigt, schlie\u00dft sich <a href=\"https:\/\/www.fussballdaten.de\/person\/johan-gomez-1\/\" target=\"_blank\" rel=\"nofollow noopener\">Johan G\u00f3mez<\/a> dem MLS-Klub <a href=\"https:\/\/www.fussballdaten.de\/vereine\/chicago-fire-fc\/\" title=\"Profil von Chicago Fire FC\" rel=\"nofollow noopener\" target=\"_blank\">Chicago Fire FC<\/a> an. Der US-Amerikaner war im Sommer 2023 nach Braunschweig gekommen und absolvierte seitdem 99 Pflichtspiele f\u00fcr die L\u00f6wen.<\/p>\n<p class=\"mb20 mt30\">Dabei erzielte G\u00f3mez vier Tore und bereitete neun weitere Treffer vor. Nun setzt der Mittelfeldspieler seine Karriere in seiner Heimat fort.<\/p>\n<p>Braunschweig stimmt Wechsel zu<\/p>\n<p class=\"mb20 mt30\">Sport-Gesch\u00e4ftsf\u00fchrer Benjamin Kessel erkl\u00e4rte, dass bereits im Januar ein konkretes Angebot aus der MLS f\u00fcr G\u00f3mez vorgelegen habe. Damals kam ein Verkauf f\u00fcr Braunschweig jedoch nicht infrage.<\/p>\n<p class=\"mb20 mt30\">Nun habe sich erneut die M\u00f6glichkeit f\u00fcr eine R\u00fcckkehr in die USA ergeben. Der Klub habe sich darauf eingestellt und mit Chicago Fire eine aus Braunschweiger Sicht wirtschaftlich gute L\u00f6sung gefunden. Nach drei Jahren endet damit die Zeit von G\u00f3mez bei der Eintracht.<\/p>\n","protected":false},"excerpt":{"rendered":"G\u00f3mez wechselt nach Chicago Wie Eintracht Braunschweig offiziell best\u00e4tigt, schlie\u00dft sich Johan G\u00f3mez dem MLS-Klub Chicago Fire FC&hellip;\n","protected":false},"author":2,"featured_media":1277500,"comment_status":"","ping_status":"","sticky":false,"template":"","format":"standard","meta":{"footnotes":"","_share_on_mastodon":"0"},"categories":[1850],"tags":[6429,263580,299,3364,29,8699,548,663,3934,7847,347,30,13,18200,56134,9347,14,15,1411,12,53389],"class_list":["post-1277499","post","type-post","status-publish","format-standard","has-post-thumbnail","category-braunschweig","tag-braunschweig","tag-braunschweig-profi","tag-bundesliga","tag-de","tag-deutschland","tag-drei","tag-eu","tag-europa","tag-europe","tag-football","tag-fussball","tag-germany","tag-headlines","tag-jahren","tag-kehrt","tag-nach","tag-nachrichten","tag-news","tag-niedersachsen","tag-schlagzeilen","tag-zuruck"],"share_on_mastodon":{"url":"https:\/\/pubeurope.com\/@de\/117205728372931024","error":""},"_links":{"self":[{"href":"https:\/\/www.europesays.com\/de\/wp-json\/wp\/v2\/posts\/1277499","targetHints":{"allow":["GET"]}}],"collection":[{"href":"https:\/\/www.europesays.com\/de\/wp-json\/wp\/v2\/posts"}],"about":[{"href":"https:\/\/www.europesays.com\/de\/wp-json\/wp\/v2\/types\/post"}],"author":[{"embeddable":true,"href":"https:\/\/www.europesays.com\/de\/wp-json\/wp\/v2\/users\/2"}],"replies":[{"embeddable":true,"href":"https:\/\/www.europesays.com\/de\/wp-json\/wp\/v2\/comments?post=1277499"}],"version-history":[{"count":0,"href":"https:\/\/www.europesays.com\/de\/wp-json\/wp\/v2\/posts\/1277499\/revisions"}],"wp:featuredmedia":[{"embeddable":true,"href":"https:\/\/www.europesays.com\/de\/wp-json\/wp\/v2\/media\/1277500"}],"wp:attachment":[{"href":"https:\/\/www.europesays.com\/de\/wp-json\/wp\/v2\/media?parent=1277499"}],"wp:term":[{"taxonomy":"category","embeddable":true,"href":"https:\/\/www.europesays.com\/de\/wp-json\/wp\/v2\/categories?post=1277499"},{"taxonomy":"post_tag","embeddable":true,"href":"https:\/\/www.europesays.com\/de\/wp-json\/wp\/v2\/tags?post=1277499"}],"curies":[{"name":"wp","href":"https:\/\/api.w.org\/{rel}","templated":true}]}}