{"id":1277501,"date":"2026-09-03T06:37:15","date_gmt":"2026-09-03T06:37:15","guid":{"rendered":"https:\/\/www.europesays.com\/de\/1277501\/"},"modified":"2026-09-03T06:37:15","modified_gmt":"2026-09-03T06:37:15","slug":"ille-mularski-feiert-mit-sekt-und-torte","status":"publish","type":"post","link":"https:\/\/www.europesays.com\/de\/1277501\/","title":{"rendered":"Ille Mularski feiert mit Sekt und Torte"},"content":{"rendered":"<p class=\"text_ohne_einzug richtext text-em-55 !leading-serif mx-6 desktop:mx-0\">Sie ist ein Multitalent, und das, obwohl Ille Mularski am vergangenen Sonntag 95 Jahre alt geworden ist. Sie schreibt Gedichte, liest vor, dient als Souffleuse beim Theater, initiierte 1998 den \u201eKaarster Mappentag\u201c und hauchte der Ausstellung \u201eKunst macht Schule\u201c im Jahr 2011 neues Leben ein. Zudem wurde sie mit dem Deutschen B\u00fcrgerpreis ausgezeichnet. Nicht zuletzt ist es der geb\u00fcrtigen Berlinerin zu verdanken, dass es mittlerweile neben ihr noch f\u00fcnf weitere Frauen im Probus-Club gibt. Mularski geh\u00f6rte 1995 zu den Gr\u00fcndungsmitgliedern. Sie hatte damals erfolgreich gefordert, dass auch Frauen eine Mitgliedschaft erm\u00f6glicht werden m\u00fcsse. Drei M\u00e4nner hatten daraufhin davon abgesehen, eine Mitgliedschaft anzustreben. Am Dienstag feierte sie nun im Kreise ihrer Probus-Club-Freunde im Haus Broicherdorf nachtr\u00e4glich ihren Ehrentag.<\/p>\n","protected":false},"excerpt":{"rendered":"Sie ist ein Multitalent, und das, obwohl Ille Mularski am vergangenen Sonntag 95 Jahre alt geworden ist. Sie&hellip;\n","protected":false},"author":2,"featured_media":1277502,"comment_status":"","ping_status":"","sticky":false,"template":"","format":"standard","meta":{"footnotes":"","_share_on_mastodon":"0"},"categories":[1849],"tags":[69283,5238,3364,29,548,663,3934,263584,67635,30,23251,13,263582,16930,44734,11073,13634,4455,263581,14,15,1209,168860,12,265,263583,263585],"class_list":["post-1277501","post","type-post","status-publish","format-standard","has-post-thumbnail","category-moenchengladbach","tag-69283","tag-club","tag-de","tag-deutschland","tag-eu","tag-europa","tag-europe","tag-frauenmitgliedschaften","tag-fruehere","tag-germany","tag-gruendungsmitgliedern","tag-headlines","tag-ille","tag-kaarst","tag-kulturell","tag-mitglied","tag-mitgliedschaft","tag-moenchengladbach","tag-mularski","tag-nachrichten","tag-news","tag-nordrhein-westfalen","tag-probus","tag-schlagzeilen","tag-sport","tag-sportlehrerin","tag-tanzclub"],"share_on_mastodon":{"url":"https:\/\/pubeurope.com\/@de\/117205733083943689","error":""},"_links":{"self":[{"href":"https:\/\/www.europesays.com\/de\/wp-json\/wp\/v2\/posts\/1277501","targetHints":{"allow":["GET"]}}],"collection":[{"href":"https:\/\/www.europesays.com\/de\/wp-json\/wp\/v2\/posts"}],"about":[{"href":"https:\/\/www.europesays.com\/de\/wp-json\/wp\/v2\/types\/post"}],"author":[{"embeddable":true,"href":"https:\/\/www.europesays.com\/de\/wp-json\/wp\/v2\/users\/2"}],"replies":[{"embeddable":true,"href":"https:\/\/www.europesays.com\/de\/wp-json\/wp\/v2\/comments?post=1277501"}],"version-history":[{"count":0,"href":"https:\/\/www.europesays.com\/de\/wp-json\/wp\/v2\/posts\/1277501\/revisions"}],"wp:featuredmedia":[{"embeddable":true,"href":"https:\/\/www.europesays.com\/de\/wp-json\/wp\/v2\/media\/1277502"}],"wp:attachment":[{"href":"https:\/\/www.europesays.com\/de\/wp-json\/wp\/v2\/media?parent=1277501"}],"wp:term":[{"taxonomy":"category","embeddable":true,"href":"https:\/\/www.europesays.com\/de\/wp-json\/wp\/v2\/categories?post=1277501"},{"taxonomy":"post_tag","embeddable":true,"href":"https:\/\/www.europesays.com\/de\/wp-json\/wp\/v2\/tags?post=1277501"}],"curies":[{"name":"wp","href":"https:\/\/api.w.org\/{rel}","templated":true}]}}