{"id":1277503,"date":"2026-09-03T06:38:23","date_gmt":"2026-09-03T06:38:23","guid":{"rendered":"https:\/\/www.europesays.com\/de\/1277503\/"},"modified":"2026-09-03T06:38:23","modified_gmt":"2026-09-03T06:38:23","slug":"gelsenkirchen-bauhaus-wird-premium-partner-von-schalke-04","status":"publish","type":"post","link":"https:\/\/www.europesays.com\/de\/1277503\/","title":{"rendered":"Gelsenkirchen: Bauhaus wird Premium-Partner von Schalke 04"},"content":{"rendered":"<p>Schalke 04 hat einen neuen Premium-Partner: Die Baumarktkette Bauhaus steigt bei den K\u00f6nigsblauen ein. Der Vertrag l\u00e4uft nach Vereinsangaben erst mal bis 2028. Beide Seiten sagen, sie verbinde die typische Ruhrgebiets-Mentalit\u00e4t des Anpackens. Passend dazu kehrt Bauhaus zur\u00fcck nach Gelsenkirchen \u2013 nach fast 20 Jahren. Am 24. September \u00f6ffnet ein neue Filiale an der Grothusstra\u00dfe. Der Markt ist mit mehr als 13.000 Quadratmetern deutlich gr\u00f6\u00dfer als der fr\u00fchere in Erle. \u00dcber 50 Leute sollen dort arbeiten. Gerade l\u00e4uft noch der Umbau.<\/p>\n","protected":false},"excerpt":{"rendered":"Schalke 04 hat einen neuen Premium-Partner: Die Baumarktkette Bauhaus steigt bei den K\u00f6nigsblauen ein. Der Vertrag l\u00e4uft nach&hellip;\n","protected":false},"author":2,"featured_media":1277504,"comment_status":"","ping_status":"","sticky":false,"template":"","format":"standard","meta":{"footnotes":"","_share_on_mastodon":"0"},"categories":[1848],"tags":[3364,29,548,663,3934,3658,30,13,14,15,1209,12],"class_list":["post-1277503","post","type-post","status-publish","format-standard","has-post-thumbnail","category-gelsenkirchen","tag-de","tag-deutschland","tag-eu","tag-europa","tag-europe","tag-gelsenkirchen","tag-germany","tag-headlines","tag-nachrichten","tag-news","tag-nordrhein-westfalen","tag-schlagzeilen"],"share_on_mastodon":{"url":"https:\/\/pubeurope.com\/@de\/117205736456641761","error":""},"_links":{"self":[{"href":"https:\/\/www.europesays.com\/de\/wp-json\/wp\/v2\/posts\/1277503","targetHints":{"allow":["GET"]}}],"collection":[{"href":"https:\/\/www.europesays.com\/de\/wp-json\/wp\/v2\/posts"}],"about":[{"href":"https:\/\/www.europesays.com\/de\/wp-json\/wp\/v2\/types\/post"}],"author":[{"embeddable":true,"href":"https:\/\/www.europesays.com\/de\/wp-json\/wp\/v2\/users\/2"}],"replies":[{"embeddable":true,"href":"https:\/\/www.europesays.com\/de\/wp-json\/wp\/v2\/comments?post=1277503"}],"version-history":[{"count":0,"href":"https:\/\/www.europesays.com\/de\/wp-json\/wp\/v2\/posts\/1277503\/revisions"}],"wp:featuredmedia":[{"embeddable":true,"href":"https:\/\/www.europesays.com\/de\/wp-json\/wp\/v2\/media\/1277504"}],"wp:attachment":[{"href":"https:\/\/www.europesays.com\/de\/wp-json\/wp\/v2\/media?parent=1277503"}],"wp:term":[{"taxonomy":"category","embeddable":true,"href":"https:\/\/www.europesays.com\/de\/wp-json\/wp\/v2\/categories?post=1277503"},{"taxonomy":"post_tag","embeddable":true,"href":"https:\/\/www.europesays.com\/de\/wp-json\/wp\/v2\/tags?post=1277503"}],"curies":[{"name":"wp","href":"https:\/\/api.w.org\/{rel}","templated":true}]}}