{"id":1277506,"date":"2026-09-03T06:41:14","date_gmt":"2026-09-03T06:41:14","guid":{"rendered":"https:\/\/www.europesays.com\/de\/1277506\/"},"modified":"2026-09-03T06:41:14","modified_gmt":"2026-09-03T06:41:14","slug":"hza-a-zoll-vereidigt-nachwuchskraefte-in-augsburg-44-neue-zoellnerinnen-und","status":"publish","type":"post","link":"https:\/\/www.europesays.com\/de\/1277506\/","title":{"rendered":"HZA-A: Zoll vereidigt Nachwuchskr\u00e4fte in Augsburg \/ 44 neue Z\u00f6llnerinnen und &#8230;"},"content":{"rendered":"<p class=\"date\">03.09.2026 \u2013 07:25<\/p>\n<p class=\"customer\">\n                        <a class=\"story-customer\" title=\"weiter zum newsroom von Hauptzollamt Augsburg\" href=\"https:\/\/www.presseportal.de\/blaulicht\/nr\/121240\" rel=\"nofollow noopener\" target=\"_blank\">Hauptzollamt Augsburg<\/a>\n                    <\/p>\n<p><a class=\"glightbox event-trigger\" href=\"https:\/\/cache.pressmailing.net\/thumbnail\/story_hires\/cd3e98c0-07a0-47a2-923f-2cad42657be5\/GruppenbildNWK.JPG.jpg\" data-description=\"Nachwuchskr\u00e4fte des Hauptzollamts Augsburg mit der st\u00e4ndigen Vertretung der Leitung, Frau Petra Cleff\" data-category=\"medialightbox\" data-action=\"click\" data-label=\"single\" data-value=\"6a9904e4270000fd2cc5b6cc\" rel=\"nofollow noopener\" target=\"_blank\"><img decoding=\"async\" height=\"540\" with=\"720\" src=\"https:\/\/www.europesays.com\/de\/wp-content\/uploads\/2026\/09\/hza-a-zoll-vereidigt-nachwuchskr-fte-in-augsburg-44-neue-z-llnerinnen-und-z-llner-f-r-ausbildung-und.jpeg\"   alt=\"HZA-A: Zoll vereidigt Nachwuchskr\u00e4fte in Augsburg \/ 44 neue Z\u00f6llnerinnen und Z\u00f6llner f\u00fcr Ausbildung und Studium\" class=\"single\"\/><\/a><\/p>\n<p class=\"story-download-headline\">Ein Dokument<\/p>\n<ul class=\"story-download-list\">\n<li class=\"story-download-list-item\"><a href=\"https:\/\/www.presseportal.de\/download\/document\/6a9904e4270000fd2cc5b6c9-pm-neuenwkamhza.pdf\" rel=\"nofollow noopener\" target=\"_blank\">PM_NeueNWKamHZA.pdf<br \/>PDF &#8211; 194 kB<\/a><\/li>\n<\/ul>\n<p><a data-category=\"citylink-story-view\" data-action=\"click\" data-label=\"Citylink in Meldungsansicht\" class=\"story-city event-trigger\" href=\"https:\/\/www.presseportal.de\/regional\/Augsburg%252FSchwaben\" title=\"News aus Augsburg\/Schwaben \" rel=\"nofollow noopener\" target=\"_blank\">Augsburg\/Schwaben<\/a> (ots)<\/p>\n<p>Augsburg\/Schwaben<\/p>\n<p>Bei den bundesweit 41 Hauptzoll\u00e4mtern begannen am 01.09.2026 f\u00fcr mehr als 1.700 neue Z\u00f6llnerinnen und Z\u00f6llner die Ausbildung und das Studium.<br \/>\nBeim Hauptzollamt Augsburg wurden 44 neuen Kolleginnen und Kollegen durch die st\u00e4ndige Vertretung der Leitung, Frau Petra Cleff, begr\u00fc\u00dft und mit dem feierlichen Amtseid als Beamte auf Widerruf vereidigt.<br \/>\nDie zweij\u00e4hrige Ausbildung im mittleren Dienst schlie\u00dft mit der Berechtigung zum F\u00fchren der Amtsbezeichnung Finanzwirtin oder Finanzwirt ab. Mit Abschluss des dreij\u00e4hrigen dualen Studiengangs, f\u00fcr die Laufbahn des gehobenen Dienstes, wird der akademische Grad &#8222;Bachelor of Laws (LL.B) verliehen. Theorie und Praxis wechseln sich in der Ausbildungs- beziehungsweise Studienzeit ab und bauen aufeinander auf. Der fachtheoretische, schulische Teil wird dabei f\u00fcr den mittleren Dienst in Sigmaringen vermittelt. Die Nachwuchskr\u00e4fte des gehobenen Dienstes absolvieren diesen an der Hochschule des Bundes in M\u00fcnster.<br \/>\n&#8222;Mit der Vereidigung beginnt f\u00fcr unsere neuen Kolleginnen und Kollegen ein neuer und spannender Lebensabschnitt.&#8220;, sagt Adrian Kube, Pressesprecher des Hauptzollamts Augsburg. &#8222;Wir freuen uns, dass sich diese jungen Menschen f\u00fcr den Berufsweg und die Karriere beim Zoll entschieden haben und damit einen sehr wichtigen Beitrag zur Sicherheit und Ordnung in unserem Land leisten werden.&#8220;<br \/>\nGrunds\u00e4tzlich \u00fcbernimmt der Zoll alle seine geeigneten Nachwuchskr\u00e4fte und nach Abschluss des dualen Studiums und der Ausbildung erwartet die Z\u00f6llnerinnen und Z\u00f6llner eine Verwendung in den unterschiedlichsten Aufgabenbereichen des Zolls. Das Spektrum ist breit: Beispielsweise Sachbearbeitung in der allgemeinen Verwaltung, in Steuer- oder Vollstreckungsangelegenheiten, Finanzkontrolle Schwarzarbeit, Warenabfertigung an einem Binnen- oder Grenzzollamt, Grenzkontrolle oder Zollfahndung.<br \/>\nAuch in den kommenden Jahren wird der ZOLL verst\u00e4rkt Ausbildungs- und Studienpl\u00e4tze &#8211; auch im Studiengang Verwaltungsinformatik &#8211; f\u00fcr eine sichere Zukunft in einer gro\u00dfen Bundesverwaltung anbieten.<br \/>\nF\u00fcr eine Einstellung zum 1. September 2027 k\u00f6nnen sich Interessierte noch bis zum 15. Oktober 2026 beim Hauptzollamt Augsburg (gehobener oder mittlerer Zolldienst) oder bei der Generalzolldirektion (Verwaltungsinformatik) bewerben.<br \/>\nAusf\u00fchrliche Informationen zu Bewerbung, Einstellung, Ausbildung und Studium beim Zoll finden sich unter <a target=\"_blank\" class=\"uri-ext outbound\" rel=\"noopener nofollow\" href=\"https:\/\/www.zoll-karriere.de\">www.zoll-karriere.de<\/a>.<\/p>\n<p>Ausk\u00fcnfte erteilt die Pressestelle des Hauptzollamts Augsburg gerne per E-Mail oder telefonisch (<a href=\"https:\/\/www.presseportal.de\/blaulicht\/pm\/121240\/mailto:zollkarriere.hza-augsburg@zoll.bund.de\" class=\"uri-mailto\" rel=\"nofollow noopener\" target=\"_blank\">zollkarriere.hza-augsburg@zoll.bund.de<\/a>; 0821-5012 1890).<\/p>\n<p class=\"contact-headline\">R\u00fcckfragen bitte an:<\/p>\n<p class=\"contact-text\">Hauptzollamt Augsburg<br \/>Heike Koch<br \/>Telefon: 0821 5012 1003<br \/>E-Mail: <a href=\"https:\/\/www.presseportal.de\/blaulicht\/pm\/121240\/mailto:Presse.HZA-Augsburg@zoll.bund.de\" class=\"uri-mailto\" rel=\"nofollow noopener\" target=\"_blank\">Presse.HZA-Augsburg@zoll.bund.de<\/a><br \/><a target=\"_blank\" class=\"uri-ext outbound\" rel=\"noopener nofollow\" href=\"https:\/\/www.zoll.de\">www.zoll.de<\/a><\/p>\n<p class=\"originator\">Original-Content von: Hauptzollamt Augsburg, \u00fcbermittelt durch news aktuell<\/p>\n","protected":false},"excerpt":{"rendered":"03.09.2026 \u2013 07:25 Hauptzollamt Augsburg Ein Dokument PM_NeueNWKamHZA.pdfPDF &#8211; 194 kB Augsburg\/Schwaben (ots) Augsburg\/Schwaben Bei den bundesweit 41&hellip;\n","protected":false},"author":2,"featured_media":1277507,"comment_status":"","ping_status":"","sticky":false,"template":"","format":"standard","meta":{"footnotes":"","_share_on_mastodon":"0"},"categories":[1846],"tags":[680,772,2918,3364,29,548,663,3934,30,13,14,15,178,180,179,181,12,3699,615],"class_list":["post-1277506","post","type-post","status-publish","format-standard","has-post-thumbnail","category-augsburg","tag-augsburg","tag-bayern","tag-by","tag-de","tag-deutschland","tag-eu","tag-europa","tag-europe","tag-germany","tag-headlines","tag-nachrichten","tag-news","tag-presse","tag-pressemeldung","tag-pressemitteilung","tag-pressemitteilungen","tag-schlagzeilen","tag-veranstaltung","tag-zoll"],"share_on_mastodon":{"url":"https:\/\/pubeurope.com\/@de\/117205749944297662","error":""},"_links":{"self":[{"href":"https:\/\/www.europesays.com\/de\/wp-json\/wp\/v2\/posts\/1277506","targetHints":{"allow":["GET"]}}],"collection":[{"href":"https:\/\/www.europesays.com\/de\/wp-json\/wp\/v2\/posts"}],"about":[{"href":"https:\/\/www.europesays.com\/de\/wp-json\/wp\/v2\/types\/post"}],"author":[{"embeddable":true,"href":"https:\/\/www.europesays.com\/de\/wp-json\/wp\/v2\/users\/2"}],"replies":[{"embeddable":true,"href":"https:\/\/www.europesays.com\/de\/wp-json\/wp\/v2\/comments?post=1277506"}],"version-history":[{"count":0,"href":"https:\/\/www.europesays.com\/de\/wp-json\/wp\/v2\/posts\/1277506\/revisions"}],"wp:featuredmedia":[{"embeddable":true,"href":"https:\/\/www.europesays.com\/de\/wp-json\/wp\/v2\/media\/1277507"}],"wp:attachment":[{"href":"https:\/\/www.europesays.com\/de\/wp-json\/wp\/v2\/media?parent=1277506"}],"wp:term":[{"taxonomy":"category","embeddable":true,"href":"https:\/\/www.europesays.com\/de\/wp-json\/wp\/v2\/categories?post=1277506"},{"taxonomy":"post_tag","embeddable":true,"href":"https:\/\/www.europesays.com\/de\/wp-json\/wp\/v2\/tags?post=1277506"}],"curies":[{"name":"wp","href":"https:\/\/api.w.org\/{rel}","templated":true}]}}