{"id":1277510,"date":"2026-09-03T06:43:12","date_gmt":"2026-09-03T06:43:12","guid":{"rendered":"https:\/\/www.europesays.com\/de\/1277510\/"},"modified":"2026-09-03T06:43:12","modified_gmt":"2026-09-03T06:43:12","slug":"tag-des-offenen-denkmals-in-den-museen-und-im-stadtarchiv","status":"publish","type":"post","link":"https:\/\/www.europesays.com\/de\/1277510\/","title":{"rendered":"Tag des offenen Denkmals in den Museen und im Stadtarchiv"},"content":{"rendered":"<p>Angebote des Stadtarchivs<\/p>\n<p>Das Stadtarchiv Karlsruhe bietet zum Tag des offenen Denkmals ein buntes Rahmenprogramm f\u00fcr die ganze Familie: Exklusive Blicke hinter die Kulissen erwarten die Besucher und Besucherinnen in drei F\u00fchrungen: Um 10 Uhr startet die F\u00fchrung \u201eVon der Pfandleihe zum Stadtarchiv\u201c mit Dr. Katrin Dort und einer Dauer von 60 bis 90 Minuten. Zwei einst\u00fcndige Hausf\u00fchrungen finden um 13 Uhr mit Annika Stehle, Diplomarchivarin (FH) und um 15 Uhr mit Dr. Katrin Dort statt.<\/p>\n<p>Kinder zwischen 6 und 10 Jahren tauchen um 14 Uhr in der interaktiven Kinderf\u00fchrung \u201eTiere im Archiv. Detektive im Papierdschungel\u201c mit Eric Wychlacz, Diplomarchivar (FH) in die Stadtgeschichte ein und begeben sich mit Taschenlampen bewaffnet auf die Suche nach der verirrten Fledermaus \u201eKarlchen\u201c.<\/p>\n<p>Im Lesesaal gibt es durchg\u00e4ngig von 10 bis 16.30 Uhr viel zu entdecken: Die Restauratorinnen Ariane Beute und Sabine Klein von der Restaurierungswerkstatt und Buchbinderei des Kulturamts beantworten bei Live-Restaurierungen allen Interessierten Fragen aus ihrer t\u00e4glichen Praxis zur Rettung und Erhaltung des kostbaren Kulturgutes. Eine Fotoshow zu historischen und heutigen Karlsruher Geb\u00e4uden aus dem Bestand der St\u00e4dtischen Bildstelle l\u00e4sst in Nostalgie schwelgen. Nicht zuletzt stillt ein kleiner B\u00fccherflohmarkt den Wissensdurst aller Bibliophilen. Die leibliche St\u00e4rkung in Form von Kaffee und Kuchen f\u00fcr gro\u00dfe und kleine G\u00e4ste gibt es \u2013 so lange der Vorrat reicht \u2013 auf Spendenbasis im neu eingerichteten \u201ePausenr\u00e4umle\u201c.<\/p>\n<p>F\u00fchrung im Stadtmuseum<\/p>\n<p>Zum Tag des offenen Denkmals am Sonntag, 13. September 2026, l\u00e4dt das Stadtmuseum ein, um 11.15 Uhr im Rahmen der F\u00fchrung \u201eVom Bankierspalast zum Kulturzentrum. Bau- und Hausgeschichte des Prinz-Max-Palais\u201c mit Judith G\u00f6hre in die Geschichte des Hauses von der Errichtung bis zur heutigen Nutzung als st\u00e4dtisches Kulturzentrum einzutauchen. Das Geb\u00e4ude war der Wohnsitz eines Prinzen, hier wurde das Tanzbein geschwungen und Richter haben Recht gesprochen \u2013 das Prinz-Max-Palais kann auf eine bewegte Vergangenheit zur\u00fcckblicken.<\/p>\n<p>Die F\u00fchrung ist kostenlos und dauert circa 60 Minuten. Eine Anmeldung ist nicht erforderlich. Treffpunkt: Museumskasse, erstes Obergeschoss.<\/p>\n<p>F\u00fchrung im Pfinzgaumuseum<\/p>\n<p>Eine spannende Zeitreise durch die Bau- und Hausgeschichte der Durlacher Karlsburg erwartet die Besucherinnen und Besucher des Pfinzgaumuseums am Tag des offenen Denkmals am Sonntag, 13. September 2026, um 15 Uhr. Einst Residenzschloss der Markgrafen zu Baden-Durlach, erlebte die Karlsburg nach dem Umzug des Hofs nach Karlsruhe verschiedene Nutzungen, die bei der F\u00fchrung \u201eResidenzschloss, Kaserne, Kulturzentrum. Die Karlsburg und ihre Geschichte\u201c mit Susanne Stephan-Kabierske vorgestellt werden. Die F\u00fchrung ist kostenlos und dauert circa 60 Minuten. Eine Anmeldung ist nicht erforderlich. Treffpunkt: Brunnen vor der Karlsburg.<\/p>\n","protected":false},"excerpt":{"rendered":"Angebote des Stadtarchivs Das Stadtarchiv Karlsruhe bietet zum Tag des offenen Denkmals ein buntes Rahmenprogramm f\u00fcr die ganze&hellip;\n","protected":false},"author":2,"featured_media":1277511,"comment_status":"","ping_status":"","sticky":false,"template":"","format":"standard","meta":{"footnotes":"","_share_on_mastodon":"0"},"categories":[1844],"tags":[242,1634,3364,29,20957,30,8903,29640,7789,8731,29050,95264],"class_list":["post-1277510","post","type-post","status-publish","format-standard","has-post-thumbnail","category-karlsruhe","tag-242","tag-baden-wuerttemberg","tag-de","tag-deutschland","tag-durlach","tag-germany","tag-karlsruhe","tag-pfinzgaumuseum","tag-programm","tag-stadtarchiv","tag-stadtmuseum","tag-tag-des-offenen-denkmals"],"share_on_mastodon":{"url":"","error":""},"_links":{"self":[{"href":"https:\/\/www.europesays.com\/de\/wp-json\/wp\/v2\/posts\/1277510","targetHints":{"allow":["GET"]}}],"collection":[{"href":"https:\/\/www.europesays.com\/de\/wp-json\/wp\/v2\/posts"}],"about":[{"href":"https:\/\/www.europesays.com\/de\/wp-json\/wp\/v2\/types\/post"}],"author":[{"embeddable":true,"href":"https:\/\/www.europesays.com\/de\/wp-json\/wp\/v2\/users\/2"}],"replies":[{"embeddable":true,"href":"https:\/\/www.europesays.com\/de\/wp-json\/wp\/v2\/comments?post=1277510"}],"version-history":[{"count":0,"href":"https:\/\/www.europesays.com\/de\/wp-json\/wp\/v2\/posts\/1277510\/revisions"}],"wp:featuredmedia":[{"embeddable":true,"href":"https:\/\/www.europesays.com\/de\/wp-json\/wp\/v2\/media\/1277511"}],"wp:attachment":[{"href":"https:\/\/www.europesays.com\/de\/wp-json\/wp\/v2\/media?parent=1277510"}],"wp:term":[{"taxonomy":"category","embeddable":true,"href":"https:\/\/www.europesays.com\/de\/wp-json\/wp\/v2\/categories?post=1277510"},{"taxonomy":"post_tag","embeddable":true,"href":"https:\/\/www.europesays.com\/de\/wp-json\/wp\/v2\/tags?post=1277510"}],"curies":[{"name":"wp","href":"https:\/\/api.w.org\/{rel}","templated":true}]}}