{"id":1277518,"date":"2026-09-03T06:47:14","date_gmt":"2026-09-03T06:47:14","guid":{"rendered":"https:\/\/www.europesays.com\/de\/1277518\/"},"modified":"2026-09-03T06:47:14","modified_gmt":"2026-09-03T06:47:14","slug":"hza-bi-berufseinsteiger-beim-hauptzollamt-bielefeld-jetzt-karriere-beim-zoll-starten-2","status":"publish","type":"post","link":"https:\/\/www.europesays.com\/de\/1277518\/","title":{"rendered":"HZA-BI: Berufseinsteiger beim Hauptzollamt Bielefeld\/Jetzt Karriere beim ZOLL starten!"},"content":{"rendered":"<p class=\"date\">03.09.2026 \u2013 08:25<\/p>\n<p class=\"customer\">\n                        <a class=\"story-customer\" title=\"weiter zum newsroom von Hauptzollamt Bielefeld\" href=\"https:\/\/www.presseportal.de\/blaulicht\/nr\/121223\" rel=\"nofollow noopener\" target=\"_blank\">Hauptzollamt Bielefeld<\/a>\n                    <\/p>\n<p><a class=\"glightbox-pseudo event-trigger\" href=\"https:\/\/cache.pressmailing.net\/thumbnail\/story_hires\/38f76737-f6e1-4c7a-8d42-236349c17115\/IMG_0987_Nachwuchskr%C3%A4fte_bearbeitet.JPG.jpg\" data-description=\"Die Nachwuchskr\u00e4fte zusammen mit dem Leiter des Hauptzollamtes Bielefeld (rechts), Arnd Hilwig, sowie den Verantwortlichen f\u00fcr die Einstellung und Ausbildung\/Foto: Hauptzollamt Bielefeld\" data-category=\"medialightbox\" data-action=\"click\" data-label=\"single\" data-value=\"6a9912de270000fd2cc5d886\" rel=\"nofollow noopener\" target=\"_blank\"><img decoding=\"async\" height=\"540\" with=\"720\" src=\"https:\/\/www.europesays.com\/de\/wp-content\/uploads\/2026\/09\/hza-bi-berufseinsteiger-beim-hauptzollamt-bielefeld-jetzt-karriere-beim-zoll-starten.jpeg\"   alt=\"HZA-BI: Berufseinsteiger beim Hauptzollamt Bielefeld\/Jetzt Karriere beim ZOLL starten!\" class=\"single\"\/><\/a><\/p>\n<p><a data-category=\"citylink-story-view\" data-action=\"click\" data-label=\"Citylink in Meldungsansicht\" class=\"story-city event-trigger\" href=\"https:\/\/www.presseportal.de\/regional\/Bielefeld\" title=\"News aus Bielefeld \" rel=\"nofollow noopener\" target=\"_blank\">Bielefeld<\/a> (ots)<\/p>\n<p>Mehr als 1700 junge Menschen haben am 1. September 2026 ihre Ausbildung im mittleren Dienst bzw. ihr Studium im gehobenen Dienst beim ZOLL begonnen, 28 davon beim Hauptzollamt Bielefeld. Von den neuen Bielefelder Nachwuchskr\u00e4ften starten 19 ihre Ausbildung im mittleren Dienst und neun ihr Studium im gehobenen Dienst. Zudem ging es ebenfalls zum 1. September 2026 f\u00fcr den IT-Nachwuchs des gehobenen Dienstes mit dem dualen Studium Verwaltungsinformatik los.<\/p>\n<p>Arnd Hilwig, Leiter des Hauptzollamts Bielefeld betonte die besondere Bedeutung der Nachwuchskr\u00e4fte f\u00fcr die \u00f6ffentliche Verwaltung. &#8222;Wir arbeiten als ZOLL f\u00fcr einen starken Wirtschaftsstandort, ein stabiles Sozialsystem, sichere Staatseinnahmen und sch\u00fctzen Bev\u00f6lkerung und Umwelt. Damit stehen unsere Nachwuchskr\u00e4fte in einer ganz besonderen Verantwortung auch gegen\u00fcber den B\u00fcrgerinnen und B\u00fcrgern unseres Landes und werden die Funktions- und Leistungsf\u00e4higkeit einer modernen Zollverwaltung auch in Zukunft gew\u00e4hrleisten.&#8220;, sagte Hilwig.<\/p>\n<p>Beide dualen Studieng\u00e4nge dauern jeweils drei Jahre und schlie\u00dfen mit dem akademischen Grad &#8222;Bachelor of Law&#8220; (LL.B.; Zoll) bzw. &#8222;Bachelor of Science&#8220; (B.Sc.; Verwaltungsinformatik) ab. Die Ausbildung im mittleren Dienst dauert zwei Jahre und berechtigt zum F\u00fchren der Berufsbezeichnung Finanzwirtin oder Finanzwirt. Theorie und Praxis wechseln sich dabei ab und bauen aufeinander auf. Die fachtheoretischen Teile werden im gehobenen Dienst an den beiden Hochschulen des Bundes f\u00fcr \u00f6ffentliche Verwaltung am Fachbereich Finanzen in M\u00fcnster oder Rostock absolviert, f\u00fcr den mittleren Dienst bei den Ausbildungsst\u00e4tten des Bildungs- und Wissenschaftszentrums der Bundesfinanzverwaltung an den Dienstorten Erfurt, Leipzig, Plessow bei Potsdam, Rostock oder Sigmaringen. Die Praxisphasen verbringen die Nachwuchskr\u00e4fte ZOLL in verschiedenen Bereichen des Ausbildungshauptzollamts, bei nahe gelegenen Zoll\u00e4mtern und Zollfahndungs\u00e4mtern sowie geeigneten Bereichen der Generalzolldirektion. Die Nachwuchskr\u00e4fte Verwaltungsinformatik absolvieren ihre Praxisphasen in den unterschiedlichsten IT-Bereichen der Generalzolldirektion sowie in der Digitalen Forensik bei den Hauptzoll\u00e4mtern bzw. Zollfahndungs\u00e4mtern.<\/p>\n<p>Nach Abschluss des dualen Studiums oder der Ausbildung erwartet die jungen Z\u00f6llnerinnen und Z\u00f6llner eine Verwendung in den unterschiedlichsten Aufgabenbereichen des Zolls. Das Spektrum reicht von Sachbearbeitung bis Spezialeinheit, sowie von Finanzkontrolle Schwarzarbeit bis Zollfahndung. Grunds\u00e4tzlich \u00fcbernimmt der ZOLL alle seine geeigneten Nachwuchskr\u00e4fte. Die Verwaltungsinformatikerinnen und Verwaltungsinformatiker kommen vorzugsweise im Bereich der Digitalen Forensik, im Bereich der Digitalisierung der Zollverwaltung und diverser Projektarbeiten oder bei der Betreuung von Datenbanken zum Einsatz.<\/p>\n<p>Mit der Einstellung beim ZOLL erhalten die Nachwuchskr\u00e4fte nicht nur ein fachlich hochwertiges Studium mit einem anerkannten akademischen Abschluss bzw. eine fundierte und abwechslungsreiche Ausbildung, sondern auch einen sicheren Arbeitsplatz mit vielen spannenden und abwechslungsreichen T\u00e4tigkeiten, mit denen sie u.a. f\u00fcr Steuereinnahmen, Verbraucherschutz, die Sicherung von Arbeitspl\u00e4tzen und die Digitalisierung der Verwaltung in Deutschland sorgen.<\/p>\n<p>Auch in den kommenden Jahren wird der ZOLL verst\u00e4rkt Ausbildungs- und Studienpl\u00e4tze f\u00fcr eine sichere Zukunft in einer gro\u00dfen Bundesverwaltung anbieten.<\/p>\n<p>F\u00fcr eine Einstellung zum 1. September 2027 k\u00f6nnen sich Interessierte noch bis zum 15. Oktober 2026 beim Hauptzollamt Bielefeld (gehobener oder mittlerer Zolldienst) oder bei der Generalzolldirektion (Verwaltungsinformatik) bewerben.<\/p>\n<p>Ausf\u00fchrliche Informationen zu Bewerbung, Einstellung, Ausbildung und Studium beim Zoll finden sich unter <a target=\"_blank\" class=\"uri-ext outbound\" rel=\"noopener nofollow\" href=\"https:\/\/www.zoll-karriere.de\">www.zoll-karriere.de<\/a> oder <a target=\"_blank\" class=\"uri-ext outbound\" rel=\"noopener nofollow\" href=\"https:\/\/www.zoll.de\">www.zoll.de<\/a> (&#8222;Karriere&#8220;).<\/p>\n<p>Ansprechpartner f\u00fcr die Ausbildung\/das Studium beim Zoll:<br \/>\nHauptzollamt Bielefeld<br \/>\nHerr Christoph Schubert<br \/>\nTelefon: 0521\/3047-1260 oder 0173\/7004662<br \/>\nE-Mail: <a href=\"https:\/\/www.presseportal.de\/blaulicht\/pm\/121223\/mailto:einstellung.hza-bielefeld@zoll.bund.de\" class=\"uri-mailto\" rel=\"nofollow noopener\" target=\"_blank\">einstellung.hza-bielefeld@zoll.bund.de<\/a><br \/>\n<a target=\"_blank\" class=\"uri-ext outbound\" rel=\"noopener nofollow\" href=\"https:\/\/www.zoll-karriere.de\">www.zoll-karriere.de<\/a><\/p>\n<p>Ansprechpartner f\u00fcr das Studium Verwaltungsinformatik beim Zoll:<br \/>\nGeneralzolldirektion<br \/>\nDirektion I<br \/>\nDienstort M\u00fcnster<br \/>\nTelefon: 0228\/303-14364<br \/>\nE-Mail: <a href=\"https:\/\/www.presseportal.de\/blaulicht\/pm\/121223\/mailto:Bewerbungen-VIT@zoll.bund.de\" class=\"uri-mailto\" rel=\"nofollow noopener\" target=\"_blank\">Bewerbungen-VIT@zoll.bund.de<\/a><br \/>\n<a target=\"_blank\" class=\"uri-ext outbound\" rel=\"noopener nofollow\" href=\"https:\/\/www.zoll-karriere.de\">www.zoll-karriere.de<\/a><\/p>\n<p class=\"contact-headline\">R\u00fcckfragen bitte an:<\/p>\n<p class=\"contact-text\">Hauptzollamt Bielefeld<br \/>Ralf Wagenfeld<br \/>Telefon: (0521) 3047-1095<br \/>E-Mail: <a href=\"https:\/\/www.presseportal.de\/blaulicht\/pm\/121223\/mailto:ralf.wagenfeld@zoll.bund.de\" class=\"uri-mailto\" rel=\"nofollow noopener\" target=\"_blank\">ralf.wagenfeld@zoll.bund.de<\/a><br \/><a target=\"_blank\" class=\"uri-ext outbound\" rel=\"noopener nofollow\" href=\"https:\/\/www.zoll.de\">www.zoll.de<\/a><\/p>\n<p class=\"originator\">Original-Content von: Hauptzollamt Bielefeld, \u00fcbermittelt durch news aktuell<\/p>\n","protected":false},"excerpt":{"rendered":"03.09.2026 \u2013 08:25 Hauptzollamt Bielefeld Bielefeld (ots) Mehr als 1700 junge Menschen haben am 1. September 2026 ihre&hellip;\n","protected":false},"author":2,"featured_media":1277519,"comment_status":"","ping_status":"","sticky":false,"template":"","format":"standard","meta":{"footnotes":"","_share_on_mastodon":"0"},"categories":[1841],"tags":[1605,3364,29,30,1209,176,13564,178,180,179,181,615],"class_list":["post-1277518","post","type-post","status-publish","format-standard","has-post-thumbnail","category-bielefeld","tag-bielefeld","tag-de","tag-deutschland","tag-germany","tag-nordrhein-westfalen","tag-nrw","tag-personalie","tag-presse","tag-pressemeldung","tag-pressemitteilung","tag-pressemitteilungen","tag-zoll"],"share_on_mastodon":{"url":"https:\/\/pubeurope.com\/@de\/117205773014330266","error":""},"_links":{"self":[{"href":"https:\/\/www.europesays.com\/de\/wp-json\/wp\/v2\/posts\/1277518","targetHints":{"allow":["GET"]}}],"collection":[{"href":"https:\/\/www.europesays.com\/de\/wp-json\/wp\/v2\/posts"}],"about":[{"href":"https:\/\/www.europesays.com\/de\/wp-json\/wp\/v2\/types\/post"}],"author":[{"embeddable":true,"href":"https:\/\/www.europesays.com\/de\/wp-json\/wp\/v2\/users\/2"}],"replies":[{"embeddable":true,"href":"https:\/\/www.europesays.com\/de\/wp-json\/wp\/v2\/comments?post=1277518"}],"version-history":[{"count":0,"href":"https:\/\/www.europesays.com\/de\/wp-json\/wp\/v2\/posts\/1277518\/revisions"}],"wp:featuredmedia":[{"embeddable":true,"href":"https:\/\/www.europesays.com\/de\/wp-json\/wp\/v2\/media\/1277519"}],"wp:attachment":[{"href":"https:\/\/www.europesays.com\/de\/wp-json\/wp\/v2\/media?parent=1277518"}],"wp:term":[{"taxonomy":"category","embeddable":true,"href":"https:\/\/www.europesays.com\/de\/wp-json\/wp\/v2\/categories?post=1277518"},{"taxonomy":"post_tag","embeddable":true,"href":"https:\/\/www.europesays.com\/de\/wp-json\/wp\/v2\/tags?post=1277518"}],"curies":[{"name":"wp","href":"https:\/\/api.w.org\/{rel}","templated":true}]}}