{"id":1277524,"date":"2026-09-03T06:50:13","date_gmt":"2026-09-03T06:50:13","guid":{"rendered":"https:\/\/www.europesays.com\/de\/1277524\/"},"modified":"2026-09-03T06:50:13","modified_gmt":"2026-09-03T06:50:13","slug":"was-verschlaegt-die-pinguine-und-elefanten-in-die-wuppertaler-stadthalle","status":"publish","type":"post","link":"https:\/\/www.europesays.com\/de\/1277524\/","title":{"rendered":"Was verschl\u00e4gt die Pinguine und Elefanten in die Wuppertaler Stadthalle?"},"content":{"rendered":"<p class=\"text_ohne_einzug richtext text-em-55 !leading-serif mx-6 desktop:mx-0\">In der Historischen Stadthalle sind derzeit ungew\u00f6hnliche Besucher zu sehen: K\u00f6nigspinguine und afrikanische Elefanten des Gr\u00fcnen Zoos \u2013 allerdings nicht direkt, sondern auf alten R\u00f6hrenfernsehern. Mit dem Projekt \u201eRetro Vision\u201c wurde am Mittwoch eine Installation vorgestellt, die Vergangenheit und Zukunft auf \u00fcberraschende Weise zusammenbringt. Livebilder aus dem Zoo werden \u00fcber das st\u00e4dtische Glasfasernetz \u00fcbertragen und auf Fernsehern sichtbar, die eigentlich l\u00e4ngst ausgedient haben.<\/p>\n","protected":false},"excerpt":{"rendered":"In der Historischen Stadthalle sind derzeit ungew\u00f6hnliche Besucher zu sehen: K\u00f6nigspinguine und afrikanische Elefanten des Gr\u00fcnen Zoos \u2013&hellip;\n","protected":false},"author":2,"featured_media":1277525,"comment_status":"","ping_status":"","sticky":false,"template":"","format":"standard","meta":{"footnotes":"","_share_on_mastodon":"0"},"categories":[1840],"tags":[73,3364,29,47736,36165,30,25629,26554,263587,1209,2202,263589,263588,9645,145354,57415,4418,6500],"class_list":["post-1277524","post","type-post","status-publish","format-standard","has-post-thumbnail","category-wuppertal","tag-bilder","tag-de","tag-deutschland","tag-elefanten","tag-fernseher","tag-germany","tag-glasfasernetz","tag-idee","tag-livebilder","tag-nordrhein-westfalen","tag-projekt","tag-projektmanager","tag-roehrenfernseher","tag-stadthalle","tag-thomas-riedel","tag-uebertragen","tag-wuppertal","tag-zoo"],"share_on_mastodon":{"url":"https:\/\/pubeurope.com\/@de\/117205783330413898","error":""},"_links":{"self":[{"href":"https:\/\/www.europesays.com\/de\/wp-json\/wp\/v2\/posts\/1277524","targetHints":{"allow":["GET"]}}],"collection":[{"href":"https:\/\/www.europesays.com\/de\/wp-json\/wp\/v2\/posts"}],"about":[{"href":"https:\/\/www.europesays.com\/de\/wp-json\/wp\/v2\/types\/post"}],"author":[{"embeddable":true,"href":"https:\/\/www.europesays.com\/de\/wp-json\/wp\/v2\/users\/2"}],"replies":[{"embeddable":true,"href":"https:\/\/www.europesays.com\/de\/wp-json\/wp\/v2\/comments?post=1277524"}],"version-history":[{"count":0,"href":"https:\/\/www.europesays.com\/de\/wp-json\/wp\/v2\/posts\/1277524\/revisions"}],"wp:featuredmedia":[{"embeddable":true,"href":"https:\/\/www.europesays.com\/de\/wp-json\/wp\/v2\/media\/1277525"}],"wp:attachment":[{"href":"https:\/\/www.europesays.com\/de\/wp-json\/wp\/v2\/media?parent=1277524"}],"wp:term":[{"taxonomy":"category","embeddable":true,"href":"https:\/\/www.europesays.com\/de\/wp-json\/wp\/v2\/categories?post=1277524"},{"taxonomy":"post_tag","embeddable":true,"href":"https:\/\/www.europesays.com\/de\/wp-json\/wp\/v2\/tags?post=1277524"}],"curies":[{"name":"wp","href":"https:\/\/api.w.org\/{rel}","templated":true}]}}