{"id":1277528,"date":"2026-09-03T06:53:24","date_gmt":"2026-09-03T06:53:24","guid":{"rendered":"https:\/\/www.europesays.com\/de\/1277528\/"},"modified":"2026-09-03T06:53:24","modified_gmt":"2026-09-03T06:53:24","slug":"shopping-in-unna-kunden-fahren-lieber-nach-bochum-zum-parken","status":"publish","type":"post","link":"https:\/\/www.europesays.com\/de\/1277528\/","title":{"rendered":"Shopping in Unna: Kunden fahren lieber nach Bochum zum Parken"},"content":{"rendered":"<p>\t\tShopping-Frust in Unna<br \/>\n\t\t\t\t\tWarum Kunden lieber nach Bochum fahren, um kostenlos zu parken<\/p>\n<p>    <a href=\"https:\/\/www.hellwegeranzeiger.de\/wp-content\/uploads\/2026\/09\/02\/14\/630_0900_6781670_-1648x824.jpg\" rel=\"nofollow noopener\" target=\"_blank\"><\/p>\n<p>            <img decoding=\"async\" fetchpriority=\"high\" src=\"https:\/\/www.europesays.com\/de\/wp-content\/uploads\/2026\/09\/630_0900_6781664_-640x426.jpg\" width=\"640\" height=\"426\"  alt=\"&quot;R\u00e4umungsverkauf&quot; steht auf Plakaten in den gelb verklebten Schaufenstern des Schuhgesch\u00e4fts Disselbeck in Unna\"\/><\/p>\n<p>    <\/a><br \/>\n    Erst R\u00e4umungsverkauf, dann Schlie\u00dfung: Die Tradition des Schuhhauses Disselbeck in Unna endet. Die Entwicklung l\u00f6st Diskussionen aus. \u00a9 Thomas Raulf<\/p>\n<p class=\"article__teaser-text\">Unna verliert zwei Traditionsgesch\u00e4fte \u2013 und die Frage nach der Verantwortung spaltet die Kommentatoren. Ist die Stadt unattraktiv oder der Kunde bequem?<\/p>\n<p>2 Min Lesezeit<\/p>\n<p>Gr\u00fcnde beim KonsumverhaltenParkgeb\u00fchren oder weit fahren<\/p>\n","protected":false},"excerpt":{"rendered":"Shopping-Frust in Unna Warum Kunden lieber nach Bochum fahren, um kostenlos zu parken Erst R\u00e4umungsverkauf, dann Schlie\u00dfung: Die&hellip;\n","protected":false},"author":2,"featured_media":1277529,"comment_status":"","ping_status":"","sticky":false,"template":"","format":"standard","meta":{"footnotes":"","_share_on_mastodon":"0"},"categories":[1839],"tags":[7507,3364,29,4289,1072,30,1209],"class_list":["post-1277528","post","type-post","status-publish","format-standard","has-post-thumbnail","category-bochum","tag-bochum","tag-de","tag-deutschland","tag-einkaufen","tag-einzelhandel","tag-germany","tag-nordrhein-westfalen"],"share_on_mastodon":{"url":"","error":""},"_links":{"self":[{"href":"https:\/\/www.europesays.com\/de\/wp-json\/wp\/v2\/posts\/1277528","targetHints":{"allow":["GET"]}}],"collection":[{"href":"https:\/\/www.europesays.com\/de\/wp-json\/wp\/v2\/posts"}],"about":[{"href":"https:\/\/www.europesays.com\/de\/wp-json\/wp\/v2\/types\/post"}],"author":[{"embeddable":true,"href":"https:\/\/www.europesays.com\/de\/wp-json\/wp\/v2\/users\/2"}],"replies":[{"embeddable":true,"href":"https:\/\/www.europesays.com\/de\/wp-json\/wp\/v2\/comments?post=1277528"}],"version-history":[{"count":0,"href":"https:\/\/www.europesays.com\/de\/wp-json\/wp\/v2\/posts\/1277528\/revisions"}],"wp:featuredmedia":[{"embeddable":true,"href":"https:\/\/www.europesays.com\/de\/wp-json\/wp\/v2\/media\/1277529"}],"wp:attachment":[{"href":"https:\/\/www.europesays.com\/de\/wp-json\/wp\/v2\/media?parent=1277528"}],"wp:term":[{"taxonomy":"category","embeddable":true,"href":"https:\/\/www.europesays.com\/de\/wp-json\/wp\/v2\/categories?post=1277528"},{"taxonomy":"post_tag","embeddable":true,"href":"https:\/\/www.europesays.com\/de\/wp-json\/wp\/v2\/tags?post=1277528"}],"curies":[{"name":"wp","href":"https:\/\/api.w.org\/{rel}","templated":true}]}}