{"id":1277532,"date":"2026-09-03T06:55:21","date_gmt":"2026-09-03T06:55:21","guid":{"rendered":"https:\/\/www.europesays.com\/de\/1277532\/"},"modified":"2026-09-03T06:55:21","modified_gmt":"2026-09-03T06:55:21","slug":"ukraine-kiewer-geheimdienste-beschiessen-sich-auf-strasse-selenskyj-wuetend","status":"publish","type":"post","link":"https:\/\/www.europesays.com\/de\/1277532\/","title":{"rendered":"Ukraine: Kiewer Geheimdienste beschie\u00dfen sich auf Stra\u00dfe \u2013 Selenskyj w\u00fctend"},"content":{"rendered":"<p>Selenskyj w\u00fctend <\/p>\n<p>Ukrainische Geheimdienste beschie\u00dfen einander<\/p>\n<p>03.09.2026 &#8211; 08:39 UhrLesedauer: 1 Min.<\/p>\n<p><a href=\"#focus-0\" class=\"transition-colors block text-current relative\" data-sctrack=\"FocusGalleryImage.Reference\"><img fetchpriority=\"high\" data-testid=\"Opener.Image\"   loading=\"eager\" src=\"https:\/\/www.europesays.com\/de\/wp-content\/uploads\/2026\/09\/coalition-of-the-willing-meeting-kyiv-president-of-ukraine-volodymyr-zelenskyy-attends-a-meeting-of-.jpeg\" alt=\"imago images 0864784070\" title=\"imago images 0864784070\" width=\"2435\" height=\"1370\" class=\"bg-[url:var(--lqipURL)] bg-cover bg-center flex h-full w-full max-w-full\" style=\"--lqipURL:url('https:\/\/images.t-online.de\/2026\/09\/uTJBz-QlbEpF\/0x132:2435x1370\/fit-in\/150x0\/filters:blur(25)\/coalition-of-the-willing-meeting-kyiv-president-of-ukraine-volodymyr-zelenskyy-attends-a-meeting-of-the-coalition-of-the-willing-on-ukraine-35th-independence-day-kyiv-ukraine-august-24-2026-the-event-brought-together-representatives-of-more-than-30-countries-both-in-person-and-online-this-was-the-coalition-16th-meeting-since-its-first-gathering-in-february-2025-photo-by-danylo-antoniuk-ukrinform-abacapress-com-kyiv-ukraine-publicationxnotxinxfraxuk-copyright-xukrinform-abacax.jpg')\" decoding=\"async\"\/><img loading=\"lazy\" src=\"https:\/\/www.t-online.de\/s\/paper\/_next\/static\/media\/zoom-in.f7dae02f.svg\" alt=\"Vergr\u00f6\u00dfern des Bildes\" title=\"Vergr\u00f6\u00dfern des Bildes\" class=\"block h-[calc(var(--height)_\/_16_*_1rem)] w-[calc(var(--width)_\/_16_*_1rem)] max-w-none absolute right-8 bottom-8 rounded-4 bg-snow p-8\" style=\"--width:32;--height:32\" decoding=\"async\"\/><\/a><\/p>\n<p>Wolodymyr Selenskyj (Archivbild): Der ukrainische Pr\u00e4sident hat nach einer Schie\u00dferei personelle Konsequenzen gezogen. (Quelle: IMAGO\/Ukrinform\/ABACA\/imago)<\/p>\n<p><img loading=\"lazy\" src=\"https:\/\/www.t-online.de\/s\/paper\/_next\/static\/media\/audio-volume.6689034c.svg\" alt=\"\" title=\"\" class=\"block h-[calc(var(--height)_\/_16_*_1rem)] w-[calc(var(--width)_\/_16_*_1rem)] max-w-none group-hover:brightness-0 group-hover:invert\" style=\"--width:16;--height:16\" decoding=\"async\"\/>Vorlesen<\/p>\n<p>Aktuelle Zeit:0:00Gesamtdauer:0:00<\/p>\n<p>1x<img loading=\"lazy\" src=\"https:\/\/www.t-online.de\/s\/paper\/_next\/static\/media\/font-sizes.32942e33.svg\" alt=\"\" title=\"\" class=\"block h-[calc(var(--height)_\/_16_*_1rem)] w-[calc(var(--width)_\/_16_*_1rem)] max-w-none group-hover:hidden group-aria-expanded:hidden\" style=\"--width:16;--height:16\" decoding=\"async\"\/><img loading=\"lazy\" src=\"https:\/\/www.t-online.de\/s\/paper\/_next\/static\/media\/font-sizes-dark-mode.e382645c.svg\" alt=\"\" title=\"\" class=\"block h-[calc(var(--height)_\/_16_*_1rem)] w-[calc(var(--width)_\/_16_*_1rem)] max-w-none hidden group-hover:block group-aria-expanded:block\" style=\"--width:16;--height:16\" decoding=\"async\"\/><img loading=\"lazy\" src=\"https:\/\/www.t-online.de\/s\/paper\/_next\/static\/media\/sharing-menu-icon.1eb71368.svg\" alt=\"\" title=\"\" class=\"block h-[calc(var(--height)_\/_16_*_1rem)] w-[calc(var(--width)_\/_16_*_1rem)] max-w-none group-hover:brightness-0 group-hover:invert\" style=\"--width:16;--height:16\" decoding=\"async\"\/>Artikel teilen<\/p>\n<p class=\"font-bold text-18 leading-17 user-text-lg:text-22 user-text-xl:text-24\">Sch\u00fcsse auf offener Stra\u00dfe in Kiew, weil bewaffnete ukrainische Geheimagenten aneinandergeraten. Pr\u00e4sident Selenskyj nennt den Vorfall &#8222;absolut skandal\u00f6s&#8220;.<\/p>\n<p class=\"text-18 leading-17 user-text-lg:text-22 user-text-xl:text-24\">Der ukrainische Pr\u00e4sident <a href=\"https:\/\/www.t-online.de\/themen\/wolodymyr-selenskyj\/\" class=\"transition-colors cursor-pointer no-underline md:hover:text-magenta md:focus:text-magenta border-b border-solid border-current text-salemsfur md:hover:border-magenta\" data-tracking=\"{&quot;action&quot;:&quot;click&quot;,&quot;category&quot;:&quot;intextLink&quot;,&quot;label&quot;:&quot;\/themen\/wolodymyr-selenskyj\/&quot;}\" data-sctrack=\"BodyAnchor\" rel=\"nofollow noopener\" target=\"_blank\">Wolodymyr Selenskyj<\/a> hat eine undurchsichtige Schie\u00dferei zwischen seinen Geheimdiensten scharf kritisiert. Er sprach von einer &#8222;absolut skandal\u00f6sen Situation&#8220;. Der Generalstaatsanwalt m\u00fcsse kl\u00e4ren, warum sich Mitarbeiter des Inlandsgeheimdienstes SBU und des Milit\u00e4rgeheimdienstes HUR in <a href=\"https:\/\/www.t-online.de\/themen\/kiew\/\" class=\"transition-colors cursor-pointer no-underline md:hover:text-magenta md:focus:text-magenta border-b border-solid border-current text-salemsfur md:hover:border-magenta\" data-tracking=\"{&quot;action&quot;:&quot;click&quot;,&quot;category&quot;:&quot;intextLink&quot;,&quot;label&quot;:&quot;\/themen\/kiew\/&quot;}\" data-sctrack=\"BodyAnchor\" rel=\"nofollow noopener\" target=\"_blank\">Kiew<\/a> einen Schusswechsel mit Verletzten geliefert h\u00e4tten, sagte Selenskyj. &#8222;Hier in der <a href=\"https:\/\/www.t-online.de\/themen\/ukraine\/\" class=\"transition-colors cursor-pointer no-underline md:hover:text-magenta md:focus:text-magenta border-b border-solid border-current text-salemsfur md:hover:border-magenta\" data-tracking=\"{&quot;action&quot;:&quot;click&quot;,&quot;category&quot;:&quot;intextLink&quot;,&quot;label&quot;:&quot;\/themen\/ukraine\/&quot;}\" data-sctrack=\"BodyAnchor\" rel=\"nofollow noopener\" target=\"_blank\">Ukraine<\/a> darf nur auf russische Besatzer geschossen werden, um die Ukraine zu verteidigen&#8220;, sagte er.<\/p>\n<p class=\"text-18 leading-17 user-text-lg:text-22 user-text-xl:text-24\">Der SBU teilte am Mittwoch zun\u00e4chst mit, gemeinsam mit dem HUR sei es gelungen, einen aus <a href=\"https:\/\/www.t-online.de\/themen\/moskau\/\" class=\"transition-colors cursor-pointer no-underline md:hover:text-magenta md:focus:text-magenta border-b border-solid border-current text-salemsfur md:hover:border-magenta\" data-tracking=\"{&quot;action&quot;:&quot;click&quot;,&quot;category&quot;:&quot;intextLink&quot;,&quot;label&quot;:&quot;\/themen\/moskau\/&quot;}\" data-sctrack=\"BodyAnchor\" rel=\"nofollow noopener\" target=\"_blank\">Moskau<\/a> gesteuerten Anschlag auf einen russischen Oppositionellen zu verhindern. Nach Kiewer Medienberichten soll es sich dabei um einen Offizier des Russischen Freiwilligenkorps RDK handeln, das auf Seiten der Ukraine k\u00e4mpft.<\/p>\n<ul class=\"text-18 leading-17 block pl-24 *:pb-16 *:before:inline-block *:before:size-8 *:before:bg-magenta *:before:mt-0 *:before:mr-12 *:before:mb-2 *:before:-ml-[20px]\">\n<li><strong class=\"font-bold\">Aktuelle Entwicklungen:<\/strong> <a href=\"https:\/\/www.t-online.de\/nachrichten\/ukraine\/id_101413502\/ukraine-krieg-norwegen-beschlagnahmt-kreuzfahrtschiff-aus-russland.html\" class=\"transition-colors cursor-pointer no-underline md:hover:text-magenta md:focus:text-magenta border-b border-solid border-current text-salemsfur md:hover:border-magenta\" data-tracking=\"{&quot;action&quot;:&quot;click&quot;,&quot;category&quot;:&quot;intextLink&quot;,&quot;label&quot;:&quot;\/nachrichten\/ukraine\/id_101413502\/ukraine-krieg-norwegen-beschlagnahmt-kreuzfahrtschiff-aus-russland.html&quot;}\" data-sctrack=\"BodyAnchor\" rel=\"nofollow noopener\" target=\"_blank\">Newsblog zum Krieg in der Ukraine<\/a><\/li>\n<\/ul>\n<p class=\"text-18 leading-17 user-text-lg:text-22 user-text-xl:text-24\">Sp\u00e4ter schrieb der SBU, seine Einsatzkr\u00e4fte seien bei einer Ermittlungsaktion von Unbekannten angegriffen worden. In einem Schusswechsel seien mehrere Angreifer verletzt worden. Sie h\u00e4tten sich als Armeeangeh\u00f6rige herausgestellt. Die Aufsicht \u00fcber die russischen Freiwilligen f\u00fchrt der Milit\u00e4rgeheimdienst HUR, der sich bislang nicht offiziell zu dem Vorfall \u00e4u\u00dferte.<\/p>\n<p class=\"text-18 leading-17 user-text-lg:text-22 user-text-xl:text-24\">Selenskyj zog aus dem Vorfall direkte Konsequenzen. Er entlie\u00df laut &#8222;Kyiv Independent&#8220; den Leiter der Abteilung f\u00fcr den Schutz von Staatsgeheimnissen des SBU, Oleh Chramow und forderte eine gr\u00fcndliche Untersuchung.<\/p>\n","protected":false},"excerpt":{"rendered":"Selenskyj w\u00fctend Ukrainische Geheimdienste beschie\u00dfen einander 03.09.2026 &#8211; 08:39 UhrLesedauer: 1 Min. Wolodymyr Selenskyj (Archivbild): Der ukrainische Pr\u00e4sident&hellip;\n","protected":false},"author":2,"featured_media":1277533,"comment_status":"","ping_status":"","sticky":false,"template":"","format":"standard","meta":{"footnotes":"","_share_on_mastodon":"0"},"categories":[4012],"tags":[326,331,332,325,13,5793,14,15,5995,12,317,107],"class_list":["post-1277532","post","type-post","status-publish","format-standard","has-post-thumbnail","category-ukraine","tag-326","tag-aktuelle-nachrichten","tag-aktuelle-news","tag-geheimdienst","tag-headlines","tag-kiew","tag-nachrichten","tag-news","tag-schiesserei","tag-schlagzeilen","tag-ukraine","tag-wolodymyr-selenskyj"],"share_on_mastodon":{"url":"https:\/\/pubeurope.com\/@de\/117205806236246444","error":""},"_links":{"self":[{"href":"https:\/\/www.europesays.com\/de\/wp-json\/wp\/v2\/posts\/1277532","targetHints":{"allow":["GET"]}}],"collection":[{"href":"https:\/\/www.europesays.com\/de\/wp-json\/wp\/v2\/posts"}],"about":[{"href":"https:\/\/www.europesays.com\/de\/wp-json\/wp\/v2\/types\/post"}],"author":[{"embeddable":true,"href":"https:\/\/www.europesays.com\/de\/wp-json\/wp\/v2\/users\/2"}],"replies":[{"embeddable":true,"href":"https:\/\/www.europesays.com\/de\/wp-json\/wp\/v2\/comments?post=1277532"}],"version-history":[{"count":0,"href":"https:\/\/www.europesays.com\/de\/wp-json\/wp\/v2\/posts\/1277532\/revisions"}],"wp:featuredmedia":[{"embeddable":true,"href":"https:\/\/www.europesays.com\/de\/wp-json\/wp\/v2\/media\/1277533"}],"wp:attachment":[{"href":"https:\/\/www.europesays.com\/de\/wp-json\/wp\/v2\/media?parent=1277532"}],"wp:term":[{"taxonomy":"category","embeddable":true,"href":"https:\/\/www.europesays.com\/de\/wp-json\/wp\/v2\/categories?post=1277532"},{"taxonomy":"post_tag","embeddable":true,"href":"https:\/\/www.europesays.com\/de\/wp-json\/wp\/v2\/tags?post=1277532"}],"curies":[{"name":"wp","href":"https:\/\/api.w.org\/{rel}","templated":true}]}}