{"id":1277537,"date":"2026-09-03T06:59:26","date_gmt":"2026-09-03T06:59:26","guid":{"rendered":"https:\/\/www.europesays.com\/de\/1277537\/"},"modified":"2026-09-03T06:59:26","modified_gmt":"2026-09-03T06:59:26","slug":"gruene-fordern-schaerferes-vorgehen-gegen-russische-schattenflotte","status":"publish","type":"post","link":"https:\/\/www.europesays.com\/de\/1277537\/","title":{"rendered":"Gr\u00fcne fordern sch\u00e4rferes Vorgehen gegen russische Schattenflotte"},"content":{"rendered":"<p>Die Gr\u00fcnen wollen deutsches Recht nachsch\u00e4rfen, um besser gegen die russische Schattenflotte vorgehen zu k\u00f6nnen. Der rechtspolitische Sprecher der Bundestagsfraktion, Helge Limburg, forderte die Bundesregierung auf, schneller nachzusteuern, damit Schiffe unter falscher Flagge wirksamer erfasst werden k\u00f6nnen.<\/p>\n<p>Nach Ansicht der Gr\u00fcnen sollte sich Deutschland dabei an strengeren Regelungen anderer Anrainerstaaten der Nord- und Ostsee orientieren.<\/p>\n<p>Vorbild Frankreich<\/p>\n<p>Limburg verweist darauf, dass insbesondere Frankreich teils strafbewehrte Sanktionsm\u00f6glichkeiten gegen solche Schiffe geschaffen habe. Deutschland solle diese Linie \u00fcbernehmen, um die Umgehung von Sanktionen konsequenter zu unterbinden.<\/p>\n<p>Dar\u00fcber hinaus solle die Bundesrepublik gemeinsam mit EU-Partnern auf Nachsch\u00e4rfungen beim Seerechts\u00fcbereinkommen dr\u00e4ngen.<\/p>\n<p>Druck auf die Schattenflotte<\/p>\n<p>Die Gr\u00fcnen begr\u00fcnden den Vorsto\u00df mit der Rolle der russischen Schattenflotte im Krieg gegen die Ukraine. Die Schiffe d\u00fcrften das Recht auf friedliche Durchfahrt nicht ausnutzen, um die russische Kriegswirtschaft zu st\u00fctzen und zugleich kritische Infrastruktur in Nord- und Ostsee auszukundschaften oder zu sabotieren.<\/p>\n<p>Der Vorsto\u00df f\u00fcgt sich in eine breitere Debatte \u00fcber mehr Kontrolle von Tankern und Frachtern ein, die im Verdacht stehen, Sanktionen zu unterlaufen. F\u00fcr Deutschland steht dabei auch die maritime Sicherheit im eigenen Seegebiet im Mittelpunkt.<\/p>\n<p>Politische Konsequenzen<\/p>\n<p>Sollte die Bundesregierung dem Vorschlag folgen, k\u00f6nnte das Folgen f\u00fcr Kontrollen, Sanktionsdurchsetzung und die Zusammenarbeit mit Nachbarstaaten haben. Gleichzeitig w\u00fcrde die Frage weiter an Gewicht gewinnen, wie weit nationale Ma\u00dfnahmen im Rahmen des internationalen Seerechts reichen d\u00fcrfen.<\/p>\n<p>Die Forderung der Gr\u00fcnen zielt auf eine L\u00fccke zwischen politischem Willen und rechtlichem Instrumentarium: Deutschland soll nach franz\u00f6sischem Vorbild sch\u00e4rfer gegen Schiffe vorgehen k\u00f6nnen, die unter falscher Flagge fahren und zur russischen Schattenflotte gez\u00e4hlt werden.<\/p>\n<p>Im Kern geht es dabei um die Durchsetzung von Sanktionen, die Sicherheit kritischer Infrastruktur in Nord- und Ostsee und die Frage, wie weit K\u00fcstenstaaten bei der Kontrolle von Schiffen im internationalen Seerecht gehen d\u00fcrfen. Die Debatte ist seit Beginn des russischen Angriffskriegs gegen die Ukraine gewachsen, weil die Schattenflotte als Mittel gilt, Exportbeschr\u00e4nkungen zu umgehen und \u00d6l weiterhin auf den Weltmarkt zu bringen.<\/p>\n<p>Recht und Sicherheit<\/p>\n<p>F\u00fcr Deutschland ist das Thema besonders relevant, weil Nord- und Ostsee zentrale Verkehrsachsen sind und dort sensible Infrastruktur verlaufen. Ein sch\u00e4rferes Vorgehen w\u00fcrde wahrscheinlich nicht nur Kontrollbefugnisse, sondern auch Straf- und Sanktionsm\u00f6glichkeiten betreffen. Gleichzeitig ber\u00fchrt jede Versch\u00e4rfung die Abgrenzung zwischen Sanktionen, Seerecht und der Freiheit der friedlichen Durchfahrt.<\/p>\n<p>Europ\u00e4ischer Kontext<\/p>\n<p>Die politische Sto\u00dfrichtung ist europ\u00e4isch: K\u00fcsten- und Anrainerstaaten suchen seit L\u00e4ngerem nach Wegen, den Druck auf die Schattenflotte zu erh\u00f6hen und Schlupfl\u00f6cher in der Sanktionsarchitektur zu schlie\u00dfen. F\u00fcr die Bundesregierung stellt sich damit vor allem die Frage, ob sie nationale Regeln anpasst, um schneller handeln zu k\u00f6nnen, und ob sie parallel auf EU-Ebene f\u00fcr einheitlichere Standards wirbt.<\/p>\n<p>F\u00fcr Leser hat das unmittelbare Bedeutung, weil strengere Kontrollen Lieferketten, Schifffahrt und die Sicherheitslage im Ostseeraum betreffen k\u00f6nnen. Zugleich ist die Debatte ein Hinweis darauf, dass wirtschaftlicher Druck auf Russland und maritime Sicherheit immer enger miteinander verkn\u00fcpft werden.<\/p>\n<p>&#13;<br \/>\n\t\t    Disclaimer&#8230;&#13;\n\t\t<\/p>\n","protected":false},"excerpt":{"rendered":"Die Gr\u00fcnen wollen deutsches Recht nachsch\u00e4rfen, um besser gegen die russische Schattenflotte vorgehen zu k\u00f6nnen. Der rechtspolitische Sprecher&hellip;\n","protected":false},"author":2,"featured_media":1277538,"comment_status":"","ping_status":"","sticky":false,"template":"","format":"standard","meta":{"footnotes":"","_share_on_mastodon":"0"},"categories":[3974],"tags":[331,332,548,663,3934,3980,156,2013,13,14,15,15048,12,263592],"class_list":["post-1277537","post","type-post","status-publish","format-standard","has-post-thumbnail","category-frankreich","tag-aktuelle-nachrichten","tag-aktuelle-news","tag-eu","tag-europa","tag-europe","tag-france","tag-frankreich","tag-gruene","tag-headlines","tag-nachrichten","tag-news","tag-schattenflotte","tag-schlagzeilen","tag-seerecht"],"share_on_mastodon":{"url":"","error":""},"_links":{"self":[{"href":"https:\/\/www.europesays.com\/de\/wp-json\/wp\/v2\/posts\/1277537","targetHints":{"allow":["GET"]}}],"collection":[{"href":"https:\/\/www.europesays.com\/de\/wp-json\/wp\/v2\/posts"}],"about":[{"href":"https:\/\/www.europesays.com\/de\/wp-json\/wp\/v2\/types\/post"}],"author":[{"embeddable":true,"href":"https:\/\/www.europesays.com\/de\/wp-json\/wp\/v2\/users\/2"}],"replies":[{"embeddable":true,"href":"https:\/\/www.europesays.com\/de\/wp-json\/wp\/v2\/comments?post=1277537"}],"version-history":[{"count":0,"href":"https:\/\/www.europesays.com\/de\/wp-json\/wp\/v2\/posts\/1277537\/revisions"}],"wp:featuredmedia":[{"embeddable":true,"href":"https:\/\/www.europesays.com\/de\/wp-json\/wp\/v2\/media\/1277538"}],"wp:attachment":[{"href":"https:\/\/www.europesays.com\/de\/wp-json\/wp\/v2\/media?parent=1277537"}],"wp:term":[{"taxonomy":"category","embeddable":true,"href":"https:\/\/www.europesays.com\/de\/wp-json\/wp\/v2\/categories?post=1277537"},{"taxonomy":"post_tag","embeddable":true,"href":"https:\/\/www.europesays.com\/de\/wp-json\/wp\/v2\/tags?post=1277537"}],"curies":[{"name":"wp","href":"https:\/\/api.w.org\/{rel}","templated":true}]}}