{"id":1277553,"date":"2026-09-03T07:10:18","date_gmt":"2026-09-03T07:10:18","guid":{"rendered":"https:\/\/www.europesays.com\/de\/1277553\/"},"modified":"2026-09-03T07:10:18","modified_gmt":"2026-09-03T07:10:18","slug":"50-jahre-casablanca-in-nuernberg-kult-kino-feiert-grosses-jubilaeumsfest","status":"publish","type":"post","link":"https:\/\/www.europesays.com\/de\/1277553\/","title":{"rendered":"50 Jahre Casablanca in N\u00fcrnberg: Kult-Kino feiert gro\u00dfes Jubil\u00e4umsfest"},"content":{"rendered":"<p>                                &#8211;                                Das Casablanca Filmkunsttheater in N\u00fcrnberg wird in diesem September 50 Jahre alt. Seither bietet es vor allem \u201eKino mit Courage\u201c. Zelebriert wird das gesamte Jahr \u00fcber sowie an einem speziellen Festwochenende.<\/p>\n<p>                In einer unscheinbaren Stra\u00dfe am bahnhofsnahe Eck der S\u00fcdstadt steht wohl N\u00fcrnbergs charismatischstes Kino. Dort zieht es mit seiner bunten, bemalten Fassade die Blicke auf sich &#8211; und das nunmehr seit einem halben Jahrhundert. Das Casablanca, wie du es heute kennst, entstand in den R\u00e4umen des fr\u00fcheren \u201eTheaters am Kopernikusplatz\u201c, kurz \u201etak\u201c. Dieses Theater war 1973 in einer ehemaligen Druckerei er\u00f6ffnet worden und schloss Ende Februar 1976. Die Br\u00fcder Wolfram und Eckhardt Weber bauten die R\u00e4ume anschlie\u00dfend zu einem <a href=\"https:\/\/www.nordbayern.de\/freizeit-events\/kleine-kinos-in-franken-das-haben-die-kult-lichtspielhauser-zu-bieten-1.14284409\" target=\"_blank\" onclick=\"trackClickEventForLink(&#039;Article Link Click&#039;, &#039;Kleine Kinos in Franken: Das haben die Kult-Lichtspielh\u00e4user zu bieten&#039;, &#039;article&#039;, \" https:=\"\" jahre=\"\" casablanca=\"\" in=\"\" n=\"\" kult-kino=\"\" feiert=\"\" gro=\"\" jubil=\"\" rel=\"nofollow noopener\">Programmkino<\/a> um. Geplant wurden drei S\u00e4le sowie eine frankophile Kinokneipe.<\/p>\n<p>Spannender Nebenfakt: Wolfram Weber \u2013 gemeinsam mit seinen Br\u00fcdern Eckhard und Frank \u2013 baute ab den 1970er-Jahren die N\u00fcrnberger Kinolandschaft mit auf. Die Br\u00fcder betrieben zun\u00e4chst die Meisengeige, sp\u00e4ter unter anderem das Casablanca, das Metropolis und weitere H\u00e4user. Wolfram Weber plante und er\u00f6ffnete schlie\u00dflich 1995 <a href=\"https:\/\/www.nordbayern.de\/nuernberg\/30-jahre-cinecitta-die-anfange-des-multiplexkinos-in-bildern-1.14864594\" target=\"_blank\" onclick=\"trackClickEventForLink(&#039;Article Link Click&#039;, &#039;30 Jahre Cinecitta: Die Anf\u00e4nge des Multiplexkinos in Bildern&#039;, &#039;gallery&#039;, \" https:=\"\" jahre=\"\" casablanca=\"\" in=\"\" n=\"\" kult-kino=\"\" feiert=\"\" gro=\"\" jubil=\"\" rel=\"nofollow noopener\">das Cinecitt\u00e0<\/a> und ist bis heute dessen Betreiber. 2009 stieg Wolfram Weber allerdings aus dem Betrieb des Casablanca aus; doch das sollte nicht das Ende des Filmkunsttheaters bedeuten.<\/p>\n<p>Dabei beginnt die Geschichte des illustren Filmspielhauses eigentlich schon eher: N\u00e4mlich 1972 mit einer Gruppe von Eltern aus dem Kinderladen \u201eInsel Sch\u00fctt\u201c, die das Haus in der Brosamerstra\u00dfe 12 kauft &#8211; sie verschreiben sich Folgendem: \u201eF\u00fcr Kinder und Eltern eine gro\u00dfe Wohngemeinschaft schaffen.\u201c In den ehemaligen Druckereir\u00e4umen er\u00f6ffnet dann 1973 der bekannte N\u00fcrnberger K\u00fcnstler Horst W. Blome das \u201eTheater am Kopernikusplatz\u201c, kurz \u201etak\u201c. Nach dessen Ende im Februar 1976 bauen Wolfram und Eckhardt Weber die R\u00e4ume zum Programmkino um. Im September 1976 \u00f6ffnet das Casablanca mit drei S\u00e4len und Kinokneipe und wird rasch zum N\u00fcrnberger Kultort. 1977 kommen die Cr\u00eaperie Yechet Mad, 1985 die pr\u00e4gende Fassadenbemalung hinzu.<\/p>\n<p>Als Wolfram Weber 2008 ank\u00fcndigt, das Kino schlie\u00dfen zu wollen, formiert sich eine Interessengemeinschaft zur Rettung des Casablanca und startet eine Spendenaktion. Nach gescheiterten Verhandlungen und einer Inventarversteigerung gr\u00fcndet sich im M\u00e4rz 2009 der Verein Casa e.V, der bis 2012 auf mehr als 500 Mitglieder kommt. Mit dem Konzept \u201eKinoplus\u201c, Stuhlpatenschaften und gro\u00dfem ehrenamtlichem Einsatz renovieren Mitglieder, Sympathisanten und Freunde die R\u00e4ume.<\/p>\n<p>Am 18. September 2009 wird das Casablanca wiederer\u00f6ffnet \u2013 als \u201eKino mit Courage\u201c. Eine F\u00f6rderung der Sparkasse N\u00fcrnberg von 200.000 Euro erm\u00f6glicht anschlie\u00dfend den Ausbau. \u201eDa wurde es ernst\u201c, sagte Matthias Damm, der heutige Theaterleiter des Casablanca in einem Gespr\u00e4ch mit der Redaktion im Jahr 2012. \u201eAm Anfang ging es nur darum, das Kino irgendwie zu erhalten. Mit dieser F\u00f6rderung im R\u00fccken war dann klar, dass der Betrieb wieder richtig professionell auf die Beine gestellt werden musste.\u201c<\/p>\n<p>2013 folgt schlie\u00dflich die vollst\u00e4ndige Digitalisierung. Nachdem die langj\u00e4hrige Betreiberin der Cr\u00eaperie Yechet Mad, Anna Meyer, 2017 an ihren Stiefsohn \u00fcbergab und dieser das Restaurant bis 2023 weiterf\u00fchrte, <a href=\"https:\/\/www.nordbayern.de\/genuss-shopping\/wiedereroffnung-noch-diesen-sommer-creperie-im-casablanca-kommt-zuruck-1.14249114\" target=\"_blank\" onclick=\"trackClickEventForLink(&#039;Article Link Click&#039;, &#039;Wiederer\u00f6ffnung noch diesen Sommer: Cr\u00eaperie im Casablanca kommt zur\u00fcck&#039;, &#039;article&#039;, \" https:=\"\" jahre=\"\" casablanca=\"\" in=\"\" n=\"\" kult-kino=\"\" feiert=\"\" gro=\"\" jubil=\"\" rel=\"nofollow noopener\">\u00fcbernahm der Verein die R\u00e4umlichkeiten<\/a> &#8211; und wandelte sie mit Hilfe vieler Sympathisanten um. \u201eDas zeigt, wie tief wir verwurzelt sind. Und es weckt den Spirit von 2009, als wir mit dem Casa angefangen haben. Auch damals haben wir viel mit ehrenamtlichen Arbeitseins\u00e4tzen erledigen k\u00f6nnen\u201c, sagte Casa-Theaterleiter Matthias Damm im Mai 2024 gegen\u00fcber nordbayern.<\/p>\n<p>                                                        50 Jahre Casablanca-Kino in der S\u00fcdstadt N\u00fcrnberg: So wird das Jubil\u00e4um 2026 gefeiert<\/p>\n<p>Das Casablanca feiert sein 50-j\u00e4hriges Bestehen 2026 eigentlich mit einem kompletten Jubil\u00e4umsjahr: Seit Jahresbeginn stehen immer wieder Filme auf dem Programm, die 1976 in deutschen Kinos liefen \u2013 also im Gr\u00fcndungsjahr des kultigen S\u00fcdstadtkinos.<\/p>\n<p>Der H\u00f6hepunkt der Feierlichkeiten allerdings findet Mitte September statt: Von Freitag, 18. September, bis einschlie\u00dflich Sonntag, 20. September, stehen vielseitige Events an:<\/p>\n<ul>\n<li><strong>Freitag, 18. September<\/strong>: Vorschau auf die H\u00f6hepunkte des Kinoherbstes, darunter um 19 Uhr die Vorpremiere von \u201eSch\u00f6ne Seelen\u201c mit Josef Hader und August Diehl, dem Gewinner-Film des FIPRESCI-Award des Filmfest M\u00fcnchen<\/li>\n<li><strong>Samstag, 19. September, 14 bis 22 Uhr<\/strong>: gro\u00dfes Stra\u00dfenfest am Kopernikusplatz mit Live-Musik, Speisen und Getr\u00e4nken, Tombola, Kinderprogramm und weiteren Aktionen<\/li>\n<li><strong>Samstag, 19. September, 18 Uhr<\/strong>: Sektempfang in Kino 1 mit einer Keynote von Dr. Christian Br\u00e4uer, dem Vorsitzenden der AG Kino\/Gilde<\/li>\n<li><strong>Sonntag, 20. September, 17 Uhr<\/strong>: Wiederauff\u00fchrung des allerersten Films, der im Casablanca lief: Michelangelo Antonionis \u201eBeruf: Reporter\u201c.<\/li>\n<\/ul>\n<p>                                                        Was zeichnet das Casablanca Filmkunsttheater in N\u00fcrnberg aus?<\/p>\n<p>Das Casablanca ist mehr als ein Kino: In der Brosamerstra\u00dfe 12 verbindet es seit 50 Jahren anspruchsvolles Arthouse-Kino mit einem gem\u00fctlichen Ambiente, einer Kinokneipe und einem engagierten Kulturprogramm. Auf drei Leinw\u00e4nden laufen neben aktuellen Filmen vor allem Originalfassungen, Dokumentar- und Kurzfilme, Themenreihen, Festivals (zum Beispiel das Queerfilmfestival von 10. bis 16. September 2026) sowie Sonderveranstaltungen (unter anderem einmal im Monat der Kurzfilmabend Shorts Attacks) mit G\u00e4sten, Lesungen und Konzerten.<\/p>\n<p>                                                <a class=\"box\" href=\"https:\/\/www.nordbayern.de\/freizeit-events\/kleine-kinos-in-franken-das-haben-die-kult-lichtspielhauser-zu-bieten-1.14284409\" rel=\"nofollow noopener\" target=\"_blank\"><\/p>\n<p>                <img decoding=\"async\" loading=\"lazy\" src=\"https:\/\/www.europesays.com\/de\/wp-content\/uploads\/2026\/09\/anews520201028_1814005.jpg\" alt=\"Kleine Kinos in Franken: Das haben die Kult-Lichtspielh\u00e4user zu bieten\" class=\"\" title=\"Kleine Kinos in Franken: Das haben die Kult-Lichtspielh\u00e4user zu bieten\" data-id=\"114284410\"\/><\/p>\n<p>                                        <\/a><\/p>\n<p>Anders als viele kommerzielle H\u00e4user wird das \u201eKino mit Courage\u201c wie erw\u00e4hnt seit 2009 vom gemeinn\u00fctzigen Verein Casa e.V. und zahlreichen Ehrenamtlichen getragen &#8211; sein Mut zu sperrigen und politisch relevanten Themen jenseits des Massenkinos spiegelt sich in zahlreichen Programm- und Dokumentarfilmpreisen wider \u2013 unter anderem 2017 wurde es f\u00fcr sein Dokumentarfilmprogramm sogar als bestes Kino Deutschlands ausgezeichnet.<\/p>\n<p><strong>Immer topaktuell informiert bleiben \u00fcber die wichtigsten Themen aus der Region?<\/strong> \u00dcber unseren WhatsApp-Kanal erf\u00e4hrst du alle Neuigkeiten aus erster Hand.<\/p>\n<p><strong><a href=\"https:\/\/whatsapp.com\/channel\/0029VaEwabi7T8bcjUgA9L3C\" target=\"_blank\" onclick=\"trackClickEventForLink(&#039;Article Link Click&#039;, &#039;Hier&#039;, &#039;&#039;, &#039;https:\/\/whatsapp.com\/channel\/0029VaEwabi7T8bcjUgA9L3C&#039;, &#039;1.15261891&#039;, &#039;50 Jahre Casablanca in N\u00fcrnberg: Kult-Kino feiert gro\u00dfes Jubil\u00e4umsfest&#039;)\" rel=\"nofollow noopener\">Hier<\/a><\/strong> geht es direkt zum WhatsApp-Channel &#8211; eine \u201eSchritt f\u00fcr Schritt\u201c-Anleitung findest du <strong>hier<\/strong>.<\/p>\n","protected":false},"excerpt":{"rendered":"&#8211; Das Casablanca Filmkunsttheater in N\u00fcrnberg wird in diesem September 50 Jahre alt. Seither bietet es vor allem&hellip;\n","protected":false},"author":2,"featured_media":1277554,"comment_status":"","ping_status":"","sticky":false,"template":"","format":"standard","meta":{"footnotes":"","_share_on_mastodon":"0"},"categories":[1837],"tags":[772,3364,29,30,3783],"class_list":["post-1277553","post","type-post","status-publish","format-standard","has-post-thumbnail","category-nuernberg","tag-bayern","tag-de","tag-deutschland","tag-germany","tag-nuernberg"],"share_on_mastodon":{"url":"https:\/\/pubeurope.com\/@de\/117205863914331902","error":""},"_links":{"self":[{"href":"https:\/\/www.europesays.com\/de\/wp-json\/wp\/v2\/posts\/1277553","targetHints":{"allow":["GET"]}}],"collection":[{"href":"https:\/\/www.europesays.com\/de\/wp-json\/wp\/v2\/posts"}],"about":[{"href":"https:\/\/www.europesays.com\/de\/wp-json\/wp\/v2\/types\/post"}],"author":[{"embeddable":true,"href":"https:\/\/www.europesays.com\/de\/wp-json\/wp\/v2\/users\/2"}],"replies":[{"embeddable":true,"href":"https:\/\/www.europesays.com\/de\/wp-json\/wp\/v2\/comments?post=1277553"}],"version-history":[{"count":0,"href":"https:\/\/www.europesays.com\/de\/wp-json\/wp\/v2\/posts\/1277553\/revisions"}],"wp:featuredmedia":[{"embeddable":true,"href":"https:\/\/www.europesays.com\/de\/wp-json\/wp\/v2\/media\/1277554"}],"wp:attachment":[{"href":"https:\/\/www.europesays.com\/de\/wp-json\/wp\/v2\/media?parent=1277553"}],"wp:term":[{"taxonomy":"category","embeddable":true,"href":"https:\/\/www.europesays.com\/de\/wp-json\/wp\/v2\/categories?post=1277553"},{"taxonomy":"post_tag","embeddable":true,"href":"https:\/\/www.europesays.com\/de\/wp-json\/wp\/v2\/tags?post=1277553"}],"curies":[{"name":"wp","href":"https:\/\/api.w.org\/{rel}","templated":true}]}}