{"id":1277557,"date":"2026-09-03T07:12:20","date_gmt":"2026-09-03T07:12:20","guid":{"rendered":"https:\/\/www.europesays.com\/de\/1277557\/"},"modified":"2026-09-03T07:12:20","modified_gmt":"2026-09-03T07:12:20","slug":"bpol-h-bundespolizei-nimmt-mit-messer-bewaffneten-mann-im-ice-fest-widerstand-beim","status":"publish","type":"post","link":"https:\/\/www.europesays.com\/de\/1277557\/","title":{"rendered":"BPOL-H: Bundespolizei nimmt mit Messer bewaffneten Mann im ICE fest &#8211; Widerstand beim &#8230;"},"content":{"rendered":"<p class=\"date\">03.09.2026 \u2013 08:14<\/p>\n<p class=\"customer\">\n                        <a class=\"story-customer\" title=\"weiter zum newsroom von Bundespolizeiinspektion Hannover\" href=\"https:\/\/www.presseportal.de\/blaulicht\/nr\/70388\" rel=\"nofollow noopener\" target=\"_blank\">Bundespolizeiinspektion Hannover<\/a>\n                    <\/p>\n<p><a data-category=\"citylink-story-view\" data-action=\"click\" data-label=\"Citylink in Meldungsansicht\" class=\"story-city event-trigger\" href=\"https:\/\/www.presseportal.de\/regional\/Hannover\" title=\"News aus Hannover \" rel=\"nofollow noopener\" target=\"_blank\">Hannover<\/a> (ots)<\/p>\n<p>Am Dienstagmorgen, den 01. September 2026, haben Einsatzkr\u00e4fte der Bundespolizeiinspektion Hannover einen 64-j\u00e4hrigen Deutschen bei einem Fahrtausschluss f\u00fcr die Deutsche Bahn vorl\u00e4ufig festgenommen, nachdem dieser die Beamten angriff und beleidigte. Zuvor bedrohte er das Zugpersonal und weigerte sich den Anweisungen Folge zu leisten.<\/p>\n<p>Bereits gegen 6 Uhr alarmierte das Zugbegleitpersonal des ICE auf der Fahrt von Berlin nach Hannover die Bundespolizeiinspektion Hannover \u00fcber den Vorfall. Nachdem der Mann keinen Fahrschein vorweisen konnte und sich weigerte gegen\u00fcber dem berechtigen Kontrolleur seine Personalien anzugeben, sollte er den ICE beim Halt in Hannover verlassen. Bei Einfahrt des Zuges warteten die Bundespolizisten bereits auf dem Bahnsteig.<\/p>\n<p>Im Verlauf der Kontaktaufnahme verweigerte der 64-J\u00e4hrige weiterhin das Verlassen des Zuges und beleidigte die Einsatzkr\u00e4fte. Als die Beamten den Mann letztendlich mit unmittelbarem Zwang aus dem Zug f\u00fchren wollten, wehrte er sich und griff hektisch in Richtung seines mitgef\u00fchrten Rucksacks. Die Beamten intervenierten umgehend, wobei ein zugriffsbereites und unter dem Rucksack platziertes K\u00fcchenmesser mit einer Klingenl\u00e4nge von ca. 10 cm zu Boden fiel, noch bevor er es ergreifen konnte. Der 64-J\u00e4hrige wurde gefesselt aus dem Zug gef\u00fchrt und das Messer sichergestellt.<\/p>\n<p>Noch w\u00e4hrend der Verbringung auf den Bahnsteig wirkte der Mann auf die Beamten ein und versuchte sie zum Stolpern zu bringen. Er musste fixiert und f\u00fcr die weiteren Ma\u00dfnahmen mit einem Fahrzeug zur Wache am Ernst-August-Platz transportiert werden. Nachdem die Identit\u00e4t best\u00e4tigt war, wurde der 64-J\u00e4hrige erkennungsdienstlich behandelt.<\/p>\n<p>Als er sich beruhigt hatte, durfte er die Dienststelle kurze Zeit sp\u00e4ter wieder verlassen. Aufgrund seiner urspr\u00fcnglichen Handlungen ermittelt die Bundespolizei mit mehreren Ermittlungsverfahren wegen Erschleichens von Leistungen, Bedrohung des Zugpersonals und Hausfriedensbruch. Dar\u00fcber hinaus leiteten die Beamten weitere Ermittlungsverfahren wegen des t\u00e4tlichen Angriffs und Widerstand gegen Vollstreckungsbeamte, Beleidigung, K\u00f6rperverletzung und Versto\u00df gegen das Waffengesetz durch das F\u00fchren eines Messers im \u00f6ffentlichen Personenverkehr ein.<\/p>\n<p>Durch das entschlossene Vorgehen der Einsatzkr\u00e4fte konnte eine gro\u00dfe Gefahr f\u00fcr die Sicherheit der Reisenden und Beamten fr\u00fchzeitig unterbunden werden. Wieso der 64-J\u00e4hrige ein Messer zwischen Sitzplatz und Rucksack platzierte, ist Gegenstand der weiteren Ermittlungen.<\/p>\n<p class=\"contact-headline\">R\u00fcckfragen bitte an:<\/p>\n<p class=\"contact-text\">Bundespolizeiinspektion Hannover<br \/>Robert Dvorak<br \/>Tel.: 0174 \/ 610 5431<br \/>E-Mail: <a href=\"https:\/\/www.presseportal.de\/blaulicht\/pm\/70388\/mailto:bpoli.hannover.presse@polizei.bund.de\" class=\"uri-mailto\" rel=\"nofollow noopener\" target=\"_blank\">bpoli.hannover.presse@polizei.bund.de<\/a><br \/><a target=\"_blank\" class=\"uri-ext outbound\" rel=\"noopener nofollow\" href=\"https:\/\/www.bundespolizei.de\">www.bundespolizei.de<\/a><br \/>X @bpol_nord<\/p>\n<p class=\"originator\">Original-Content von: Bundespolizeiinspektion Hannover, \u00fcbermittelt durch news aktuell<\/p>\n","protected":false},"excerpt":{"rendered":"03.09.2026 \u2013 08:14 Bundespolizeiinspektion Hannover Hannover (ots) Am Dienstagmorgen, den 01. September 2026, haben Einsatzkr\u00e4fte der Bundespolizeiinspektion Hannover&hellip;\n","protected":false},"author":2,"featured_media":1266941,"comment_status":"","ping_status":"","sticky":false,"template":"","format":"standard","meta":{"footnotes":"","_share_on_mastodon":"0"},"categories":[1836],"tags":[3364,29,30,46,7309,691,177,5404,1411,121,178,180,179,181],"class_list":["post-1277557","post","type-post","status-publish","format-standard","has-post-thumbnail","category-hannover","tag-de","tag-deutschland","tag-germany","tag-hannover","tag-hb","tag-hh","tag-kriminalitt","tag-ni","tag-niedersachsen","tag-polizei","tag-presse","tag-pressemeldung","tag-pressemitteilung","tag-pressemitteilungen"],"share_on_mastodon":{"url":"https:\/\/pubeurope.com\/@de\/117205870021672362","error":""},"_links":{"self":[{"href":"https:\/\/www.europesays.com\/de\/wp-json\/wp\/v2\/posts\/1277557","targetHints":{"allow":["GET"]}}],"collection":[{"href":"https:\/\/www.europesays.com\/de\/wp-json\/wp\/v2\/posts"}],"about":[{"href":"https:\/\/www.europesays.com\/de\/wp-json\/wp\/v2\/types\/post"}],"author":[{"embeddable":true,"href":"https:\/\/www.europesays.com\/de\/wp-json\/wp\/v2\/users\/2"}],"replies":[{"embeddable":true,"href":"https:\/\/www.europesays.com\/de\/wp-json\/wp\/v2\/comments?post=1277557"}],"version-history":[{"count":0,"href":"https:\/\/www.europesays.com\/de\/wp-json\/wp\/v2\/posts\/1277557\/revisions"}],"wp:featuredmedia":[{"embeddable":true,"href":"https:\/\/www.europesays.com\/de\/wp-json\/wp\/v2\/media\/1266941"}],"wp:attachment":[{"href":"https:\/\/www.europesays.com\/de\/wp-json\/wp\/v2\/media?parent=1277557"}],"wp:term":[{"taxonomy":"category","embeddable":true,"href":"https:\/\/www.europesays.com\/de\/wp-json\/wp\/v2\/categories?post=1277557"},{"taxonomy":"post_tag","embeddable":true,"href":"https:\/\/www.europesays.com\/de\/wp-json\/wp\/v2\/tags?post=1277557"}],"curies":[{"name":"wp","href":"https:\/\/api.w.org\/{rel}","templated":true}]}}