{"id":1277558,"date":"2026-09-03T07:13:36","date_gmt":"2026-09-03T07:13:36","guid":{"rendered":"https:\/\/www.europesays.com\/de\/1277558\/"},"modified":"2026-09-03T07:13:36","modified_gmt":"2026-09-03T07:13:36","slug":"ksc-trainer-maximilian-senft-ueber-transfers-die-heimniederlage-und-das-kommende-spiel-gegen-hannover","status":"publish","type":"post","link":"https:\/\/www.europesays.com\/de\/1277558\/","title":{"rendered":"KSC: Trainer Maximilian Senft \u00fcber Transfers, die Heimniederlage und das kommende Spiel gegen Hannover"},"content":{"rendered":"<p class=\"mb-6 text-xs-varying md:text-m lg:text-l font-serif group-[.font-sans]:font-sans \">\n    Der Kader steht!<a href=\"https:\/\/www.ka-news.de\/ksc\/deadline-day-sommer-transferfenster-endet-heute-fuer-den-ksc-115134216\" target=\"_self\" class=\"underline \" rel=\"nofollow noopener\"> Mit der Schlie\u00dfung des Transferfensters am 1. September steht nun fest, welche Spieler dem KSC bis zur n\u00e4chsten Transferphase zur Verf\u00fcgung stehen<\/a>. Mit<a href=\"https:\/\/www.ka-news.de\/ksc\/kurz-vor-transferschluss-holt-der-ksc-heliton-als-innenverteidiger-und-verleiht-niclas-duering-115154878\" target=\"_self\" class=\"underline \" rel=\"nofollow noopener\"> neuem Personal<\/a> will die Mannschaft nun die Saison gest\u00e4rkt fortsetzen. <a href=\"https:\/\/www.ka-news.de\/ksc\/ksc-nach-niederlage-gegen-wolfsburg-kapitaen-wanitzek-fordert-reaktion-115109347\" target=\"_self\" class=\"underline \" rel=\"nofollow noopener\">Nach der Heimniederlage am vergangenen Spieltag<\/a>, soll es jetzt gegen Hannover 96 wieder bergauf gehen.\n  <\/p>\n<p>    <img decoding=\"async\" src=\"https:\/\/www.europesays.com\/de\/wp-content\/uploads\/2026\/09\/img7532jpg.jpg\" alt=\"Pressekonferenz am 02.09.2026\" title=\"Pressekonferenz am 02.09.2026\" loading=\"lazy\" class=\"h-full w-full object-cover\"\/><\/p>\n<p>      Icon vergr\u00f6\u00dfern<\/p>\n<p>    Pressekonferenz am 02.09.2026<br \/>\n    Foto: Paul Mayer<\/p>\n<p>        Schlie\u00dfen <\/p>\n<p>      Icon Schlie\u00dfen<\/p>\n<p>        Icon vergr\u00f6\u00dfern<\/p>\n<p>        Icon verkleinern<\/p>\n<p>      Icon Pfeil bewegen<\/p>\n<p>    Pressekonferenz am 02.09.2026<br \/>\n    Foto: Paul Mayer<\/p>\n<p class=\"mb-6 text-xs-varying md:text-m lg:text-l font-serif group-[.font-sans]:font-sans \">\n    Die Bilanz in der aktuellen Saison bel\u00e4uft sich in der Liga mittlerweile auf jeweils ein Unentschieden sowie eine Niederlage und einen Sieg. <a href=\"https:\/\/www.ka-news.de\/ksc\/ksc-trainer-maximilian-senft-vor-erster-dfb-pokal-partie-was-ist-dieses-jahr-fuer-karlsruhe-moeglich-2-115041888\" target=\"_self\" class=\"underline \" rel=\"nofollow noopener\">Trainer Maximilian Senft<\/a> bleibt weiter zuversichtlich. <strong class=\"font-bold\">Auf der Pressekonferenz am Mittwoch, 2. September, teilt er seine Meinung zu Kader, dem letzten Spieltag, sowie der n\u00e4chsten Ausw\u00e4rts-Herausforderung mit.<\/strong>\n  <\/p>\n<p>            \u201eEin Meilenstein in der Saison\u201c<\/p>\n<p class=\"mb-6 text-xs-varying md:text-m lg:text-l font-serif group-[.font-sans]:font-sans \">\n    Die Schlie\u00dfung des Transferfensters sei der erste \u201eMeilenstein in der Saison\u201c. \u00dcber Neuzugang <a href=\"https:\/\/www.ka-news.de\/ksc\/kurz-vor-transferschluss-holt-der-ksc-heliton-als-innenverteidiger-und-verleiht-niclas-duering-115154878\" target=\"_self\" class=\"underline \" rel=\"nofollow noopener\">H\u00e9liton Jorge Tito dos Santos<\/a> verliert Senft einige lobende Worte. Der Brasilianer zeichne sich besonders durch Standards, Tempo und sein gutes Aufbauspiel aus. Charakterlich passe er ebenfalls gut zum Team: <strong class=\"font-bold\">\u201eEr ist erst sp\u00e4t nach Europa gekommen, aber hat sich dann durchgek\u00e4mpft. In der T\u00fcrkei war er in der Elf des Jahres. Und auf dem Platz ist er auch ein richtiger Krieger.\u201c<\/strong>\n  <\/p>\n<p>    <img decoding=\"async\" src=\"https:\/\/images.mgpd.de\/img\/114859491\/crop\/c16_9-w100\/633108780\/489180986\/2026-07-24ksc-mannschaftsfoto-von-0084carmele.jpg\" alt=\"Moritz Broschinski. (Archivbild)\" title=\"Moritz Broschinski. (Archivbild)\" loading=\"lazy\" class=\"h-full w-full object-cover\"\/><\/p>\n<p>      Icon vergr\u00f6\u00dfern<\/p>\n<p>    Moritz Broschinski. (Archivbild)<br \/>\n    Foto: Carmele\/ TMC-Fotografie<\/p>\n<p>        Schlie\u00dfen <\/p>\n<p>      Icon Schlie\u00dfen<\/p>\n<p>        Icon vergr\u00f6\u00dfern<\/p>\n<p>        Icon verkleinern<\/p>\n<p>      Icon Pfeil bewegen<\/p>\n<p>    Moritz Broschinski. (Archivbild)<br \/>\n    Foto: Carmele\/ TMC-Fotografie<\/p>\n<p class=\"mb-6 text-xs-varying md:text-m lg:text-l font-serif group-[.font-sans]:font-sans \">\n    Am Freitag wird H\u00e9liton allerdings noch nicht auflaufen. Er habe sich zwar gut fit gehalten, meint Senft, aber sein letztes Spiel habe er im Mai bestritten und sei deshalb diese Woche noch kein Thema. Ebenfalls eng k\u00f6nnte es verletzungsbedingt f\u00fcr <a href=\"https:\/\/www.ka-news.de\/ksc\/ksc-erzielt-rekord-transfer-mit-11-millionen-euro-ueberschuss-und-neuen-optionen-115158315\" target=\"_self\" class=\"underline \" rel=\"nofollow noopener\">Moritz Broschinski<\/a> und Rafael Pedrosa werden. Bei beiden f\u00e4llt der Trainer die Entscheidung beim Abschlusstraining.\n  <\/p>\n<p>            Deal um Louey Ben Farhat sei Win-Win-Situation<\/p>\n<p class=\"mb-6 text-xs-varying md:text-m lg:text-l font-serif group-[.font-sans]:font-sans \">\n    Kurz vor Schluss des Transferfensters kam es bei Abgangskandidat Ben Farhat zu einer pl\u00f6tzlichen Wendung. Mit dem Ausgang der Situation um den 20-j\u00e4hrigen Spieler ist KSC-Trainer Senft zufrieden. Die R\u00fcckleihe des Offensivspielers durch den SC Freiburg bezeichnet er als <strong class=\"font-bold\">Win-Win-Situation f\u00fcr beide Vereine<\/strong>. Er freue sich weiter mit Ben Farhat arbeiten zu k\u00f6nnen. \u201eEr passt gut zu unserer momentanen Spielphilosophie und kann immer geniale und unerwartete Momente bringen.\u201c\n  <\/p>\n<p>    <img decoding=\"async\" src=\"https:\/\/images.mgpd.de\/img\/115020975\/crop\/c16_9-w100\/942893229\/1993167518\/dsc0188.jpg\" alt=\"Louey Ben Farhat (Archivbild)\" title=\"Louey Ben Farhat (Archivbild)\" loading=\"lazy\" class=\"h-full w-full object-cover\"\/><\/p>\n<p>      Icon vergr\u00f6\u00dfern<\/p>\n<p>    Louey Ben Farhat (Archivbild)<br \/>\n    Foto: Michaela Anderer<\/p>\n<p>        Schlie\u00dfen <\/p>\n<p>      Icon Schlie\u00dfen<\/p>\n<p>        Icon vergr\u00f6\u00dfern<\/p>\n<p>        Icon verkleinern<\/p>\n<p>      Icon Pfeil bewegen<\/p>\n<p>    Louey Ben Farhat (Archivbild)<br \/>\n    Foto: Michaela Anderer<\/p>\n<p>            Welche Lehren zieht man aus dem vergangenen Spieltag?<\/p>\n<p class=\"mb-6 text-xs-varying md:text-m lg:text-l font-serif group-[.font-sans]:font-sans \">\n    Zum Spiel gegen Wolfsburg zieht Senft ebenfalls ein erstes Fazit. Man sei nach dem Spiel nicht in Selbstmitleid versunken, sondern absolut selbstkritisch mit der Situation umgegangen. Es habe offensichtliche individuelle Fehler gegeben, allerdings sei man nicht chancenlos gewesen. Die f\u00fcnf Gegentore sollen im n\u00e4chsten Spiel allerdings nicht wiederholt werden. \u201eIch bin zuversichtlich, dass es gegen Hannover weniger oder sogar gar keine Gegentreffer geben wird\u201c, so der Trainer. <strong class=\"font-bold\">Der Anpfiff in Hannover ist Freitag um 18.30 Uhr.<\/strong>\n  <\/p>\n<p>    <img decoding=\"async\" src=\"https:\/\/www.europesays.com\/de\/wp-content\/uploads\/2026\/09\/img7509jpg.jpg\" alt=\"KSC-Mannschaftsbus. (Symbolbild)\" title=\"KSC-Mannschaftsbus. (Symbolbild)\" loading=\"lazy\" class=\"h-full w-full object-cover\"\/><\/p>\n<p>      Icon vergr\u00f6\u00dfern<\/p>\n<p>    KSC-Mannschaftsbus. (Symbolbild)<br \/>\n    Foto: Paul Mayer<\/p>\n<p>        Schlie\u00dfen <\/p>\n<p>      Icon Schlie\u00dfen<\/p>\n<p>        Icon vergr\u00f6\u00dfern<\/p>\n<p>        Icon verkleinern<\/p>\n<p>      Icon Pfeil bewegen<\/p>\n<p>    KSC-Mannschaftsbus. (Symbolbild)<br \/>\n    Foto: Paul Mayer<\/p>\n","protected":false},"excerpt":{"rendered":"Der Kader steht! Mit der Schlie\u00dfung des Transferfensters am 1. September steht nun fest, welche Spieler dem KSC&hellip;\n","protected":false},"author":2,"featured_media":1277559,"comment_status":"","ping_status":"","sticky":false,"template":"","format":"standard","meta":{"footnotes":"","_share_on_mastodon":"0"},"categories":[1836],"tags":[16609,3364,29,30,46,2366,24310,3850,221799,56506,1411,922,13225,1288],"class_list":["post-1277558","post","type-post","status-publish","format-standard","has-post-thumbnail","category-hannover","tag-ben-farhat","tag-de","tag-deutschland","tag-germany","tag-hannover","tag-hannover-96","tag-heimniederlage","tag-karlsruher-sc","tag-maximilian-senft","tag-meilenstein","tag-niedersachsen","tag-transferfenster","tag-transferperiode","tag-transfers"],"share_on_mastodon":{"url":"https:\/\/pubeurope.com\/@de\/117205876768846831","error":""},"_links":{"self":[{"href":"https:\/\/www.europesays.com\/de\/wp-json\/wp\/v2\/posts\/1277558","targetHints":{"allow":["GET"]}}],"collection":[{"href":"https:\/\/www.europesays.com\/de\/wp-json\/wp\/v2\/posts"}],"about":[{"href":"https:\/\/www.europesays.com\/de\/wp-json\/wp\/v2\/types\/post"}],"author":[{"embeddable":true,"href":"https:\/\/www.europesays.com\/de\/wp-json\/wp\/v2\/users\/2"}],"replies":[{"embeddable":true,"href":"https:\/\/www.europesays.com\/de\/wp-json\/wp\/v2\/comments?post=1277558"}],"version-history":[{"count":0,"href":"https:\/\/www.europesays.com\/de\/wp-json\/wp\/v2\/posts\/1277558\/revisions"}],"wp:featuredmedia":[{"embeddable":true,"href":"https:\/\/www.europesays.com\/de\/wp-json\/wp\/v2\/media\/1277559"}],"wp:attachment":[{"href":"https:\/\/www.europesays.com\/de\/wp-json\/wp\/v2\/media?parent=1277558"}],"wp:term":[{"taxonomy":"category","embeddable":true,"href":"https:\/\/www.europesays.com\/de\/wp-json\/wp\/v2\/categories?post=1277558"},{"taxonomy":"post_tag","embeddable":true,"href":"https:\/\/www.europesays.com\/de\/wp-json\/wp\/v2\/tags?post=1277558"}],"curies":[{"name":"wp","href":"https:\/\/api.w.org\/{rel}","templated":true}]}}