{"id":1277564,"date":"2026-09-03T07:17:17","date_gmt":"2026-09-03T07:17:17","guid":{"rendered":"https:\/\/www.europesays.com\/de\/1277564\/"},"modified":"2026-09-03T07:17:17","modified_gmt":"2026-09-03T07:17:17","slug":"wetter-dwd-warnt-vor-kraeftigen-windboeen-in-bremen-und-umzu","status":"publish","type":"post","link":"https:\/\/www.europesays.com\/de\/1277564\/","title":{"rendered":"Wetter: DWD warnt vor kr\u00e4ftigen Windb\u00f6en in Bremen und umzu"},"content":{"rendered":"<p>Der Deutsche Wetterdienst (DWD) warnt in Bremen und den umliegenden Landkreisen vor kr\u00e4ftigem Wind. Demnach treten zwischen 10 und 19 Uhr zun\u00e4chst aus s\u00fcdwestlicher, sp\u00e4ter aus westlicher Richtung Windb\u00f6en mit Geschwindigkeiten um 60 Kilometer pro Stunde auf.<\/p>\n<p>Das entspricht Windst\u00e4rke 7. In exponierten Lagen k\u00f6nnen die B\u00f6en noch st\u00e4rker ausfallen: Dort sind laut DWD Sturmb\u00f6en mit bis zu 70 Kilometern pro Stunde m\u00f6glich. Das entspricht Windst\u00e4rke 8.<\/p>\n<p>                        <a href=\"https:\/\/www.weser-kurier.de\/\" id=\"home\" class=\"button primary-primary font-size-15_1 m-0a customEvent\" data-layer-event-name=\"customEvent\" data-layer-trigger=\"click\" data-layer-category=\"artikelscoring\" data-layer-action=\"startseite_button\" data-layer-label=\"doc87freda7ffsefi6yibp\" data-layer-value=\"https:\/\/www.weser-kurier.de\/bremen\/1\" rel=\"nofollow noopener\" target=\"_blank\">Zur Startseite<\/a><\/p>\n","protected":false},"excerpt":{"rendered":"Der Deutsche Wetterdienst (DWD) warnt in Bremen und den umliegenden Landkreisen vor kr\u00e4ftigem Wind. Demnach treten zwischen 10&hellip;\n","protected":false},"author":2,"featured_media":1277565,"comment_status":"","ping_status":"","sticky":false,"template":"","format":"standard","meta":{"footnotes":"","_share_on_mastodon":"0"},"categories":[1824],"tags":[2420,3364,29,30],"class_list":["post-1277564","post","type-post","status-publish","format-standard","has-post-thumbnail","category-bremen","tag-bremen","tag-de","tag-deutschland","tag-germany"],"share_on_mastodon":{"url":"https:\/\/pubeurope.com\/@de\/117205889394349021","error":""},"_links":{"self":[{"href":"https:\/\/www.europesays.com\/de\/wp-json\/wp\/v2\/posts\/1277564","targetHints":{"allow":["GET"]}}],"collection":[{"href":"https:\/\/www.europesays.com\/de\/wp-json\/wp\/v2\/posts"}],"about":[{"href":"https:\/\/www.europesays.com\/de\/wp-json\/wp\/v2\/types\/post"}],"author":[{"embeddable":true,"href":"https:\/\/www.europesays.com\/de\/wp-json\/wp\/v2\/users\/2"}],"replies":[{"embeddable":true,"href":"https:\/\/www.europesays.com\/de\/wp-json\/wp\/v2\/comments?post=1277564"}],"version-history":[{"count":0,"href":"https:\/\/www.europesays.com\/de\/wp-json\/wp\/v2\/posts\/1277564\/revisions"}],"wp:featuredmedia":[{"embeddable":true,"href":"https:\/\/www.europesays.com\/de\/wp-json\/wp\/v2\/media\/1277565"}],"wp:attachment":[{"href":"https:\/\/www.europesays.com\/de\/wp-json\/wp\/v2\/media?parent=1277564"}],"wp:term":[{"taxonomy":"category","embeddable":true,"href":"https:\/\/www.europesays.com\/de\/wp-json\/wp\/v2\/categories?post=1277564"},{"taxonomy":"post_tag","embeddable":true,"href":"https:\/\/www.europesays.com\/de\/wp-json\/wp\/v2\/tags?post=1277564"}],"curies":[{"name":"wp","href":"https:\/\/api.w.org\/{rel}","templated":true}]}}