{"id":1277566,"date":"2026-09-03T07:18:30","date_gmt":"2026-09-03T07:18:30","guid":{"rendered":"https:\/\/www.europesays.com\/de\/1277566\/"},"modified":"2026-09-03T07:18:30","modified_gmt":"2026-09-03T07:18:30","slug":"europcar-neuer-standort-in-bremen","status":"publish","type":"post","link":"https:\/\/www.europesays.com\/de\/1277566\/","title":{"rendered":"Europcar: Neuer Standort in Bremen"},"content":{"rendered":"<p>Europcar hat seine Bremer Van-&amp;-Truck-Station vom Industriegebiet Strom in die Bremer Neustadt verlegt. Der neue Standort in der Neuenlander Stra\u00dfe 83 ersetzt die bisherige Niederlassung in der Ludwig-Erhard-Stra\u00dfe 45.<\/p>\n<p>Mit dem Umzug erweitert der Mobilit\u00e4tsdienstleister zugleich sein Angebot. K\u00fcnftig stehen an dem Standort sowohl Transporter und Lkw als auch Pkw zur Verf\u00fcgung. Das Angebot richtet sich an Privat- und Gesch\u00e4ftskunden, die je nach Bedarf Fahrzeuge f\u00fcr Umz\u00fcge, gewerbliche Eins\u00e4tze oder den Alltag mieten m\u00f6chten.<\/p>\n<p>Nach eigenen Angaben betreibt Europcar damit k\u00fcnftig drei Standorte in Bremen. W\u00e4hrend in der Neuenlander Stra\u00dfe das komplette Fahrzeugportfolio angeboten wird, stehen an den Niederlassungen am Breitenweg sowie am Flughafen Bremen Pkw zur Verf\u00fcgung.<\/p>\n<p><\/p>\n","protected":false},"excerpt":{"rendered":"Europcar hat seine Bremer Van-&amp;-Truck-Station vom Industriegebiet Strom in die Bremer Neustadt verlegt. Der neue Standort in der&hellip;\n","protected":false},"author":2,"featured_media":1277567,"comment_status":"","ping_status":"","sticky":false,"template":"","format":"standard","meta":{"footnotes":"","_share_on_mastodon":"0"},"categories":[1824],"tags":[2420,3364,29,30],"class_list":["post-1277566","post","type-post","status-publish","format-standard","has-post-thumbnail","category-bremen","tag-bremen","tag-de","tag-deutschland","tag-germany"],"share_on_mastodon":{"url":"https:\/\/pubeurope.com\/@de\/117205893553138308","error":""},"_links":{"self":[{"href":"https:\/\/www.europesays.com\/de\/wp-json\/wp\/v2\/posts\/1277566","targetHints":{"allow":["GET"]}}],"collection":[{"href":"https:\/\/www.europesays.com\/de\/wp-json\/wp\/v2\/posts"}],"about":[{"href":"https:\/\/www.europesays.com\/de\/wp-json\/wp\/v2\/types\/post"}],"author":[{"embeddable":true,"href":"https:\/\/www.europesays.com\/de\/wp-json\/wp\/v2\/users\/2"}],"replies":[{"embeddable":true,"href":"https:\/\/www.europesays.com\/de\/wp-json\/wp\/v2\/comments?post=1277566"}],"version-history":[{"count":0,"href":"https:\/\/www.europesays.com\/de\/wp-json\/wp\/v2\/posts\/1277566\/revisions"}],"wp:featuredmedia":[{"embeddable":true,"href":"https:\/\/www.europesays.com\/de\/wp-json\/wp\/v2\/media\/1277567"}],"wp:attachment":[{"href":"https:\/\/www.europesays.com\/de\/wp-json\/wp\/v2\/media?parent=1277566"}],"wp:term":[{"taxonomy":"category","embeddable":true,"href":"https:\/\/www.europesays.com\/de\/wp-json\/wp\/v2\/categories?post=1277566"},{"taxonomy":"post_tag","embeddable":true,"href":"https:\/\/www.europesays.com\/de\/wp-json\/wp\/v2\/tags?post=1277566"}],"curies":[{"name":"wp","href":"https:\/\/api.w.org\/{rel}","templated":true}]}}