{"id":1277580,"date":"2026-09-03T07:26:14","date_gmt":"2026-09-03T07:26:14","guid":{"rendered":"https:\/\/www.europesays.com\/de\/1277580\/"},"modified":"2026-09-03T07:26:14","modified_gmt":"2026-09-03T07:26:14","slug":"terminhinweis-finale-camper-des-jahres-2026-finale-auf-der-messe-caravan-salon-in","status":"publish","type":"post","link":"https:\/\/www.europesays.com\/de\/1277580\/","title":{"rendered":"Terminhinweis: Finale &#8222;Camper des Jahres 2026&#8243;\/ Finale auf der Messe CARAVAN SALON in &#8230;"},"content":{"rendered":"<p class=\"date\">03.09.2026 \u2013 09:04<\/p>\n<p class=\"customer\">\n                        <a class=\"story-customer\" title=\"weiter zum newsroom von ADAC\" href=\"https:\/\/www.presseportal.de\/nr\/7849\" rel=\"nofollow noopener\" target=\"_blank\">ADAC<\/a>\n                    <\/p>\n<p><a data-category=\"citylink-story-view\" data-action=\"click\" data-label=\"Citylink in Meldungsansicht\" class=\"story-city event-trigger\" href=\"https:\/\/www.presseportal.de\/regional\/M%FCnchen%252FD%FCsseldorf\" title=\"News aus M\u00fcnchen\/D\u00fcsseldorf \" rel=\"nofollow noopener\" target=\"_blank\">M\u00fcnchen\/D\u00fcsseldorf<\/a> (ots)<\/p>\n<p> Das Finale des bundesweiten Wettbewerbs findet am Samstag, den 5. September (10 bis 16 Uhr) auf der Messe CARAVAN SALON in D\u00fcsseldorf statt (Freigel\u00e4nde vor Halle 10). Bei regionalen Vorentscheiden in ganz Deutschland haben sich 12 Wohnmobil-Fans f\u00fcr die Endrunde qualifiziert und m\u00fcssen in mehreren Fahrdisziplinen sowie bei Spezialaufgaben ihre Camping-F\u00e4higkeiten unter Beweis stellen. <\/p>\n<p> Im Vordergrund steht beim ADAC Camper des Jahres neben Spa\u00df wieder die Verkehrssicherheit. Auf das Siegerpaar wartet als Hauptpreis eine 14-t\u00e4gige Campingreise durch Nordamerika inkl. Flug im Wert von mehr als 8000 Euro. Der zweite Platz erh\u00e4lt einen Gutschein f\u00fcr sieben \u00dcbernachtungen auf einem KNAUS-Campingplatz und der Drittplatzierte darf sich \u00fcber ein verl\u00e4ngertes Wochenende (drei N\u00e4chte) auf einem KNAUS-Campingplatz freuen. Beide Aufenthalte sind \u00fcber PiNCAMP buchbar. Im vergangenen Jahr sicherte sich Sascha Beckel aus Heidesee (Brandenburg) den Titel &#8222;ADAC Camper des Jahres&#8220;. <\/p>\n<p> Das sind die Finalistinnen und Finalisten beim &#8222;ADAC Camper des Jahres 2026&#8220;: <\/p>\n<p> &#8211; Markus Steens (Gronau, Nordrhein-Westfalen) <\/p>\n<p> &#8211; J\u00fcrgen Ambrosius (Schwarzenbek, Hamburg) <\/p>\n<p> &#8211; Lena Junge (wohnhaft in Stuhr, vertritt Bremen) <\/p>\n<p> &#8211; Diana Seidl (wohnhaft in M\u00fcnchen, vertritt Baden-W\u00fcrttemberg) <\/p>\n<p> &#8211; Christoph Michaut (G\u00fcstrow, Mecklenburg-Vorpommern) <\/p>\n<p> &#8211; Andreas Je\u00df (Barmstedt, Schleswig-Holstein) <\/p>\n<p> &#8211; Stefan Eifler (Hillscheid, Rheinland-Pfalz) <\/p>\n<p> &#8211; Michael Kuhlmann (Stuhr, Niedersachsen) <\/p>\n<p> &#8211; Sascha Beckel (Heidesee, Berlin-Brandenburg) <\/p>\n<p> &#8211; Christian Schneider (Weimar, Hessen) <\/p>\n<p> &#8211; Alessandro Kirchner (Krauthausen, Th\u00fcringen) <\/p>\n<p> &#8211; Jens Jaschke (Bayreuth, Bayern) <\/p>\n<p><b>Medienvertreter k\u00f6nnen das &#8222;Finale zum ADAC Camper des Jahres 2026&#8220; auf der Camping-Messe Caravan Salon in D\u00fcsseldorf medial begleiten, geben Sie uns bitte bis sp\u00e4testens 4. September per Mail an  <a target=\"_blank\" class=\"uri-ext outbound\" rel=\"noopener nofollow\" href=\"https:\/\/www.presseportal.de\/pm\/7849\/mailto:aktuell@adac.de\">aktuell@adac.de<\/a> Bescheid.<\/b><\/p>\n<p><b>Zudem akkreditieren Sie sich bitte unter folgendem Link f\u00fcr die Messe CARAVAN SALON:  <a target=\"_blank\" class=\"uri-ext outbound\" rel=\"noopener nofollow\" href=\"https:\/\/www.caravan-salon.de\/de\/Media_News\/Presse\/Presseservices\">https:\/\/www.caravan-salon.de\/de\/Media_News\/Presse\/Presseservices<\/a><\/b><\/p>\n<p>Wenn Sie vorab Kontakt zu den Teilnehmerinnen\/Teilnehmern aufnehmen m\u00f6chten, melden Sie sich gerne bei uns.<\/p>\n<p>Hintergrund CARAVAN SALON: Auf dem 65. CARAVAN SALON pr\u00e4sentieren mehr als 800 nationale und internationale Aussteller in 15 Hallen und auf dem Freigel\u00e4nde der D\u00fcsseldorfer Messe vom 28. August bis 6. September Neuheiten aus der Campingwelt. Der ADAC ist in Halle 5 vertreten. Dort stehen die Experten des Clubs beratend zu allen Themen rund um den Campingurlaub und -Technik sowie zu Camping-\/Stellpl\u00e4tzen, Wohnmobilvermietung, Versicherungen und Mitgliedschaften zur Verf\u00fcgung. Das Finale des Wettbewerbs &#8222;ADAC Camper des Jahres&#8220; findet am Samstag, den 5. September (10 bis 16 Uhr) auf dem Freigel\u00e4nde vor Halle 10 statt.<\/p>\n<p>ADAC Mitglieder k\u00f6nnen im Ticket-Shop der Messe D\u00fcsseldorf erm\u00e4\u00dfigte Eintrittskarten kaufen: Das Wochenend-Tagesticket kostet 18 statt 20 Euro, montags bis freitags zahlen Mitglieder 16 statt 18 Euro. Am Preview Day f\u00fcr Fachbesucher und Medienvertreter (28. August) zahlen ADAC Mitglieder f\u00fcr die Tages-Eintrittskarte 35 statt 39 Euro. Zum CARAVAN SALON 2025 kamen rund 270.000 Campingfans aus 80 L\u00e4ndern.<\/p>\n<p>Mehr Informationen zur Messe CARAVAN SALON (Programm, Anreise, Gel\u00e4ndeplan&#8230;) finden Sie hier:  <a target=\"_blank\" class=\"uri-ext outbound\" rel=\"noopener nofollow\" href=\"http:\/\/www.caravan-salon.de\">www.caravan-salon.de<\/a><\/p>\n<p class=\"contact-headline\">Pressekontakt:<\/p>\n<p class=\"contact-text\">ADAC Kommunikation<br \/>T +49 89 76 76 54 95<br \/><a href=\"https:\/\/www.presseportal.de\/pm\/7849\/mailto:aktuell@adac.de\" class=\"uri-mailto\" rel=\"nofollow noopener\" target=\"_blank\">aktuell@adac.de<\/a><\/p>\n<p class=\"originator\">Original-Content von: ADAC, \u00fcbermittelt durch news aktuell<\/p>\n","protected":false},"excerpt":{"rendered":"03.09.2026 \u2013 09:04 ADAC M\u00fcnchen\/D\u00fcsseldorf (ots) Das Finale des bundesweiten Wettbewerbs findet am Samstag, den 5. September (10&hellip;\n","protected":false},"author":2,"featured_media":1266941,"comment_status":"","ping_status":"","sticky":false,"template":"","format":"standard","meta":{"footnotes":"","_share_on_mastodon":"0"},"categories":[1831],"tags":[10293,3681,513,263599,3364,29,3405,30,3800,1209,178,180,179,181,18867,1163],"class_list":["post-1277580","post","type-post","status-publish","format-standard","has-post-thumbnail","category-duesseldorf","tag-caravan-salon","tag-auszeichnung","tag-auto","tag-camper-des-jahres","tag-de","tag-deutschland","tag-duesseldorf","tag-germany","tag-messen","tag-nordrhein-westfalen","tag-presse","tag-pressemeldung","tag-pressemitteilung","tag-pressemitteilungen","tag-terminvorschau","tag-tourismus"],"share_on_mastodon":{"url":"https:\/\/pubeurope.com\/@de\/117205924854528079","error":""},"_links":{"self":[{"href":"https:\/\/www.europesays.com\/de\/wp-json\/wp\/v2\/posts\/1277580","targetHints":{"allow":["GET"]}}],"collection":[{"href":"https:\/\/www.europesays.com\/de\/wp-json\/wp\/v2\/posts"}],"about":[{"href":"https:\/\/www.europesays.com\/de\/wp-json\/wp\/v2\/types\/post"}],"author":[{"embeddable":true,"href":"https:\/\/www.europesays.com\/de\/wp-json\/wp\/v2\/users\/2"}],"replies":[{"embeddable":true,"href":"https:\/\/www.europesays.com\/de\/wp-json\/wp\/v2\/comments?post=1277580"}],"version-history":[{"count":0,"href":"https:\/\/www.europesays.com\/de\/wp-json\/wp\/v2\/posts\/1277580\/revisions"}],"wp:featuredmedia":[{"embeddable":true,"href":"https:\/\/www.europesays.com\/de\/wp-json\/wp\/v2\/media\/1266941"}],"wp:attachment":[{"href":"https:\/\/www.europesays.com\/de\/wp-json\/wp\/v2\/media?parent=1277580"}],"wp:term":[{"taxonomy":"category","embeddable":true,"href":"https:\/\/www.europesays.com\/de\/wp-json\/wp\/v2\/categories?post=1277580"},{"taxonomy":"post_tag","embeddable":true,"href":"https:\/\/www.europesays.com\/de\/wp-json\/wp\/v2\/tags?post=1277580"}],"curies":[{"name":"wp","href":"https:\/\/api.w.org\/{rel}","templated":true}]}}