{"id":1277585,"date":"2026-09-03T07:30:16","date_gmt":"2026-09-03T07:30:16","guid":{"rendered":"https:\/\/www.europesays.com\/de\/1277585\/"},"modified":"2026-09-03T07:30:16","modified_gmt":"2026-09-03T07:30:16","slug":"niko-kovac-riesenfan-bvb-war-heiss-auf-offensiv-star-des-vfb-stuttgart","status":"publish","type":"post","link":"https:\/\/www.europesays.com\/de\/1277585\/","title":{"rendered":"Niko Kovac Riesenfan: BVB war hei\u00df auf Offensiv-Star des VfB Stuttgart"},"content":{"rendered":"<p>Niko Kovac hatte sich beim BVB in der zur\u00fcckliegenden Transferperiode anscheinend intensiv mit der Verpflichtung eines Offensivstars des VfB Stuttgart auseinandergesetzt.\n<\/p>\n<p>Borussia Dortmund hat sich im noch nicht allzu lange geschlossenen Sommertransferfenster allem Anschein nach intensiv mit dem Transfer eines Offensivstars des VfB Stuttgart auseinandergesetzt. Der Deal kam schlussendlich aber nicht zustande.<\/p>\n<p>Wie Sky berichtet, h\u00e4tte Niko Kovac gerne Jamie Leweling in seinen Kader aufgenommen. Der BVB hatte den aktuellen deutschen Nationalspieler bis auf die letzten Meter des Sommertransfermarkts im Blick, falls F\u00e1bio Silva einen Wechsel vornehmen sollte. Kovac gilt als gro\u00dfer Leweling-Fan.<\/p>\n<p><a href=\"https:\/\/www.fussballeuropa.com\/news\/bvb-will-fabio-silva-halten-gerucht-um-italien-interesse-2026-08\" rel=\"nofollow noopener\" target=\"_blank\">Bei Silva hatten sich in den vergangenen Monaten vor allem Spuren nach Spanien ergeben<\/a>, wirklich konkret wurde es hinsichtlich einer Ver\u00e4nderung aber wohl nicht. Deshalb ging das Dortmunder Interesse an Leweling vermutlich nie \u00fcber die Beobachterrolle hinaus \u2013 zumindest Stand jetzt.<\/p>\n<p>    <img decoding=\"async\" class=\"newsimage2\" src=\"https:\/\/www.europesays.com\/de\/wp-content\/uploads\/2026\/09\/jamie-leweling-2021-02.jpg\" loading=\"lazy\" alt=\"Jamie Leweling\" title=\"Jamie Leweling\"\/><\/p>\n<p>\u00a9 ErreRoberto \/ Shutterstock.com<\/p>\n<p>    BVB als Beobachter: VfB Stuttgart lehnte \u00fcber 40 Millionen f\u00fcr Jamie Leweling ab<\/p>\n<p>Der 25 Jahre alte N\u00fcrnberg war in diesem Sommer tats\u00e4chlich \u00e4u\u00dferst hei\u00df begehrt. Aus Italien kamen die konkretesten Bem\u00fchungen von der AS Rom, die am Deadline Day ein Abl\u00f6sepaket von 35 Millionen Euro geschn\u00fcrt hatte, sogar ein Privatjet soll am Stuttgarter Flughafen bereitgestanden haben. Au\u00dferdem soll der FC Everton mit einer Last-Minute-Offerte \u00fcber 43 Millionen Euro gescheitert sein.<\/p>\n<p><a href=\"https:\/\/www.fussballeuropa.com\/news\/vfb-verbleib-leweling-verteilt-korbe-an-zwei-klubs-2026-09\" rel=\"nofollow noopener\" target=\"_blank\">Leweling verteilte am Ende einen Transferkorb<\/a>, entschied sich somit mindestens bis zum kommenden Winter f\u00fcr einen Verbleib beim VfB. Am Wasen waren sie aufgrund von ben\u00f6tigten Transfereinnahmen offen f\u00fcr einen Verkauf.<\/p>\n<p>Lewelings Vertrag ist noch langfristig bis 2029 ausgelegt, beim VfB sch\u00e4tzt er vor allen Dingen die sportliche Perspektive in der Champions League unter Trainer Sebastian Hoene\u00df.<\/p>\n","protected":false},"excerpt":{"rendered":"Niko Kovac hatte sich beim BVB in der zur\u00fcckliegenden Transferperiode anscheinend intensiv mit der Verpflichtung eines Offensivstars des&hellip;\n","protected":false},"author":2,"featured_media":1277586,"comment_status":"","ping_status":"","sticky":false,"template":"","format":"standard","meta":{"footnotes":"","_share_on_mastodon":"0"},"categories":[1830],"tags":[1634,888,299,3364,29,30,13993,1441,2915],"class_list":["post-1277585","post","type-post","status-publish","format-standard","has-post-thumbnail","category-stuttgart","tag-baden-wuerttemberg","tag-borussia-dortmund","tag-bundesliga","tag-de","tag-deutschland","tag-germany","tag-niko-kovac","tag-stuttgart","tag-vfb-stuttgart"],"share_on_mastodon":{"url":"https:\/\/pubeurope.com\/@de\/117205942388651910","error":""},"_links":{"self":[{"href":"https:\/\/www.europesays.com\/de\/wp-json\/wp\/v2\/posts\/1277585","targetHints":{"allow":["GET"]}}],"collection":[{"href":"https:\/\/www.europesays.com\/de\/wp-json\/wp\/v2\/posts"}],"about":[{"href":"https:\/\/www.europesays.com\/de\/wp-json\/wp\/v2\/types\/post"}],"author":[{"embeddable":true,"href":"https:\/\/www.europesays.com\/de\/wp-json\/wp\/v2\/users\/2"}],"replies":[{"embeddable":true,"href":"https:\/\/www.europesays.com\/de\/wp-json\/wp\/v2\/comments?post=1277585"}],"version-history":[{"count":0,"href":"https:\/\/www.europesays.com\/de\/wp-json\/wp\/v2\/posts\/1277585\/revisions"}],"wp:featuredmedia":[{"embeddable":true,"href":"https:\/\/www.europesays.com\/de\/wp-json\/wp\/v2\/media\/1277586"}],"wp:attachment":[{"href":"https:\/\/www.europesays.com\/de\/wp-json\/wp\/v2\/media?parent=1277585"}],"wp:term":[{"taxonomy":"category","embeddable":true,"href":"https:\/\/www.europesays.com\/de\/wp-json\/wp\/v2\/categories?post=1277585"},{"taxonomy":"post_tag","embeddable":true,"href":"https:\/\/www.europesays.com\/de\/wp-json\/wp\/v2\/tags?post=1277585"}],"curies":[{"name":"wp","href":"https:\/\/api.w.org\/{rel}","templated":true}]}}