{"id":1277599,"date":"2026-09-03T07:38:16","date_gmt":"2026-09-03T07:38:16","guid":{"rendered":"https:\/\/www.europesays.com\/de\/1277599\/"},"modified":"2026-09-03T07:38:16","modified_gmt":"2026-09-03T07:38:16","slug":"wind-und-regen-im-norden","status":"publish","type":"post","link":"https:\/\/www.europesays.com\/de\/1277599\/","title":{"rendered":"Wind und Regen im Norden"},"content":{"rendered":"<p>&#13;<br \/>\n            Hamburg\/Kiel. In Hamburg und Schleswig-Holstein kommt es am Donnerstag zu Regen und Gewittern. Bereits am Morgen warnt der Deutsche Wetterdienst (DWD) an der Nordseek\u00fcste vor starken Windb\u00f6en. Diese sollen im Laufe des Tages auch an der Ostseek\u00fcste und im Binnenland zu sp\u00fcren sein. Teilweise k\u00f6nne es an den K\u00fcsten auch st\u00fcrmisch werden. <\/p>\n<p>Im Laufe des Tages komme es zeitweise zu Regenschauern, die vereinzelt von Gewittern begleitet werden. Dabei sei auch Starkregen m\u00f6glich. Auch sonst bleibe der Himmel wolkig. Der DWD rechnet mit H\u00f6chsttemperaturen um 21 Grad. Gegen Abend sollen die Regenschauer und Gewitter abklingen. Bereits in der Nacht ziehen dann aber wieder Regenwolken ein. Am Freitag k\u00f6nne es sogar zu Dauerregen kommen. <\/p>\n","protected":false},"excerpt":{"rendered":"&#13; Hamburg\/Kiel. In Hamburg und Schleswig-Holstein kommt es am Donnerstag zu Regen und Gewittern. Bereits am Morgen warnt&hellip;\n","protected":false},"author":2,"featured_media":1277600,"comment_status":"","ping_status":"","sticky":false,"template":"","format":"standard","meta":{"footnotes":"","_share_on_mastodon":"0"},"categories":[1826],"tags":[29,30,692,1971,1973],"class_list":["post-1277599","post","type-post","status-publish","format-standard","has-post-thumbnail","category-hamburg","tag-deutschland","tag-germany","tag-hamburg","tag-schleswig-holstein","tag-wetter"],"share_on_mastodon":{"url":"https:\/\/pubeurope.com\/@de\/117205972291817412","error":""},"_links":{"self":[{"href":"https:\/\/www.europesays.com\/de\/wp-json\/wp\/v2\/posts\/1277599","targetHints":{"allow":["GET"]}}],"collection":[{"href":"https:\/\/www.europesays.com\/de\/wp-json\/wp\/v2\/posts"}],"about":[{"href":"https:\/\/www.europesays.com\/de\/wp-json\/wp\/v2\/types\/post"}],"author":[{"embeddable":true,"href":"https:\/\/www.europesays.com\/de\/wp-json\/wp\/v2\/users\/2"}],"replies":[{"embeddable":true,"href":"https:\/\/www.europesays.com\/de\/wp-json\/wp\/v2\/comments?post=1277599"}],"version-history":[{"count":0,"href":"https:\/\/www.europesays.com\/de\/wp-json\/wp\/v2\/posts\/1277599\/revisions"}],"wp:featuredmedia":[{"embeddable":true,"href":"https:\/\/www.europesays.com\/de\/wp-json\/wp\/v2\/media\/1277600"}],"wp:attachment":[{"href":"https:\/\/www.europesays.com\/de\/wp-json\/wp\/v2\/media?parent=1277599"}],"wp:term":[{"taxonomy":"category","embeddable":true,"href":"https:\/\/www.europesays.com\/de\/wp-json\/wp\/v2\/categories?post=1277599"},{"taxonomy":"post_tag","embeddable":true,"href":"https:\/\/www.europesays.com\/de\/wp-json\/wp\/v2\/tags?post=1277599"}],"curies":[{"name":"wp","href":"https:\/\/api.w.org\/{rel}","templated":true}]}}