{"id":1277605,"date":"2026-09-03T07:41:22","date_gmt":"2026-09-03T07:41:22","guid":{"rendered":"https:\/\/www.europesays.com\/de\/1277605\/"},"modified":"2026-09-03T07:41:22","modified_gmt":"2026-09-03T07:41:22","slug":"brandattacke-auf-eine-baustelle-lka-vermutet-anschlagversuch-auf-ruestungsunternehmen-in-muenchen","status":"publish","type":"post","link":"https:\/\/www.europesays.com\/de\/1277605\/","title":{"rendered":"Brandattacke auf eine Baustelle: LKA vermutet Anschlagversuch auf R\u00fcstungsunternehmen in M\u00fcnchen"},"content":{"rendered":"<p class=\"tspBAkv tspBAkw\">Nach einer <strong>Brandattacke auf eine Baustelle in M\u00fcnchen<\/strong> vermutet das Bayerische Landeskriminalamt (LKA) einen Anschlagsversuch gegen ein Unternehmen aus dem R\u00fcstungsbereich.<\/p>\n<p class=\"tspBAkv\">Es werde wegen eines politischen Hintergrunds ermittelt, sagte ein Sprecher des LKA. Deswegen habe das LKA die Ermittlungen in dem Fall \u00fcbernommen. <strong>Um welches Unternehmen es konkret geht, sagte der Sprecher nicht<\/strong>.<\/p>\n<p class=\"tspBAkv\">Mehrere Brands\u00e4tze waren in der Nacht auf die Baustelle geworfen worden. <strong>Sp\u00e4ter nahmen Einsatzkr\u00e4fte zwei Menschen an einer Tankstelle fest<\/strong>, wie ein Sprecher des M\u00fcnchner Polizeipr\u00e4sidiums erkl\u00e4rte. Ob sie mit der Tat in Verbindung stehen, werde nun ermittelt.<\/p>\n<p><img decoding=\"async\" src=\"https:\/\/www.europesays.com\/de\/wp-content\/uploads\/2026\/09\/brandsatze-auf-munchner-baustelle-geworfen.jpeg\"   alt=\"03.09.2026, Bayern, M\u00fcnchen: Polizeifahrzeuge riegeln unweit des Ostbahnhofs eine Stra\u00dfe ab. In der Nacht wurden mehrere Brands\u00e4tze auf eine Baustelle geworfen. Foto: Peter Kneffel\/dpa +++ dpa-Bildfunk +++\" aria-labelledby=\"caption-16011995\" width=\"440\" height=\"330\" loading=\"lazy\" class=\"tspBDk8\"\/> Polizeifahrzeuge riegeln in M\u00fcnchen unweit des Ostbahnhofs eine komplette Stra\u00dfe ab. <\/p>\n<p class=\"tspA6kl\"> \u00a9 dpa\/Peter Kneffel <\/p>\n<p> Baustelle vor Firmenzentrale von Rohde &amp; Schwarz <\/p>\n<p class=\"tspBAkv\"><strong>Mindestens einer der Brands\u00e4tze habe ein Feuer ausgel\u00f6st<\/strong>, das Polizisten l\u00f6schten. Gr\u00f6\u00dferer Schaden sei nicht entstanden, sagte der Polizeisprecher. Ein weiterer Brandsatz musste von Spezialkr\u00e4ften entsch\u00e4rft werden.<\/p>\n<p class=\"tspBAkv\">Die Brands\u00e4tze sollen<strong> gegen Mitternacht aus einem Auto geworfen worden sein.<\/strong> Ein Zeuge beobachtete den Vorfall und alarmierte die Polizei. Nach der Fahndung wurden eine 28-J\u00e4hrige und ein 38-J\u00e4hriger festgenommen.<\/p>\n<p>Mehr Politik<a href=\"https:\/\/www.tagesspiegel.de\/politik\/drohnenangriff-in-leipzig-dobrindt-und-wadephul-sollen-merz-gebremst-haben-16011386.html?icid=topic-list_16011814___\" data-gtm-class=\"article-mzt-link\" data-hydrate-fingerprint=\"09740a54944caac75fd2c0c63fd5c5df\" data-hydrate-props=\"{&amp;escapedquot;element&amp;escapedquot;:{&amp;escapedquot;type&amp;escapedquot;:&amp;escapedquot;relatedContent&amp;escapedquot;,&amp;escapedquot;fieldMap&amp;escapedquot;:{},&amp;escapedquot;relation&amp;escapedquot;:{&amp;escapedquot;fields&amp;escapedquot;:{&amp;escapedquot;isPaid&amp;escapedquot;:null},&amp;escapedquot;href&amp;escapedquot;:&amp;escapedquot;\/politik\/drohnenangriff-in-leipzig-dobrindt-und-wadephul-sollen-merz-gebremst-haben-16011386.html&amp;escapedquot;,&amp;escapedquot;teaserTitle&amp;escapedquot;:{&amp;escapedquot;kicker&amp;escapedquot;:&amp;escapedquot;Drohnenangriff in Leipzig&amp;escapedquot;,&amp;escapedquot;headline&amp;escapedquot;:&amp;escapedquot;Dobrindt und Wadephul sollen Merz gebremst haben&amp;escapedquot;},&amp;escapedquot;id&amp;escapedquot;:&amp;escapedquot;16011386&amp;escapedquot;,&amp;escapedquot;type&amp;escapedquot;:&amp;escapedquot;story&amp;escapedquot;},&amp;escapedquot;isPartOfList&amp;escapedquot;:true,&amp;escapedquot;topicListType&amp;escapedquot;:&amp;escapedquot;topic-list&amp;escapedquot;},&amp;escapedquot;showArrow&amp;escapedquot;:true}\" data-hydrate-slots=\"{&#039;default&#039;:[]}\" class=\"tspB8oe tspB7oc\" rel=\"nofollow noopener\" target=\"_blank\">Drohnenangriff in Leipzig Dobrindt und Wadephul sollen Merz gebremst haben <\/a><a href=\"https:\/\/www.tagesspiegel.de\/politik\/drohnenattacke-am-leipziger-flughafen-ermittler-identifizieren-offenbar-zwei-tatverdachtige-16009730.html?icid=topic-list_16011814___\" data-gtm-class=\"article-mzt-link\" data-hydrate-fingerprint=\"09740a54944caac75fd2c0c63fd5c5df\" data-hydrate-props=\"{&amp;escapedquot;element&amp;escapedquot;:{&amp;escapedquot;type&amp;escapedquot;:&amp;escapedquot;relatedContent&amp;escapedquot;,&amp;escapedquot;fieldMap&amp;escapedquot;:{},&amp;escapedquot;relation&amp;escapedquot;:{&amp;escapedquot;fields&amp;escapedquot;:{&amp;escapedquot;isPaid&amp;escapedquot;:null},&amp;escapedquot;href&amp;escapedquot;:&amp;escapedquot;\/politik\/drohnenattacke-am-leipziger-flughafen-ermittler-identifizieren-offenbar-zwei-tatverdachtige-16009730.html&amp;escapedquot;,&amp;escapedquot;teaserTitle&amp;escapedquot;:{&amp;escapedquot;kicker&amp;escapedquot;:&amp;escapedquot;Drohnenattacke am Leipziger Flughafen&amp;escapedquot;,&amp;escapedquot;headline&amp;escapedquot;:&amp;escapedquot;Ermittler identifizieren offenbar zwei Tatverd\u00e4chtige&amp;escapedquot;},&amp;escapedquot;id&amp;escapedquot;:&amp;escapedquot;16009730&amp;escapedquot;,&amp;escapedquot;type&amp;escapedquot;:&amp;escapedquot;story&amp;escapedquot;},&amp;escapedquot;isPartOfList&amp;escapedquot;:true,&amp;escapedquot;topicListType&amp;escapedquot;:&amp;escapedquot;topic-list&amp;escapedquot;},&amp;escapedquot;showArrow&amp;escapedquot;:true}\" data-hydrate-slots=\"{&#039;default&#039;:[]}\" class=\"tspB8oe tspB7oc\" rel=\"nofollow noopener\" target=\"_blank\">Drohnenattacke am Leipziger Flughafen Ermittler identifizieren offenbar zwei Tatverd\u00e4chtige <\/a><a href=\"https:\/\/www.tagesspiegel.de\/politik\/massnahmen-gegen-russlands-schattenflotte-was-deutschland-sich-von-anderen-landern-abschauen-konnte-16009042.html?icid=topic-list_16011814___\" data-gtm-class=\"article-mzt-link\" data-hydrate-fingerprint=\"09740a54944caac75fd2c0c63fd5c5df\" data-hydrate-props=\"{&amp;escapedquot;element&amp;escapedquot;:{&amp;escapedquot;type&amp;escapedquot;:&amp;escapedquot;relatedContent&amp;escapedquot;,&amp;escapedquot;fieldMap&amp;escapedquot;:{},&amp;escapedquot;relation&amp;escapedquot;:{&amp;escapedquot;fields&amp;escapedquot;:{&amp;escapedquot;isPaid&amp;escapedquot;:true},&amp;escapedquot;href&amp;escapedquot;:&amp;escapedquot;\/politik\/massnahmen-gegen-russlands-schattenflotte-was-deutschland-sich-von-anderen-landern-abschauen-konnte-16009042.html&amp;escapedquot;,&amp;escapedquot;teaserTitle&amp;escapedquot;:{&amp;escapedquot;kicker&amp;escapedquot;:&amp;escapedquot;Ma\u00dfnahmen gegen Russlands Schattenflotte&amp;escapedquot;,&amp;escapedquot;headline&amp;escapedquot;:&amp;escapedquot;Was Deutschland sich von anderen L\u00e4ndern abschauen k\u00f6nnte&amp;escapedquot;},&amp;escapedquot;id&amp;escapedquot;:&amp;escapedquot;16009042&amp;escapedquot;,&amp;escapedquot;type&amp;escapedquot;:&amp;escapedquot;story&amp;escapedquot;},&amp;escapedquot;isPartOfList&amp;escapedquot;:true,&amp;escapedquot;topicListType&amp;escapedquot;:&amp;escapedquot;topic-list&amp;escapedquot;},&amp;escapedquot;showArrow&amp;escapedquot;:true}\" data-hydrate-slots=\"{&#039;default&#039;:[]}\" class=\"tspB8oe tspB7oc\" rel=\"nofollow noopener\" target=\"_blank\">Ma\u00dfnahmen gegen Russlands Schattenflotte Was Deutschland sich von anderen L\u00e4ndern abschauen k\u00f6nnte <\/a><\/p>\n<p class=\"tspBAkv\">Zun\u00e4chst hatte der <a href=\"https:\/\/www.br.de\/nachrichten\/bayern\/brandattacke-auf-baustelle-bei-rohde-and-schwarz-zwei-festnahmen,VU82AXq\" target=\"_blank\" rel=\"noopener nofollow\" class=\"link link--external\" data-gtm-class=\"article-text-link\" data-gtm-val=\"external\" aria-describedby=\"message-target-blank\">Bayerische Rundfunk (BR)<\/a> unter Berufung auf Beh\u00f6rdenangaben berichtet. Demnach soll sich die betroffene Baustelle unmittelbar vor der <strong>Firmenzentrale des Technologiekonzerns Rohde &amp; Schwarz <\/strong>befinden. Unabh\u00e4ngig \u00fcberpr\u00fcfen lie\u00df sich diese Angabe bislang nicht. Demnach best\u00e4tigte eine Firmensprecherin dem BR auf Anfrage, dass es einen Polizei- und Feuerwehreinsatz gegeben habe. Die Sprecherin betonte laut BR: \u201eUnser Betriebsgel\u00e4nde selbst ist nicht betroffen.\u201c<\/p>\n<p class=\"tspBAkv\">Der Bayerische Rundfunk berichtet au\u00dferdem unter Berufung auf Polizeiangaben, dass es sich bei den beiden Festgenommenen <strong>um bulgarische Staatsangeh\u00f6rige handelt.<\/strong> (dpa, Tsp)<\/p>\n","protected":false},"excerpt":{"rendered":"Nach einer Brandattacke auf eine Baustelle in M\u00fcnchen vermutet das Bayerische Landeskriminalamt (LKA) einen Anschlagsversuch gegen ein Unternehmen&hellip;\n","protected":false},"author":2,"featured_media":1277606,"comment_status":"","ping_status":"","sticky":false,"template":"","format":"standard","meta":{"footnotes":"","_share_on_mastodon":"0"},"categories":[1825],"tags":[1941,1939,17655,296,1937,29,30,1940,1938],"class_list":["post-1277605","post","type-post","status-publish","format-standard","has-post-thumbnail","category-berlin","tag-aktuelle-nachrichten-aus-berlin","tag-aktuelle-news-aus-berlin","tag-baustellen","tag-berlin","tag-berlin-news","tag-deutschland","tag-germany","tag-nachrichten-aus-berlin","tag-news-aus-berlin"],"share_on_mastodon":{"url":"https:\/\/pubeurope.com\/@de\/117205985678611979","error":""},"_links":{"self":[{"href":"https:\/\/www.europesays.com\/de\/wp-json\/wp\/v2\/posts\/1277605","targetHints":{"allow":["GET"]}}],"collection":[{"href":"https:\/\/www.europesays.com\/de\/wp-json\/wp\/v2\/posts"}],"about":[{"href":"https:\/\/www.europesays.com\/de\/wp-json\/wp\/v2\/types\/post"}],"author":[{"embeddable":true,"href":"https:\/\/www.europesays.com\/de\/wp-json\/wp\/v2\/users\/2"}],"replies":[{"embeddable":true,"href":"https:\/\/www.europesays.com\/de\/wp-json\/wp\/v2\/comments?post=1277605"}],"version-history":[{"count":0,"href":"https:\/\/www.europesays.com\/de\/wp-json\/wp\/v2\/posts\/1277605\/revisions"}],"wp:featuredmedia":[{"embeddable":true,"href":"https:\/\/www.europesays.com\/de\/wp-json\/wp\/v2\/media\/1277606"}],"wp:attachment":[{"href":"https:\/\/www.europesays.com\/de\/wp-json\/wp\/v2\/media?parent=1277605"}],"wp:term":[{"taxonomy":"category","embeddable":true,"href":"https:\/\/www.europesays.com\/de\/wp-json\/wp\/v2\/categories?post=1277605"},{"taxonomy":"post_tag","embeddable":true,"href":"https:\/\/www.europesays.com\/de\/wp-json\/wp\/v2\/tags?post=1277605"}],"curies":[{"name":"wp","href":"https:\/\/api.w.org\/{rel}","templated":true}]}}