{"id":1277613,"date":"2026-09-03T07:45:16","date_gmt":"2026-09-03T07:45:16","guid":{"rendered":"https:\/\/www.europesays.com\/de\/1277613\/"},"modified":"2026-09-03T07:45:16","modified_gmt":"2026-09-03T07:45:16","slug":"peter-fox-feiert-heute-geburtstag-so-setzt-er-berlin-ein-denkmal","status":"publish","type":"post","link":"https:\/\/www.europesays.com\/de\/1277613\/","title":{"rendered":"Peter Fox feiert heute Geburtstag: So setzt er Berlin ein Denkmal"},"content":{"rendered":"<p>Klavierbauer-Azubi, DJ, Stadtaffe <\/p>\n<p>Dieser Musiker setzte Berlin ein Denkmal \u2013 jetzt wird er 55<\/p>\n<p>Aktualisiert am 03.09.2026 &#8211; 09:41 UhrLesedauer: 3 Min.<\/p>\n<p><a href=\"#focus-0\" class=\"transition-colors block text-current relative\" data-sctrack=\"FocusGalleryImage.Reference\"><img fetchpriority=\"high\" data-testid=\"Opener.Image\"   loading=\"eager\" src=\"https:\/\/www.europesays.com\/de\/wp-content\/uploads\/2026\/09\/saenger-peter-fox-bei-seinem-konzert-in-der-lanxess-arena-im-rahmen-seiner-lovesongs-tour-2024-koeln.jpeg\" alt=\"imago images 0761148687\" title=\"imago images 0761148687\" width=\"4724\" height=\"2657\" class=\"bg-[url:var(--lqipURL)] bg-cover bg-center flex h-full w-full max-w-full\" style=\"--lqipURL:url('https:\/\/images.t-online.de\/2026\/08\/rbJK1Jby3LSd\/0x246:4724x2657\/fit-in\/150x0\/filters:blur(25)\/saenger-peter-fox-bei-seinem-konzert-in-der-lanxess-arena-im-rahmen-seiner-lovesongs-tour-2024-koeln-10-092024-nrw-deutschland-singer-peter-fox-at-his-concert-in-the-lanxess-arena-as-part-of-his-lovesongs-tour-2024-cologne-10-09-2024-nrw-germany-copyright-xchristophxhardtx.jpg')\" decoding=\"async\"\/><img loading=\"lazy\" src=\"https:\/\/berlin.t-online.de\/s\/paper\/_next\/static\/media\/zoom-in.f7dae02f.svg\" alt=\"Vergr\u00f6\u00dfern des Bildes\" title=\"Vergr\u00f6\u00dfern des Bildes\" class=\"block h-[calc(var(--height)_\/_16_*_1rem)] w-[calc(var(--width)_\/_16_*_1rem)] max-w-none absolute right-8 bottom-8 rounded-4 bg-snow p-8\" style=\"--width:32;--height:32\" decoding=\"async\"\/><\/a><\/p>\n<p>S\u00e4nger Peter Fox bei einem Konzert (Archivbild): Am 3. September wird der Berlin 55 Jahre alt. (Quelle: IMAGO\/Christoph Hardt\/imago)<\/p>\n<p><img loading=\"lazy\" src=\"https:\/\/berlin.t-online.de\/s\/paper\/_next\/static\/media\/audio-volume.6689034c.svg\" alt=\"\" title=\"\" class=\"block h-[calc(var(--height)_\/_16_*_1rem)] w-[calc(var(--width)_\/_16_*_1rem)] max-w-none group-hover:brightness-0 group-hover:invert\" style=\"--width:16;--height:16\" decoding=\"async\"\/>Vorlesen<\/p>\n<p>Aktuelle Zeit:0:00Gesamtdauer:0:00<\/p>\n<p>1x<img loading=\"lazy\" src=\"https:\/\/berlin.t-online.de\/s\/paper\/_next\/static\/media\/font-sizes.32942e33.svg\" alt=\"\" title=\"\" class=\"block h-[calc(var(--height)_\/_16_*_1rem)] w-[calc(var(--width)_\/_16_*_1rem)] max-w-none group-hover:hidden group-aria-expanded:hidden\" style=\"--width:16;--height:16\" decoding=\"async\"\/><img loading=\"lazy\" src=\"https:\/\/berlin.t-online.de\/s\/paper\/_next\/static\/media\/font-sizes-dark-mode.e382645c.svg\" alt=\"\" title=\"\" class=\"block h-[calc(var(--height)_\/_16_*_1rem)] w-[calc(var(--width)_\/_16_*_1rem)] max-w-none hidden group-hover:block group-aria-expanded:block\" style=\"--width:16;--height:16\" decoding=\"async\"\/><img loading=\"lazy\" src=\"https:\/\/berlin.t-online.de\/s\/paper\/_next\/static\/media\/sharing-menu-icon.1eb71368.svg\" alt=\"\" title=\"\" class=\"block h-[calc(var(--height)_\/_16_*_1rem)] w-[calc(var(--width)_\/_16_*_1rem)] max-w-none group-hover:brightness-0 group-hover:invert\" style=\"--width:16;--height:16\" decoding=\"async\"\/>Artikel teilen<\/p>\n<p class=\"font-bold text-18 leading-17 user-text-lg:text-22 user-text-xl:text-24\">Drei Worte reichten, um Berlin unsterblich zu machen. Peter Fox bleibt der Stadt treu, an die er nie eine Liebeserkl\u00e4rung richtete \u2013 oder vielleicht doch.<\/p>\n<p class=\"text-18 leading-17 user-text-lg:text-22 user-text-xl:text-24\">&#8222;Guten Morgen, Berlin&#8220; \u2013 mit diesen drei Worten beginnt einer der bekanntesten Songs \u00fcber die Hauptstadt. Darin ist Berlin keine Postkartenkulisse, sondern eine Stadt nach einer durchfeierten Nacht: dreckig, grau und voller Widerspr\u00fcche. Der Mann, der seine Heimatstadt so ungesch\u00f6nt besungen hat, wird am 3. September 55 Jahre alt: Peter Fox.<\/p>\n<p class=\"text-18 leading-17 user-text-lg:text-22 user-text-xl:text-24\">Geboren wurde der Musiker 1971 als Pierre Baigorry in West-Berlin. Seine Geschichte begann nicht in den Clubs von Kreuzberg, die sp\u00e4ter in seinen Songs auftauchten, sondern im beschaulichen S\u00fcdwesten der Stadt. Fox wuchs in Sch\u00f6now auf, einem Teil des heutigen Lichterfelde-West. Dort erhielt er Klavierunterricht und spielte im Posaunenchor.<\/p>\n<p>Empfohlener externer InhaltYoutube<\/p>\n<p class=\"text-14 leading-15\">Wir ben\u00f6tigen Ihre Einwilligung, um den von unserer Redaktion eingebundenen Youtube-Inhalt anzuzeigen. Sie k\u00f6nnen diesen (und damit auch alle weiteren Youtube-Inhalte auf t-online.de) mit einem Klick anzeigen lassen und auch wieder deaktivieren.<\/p>\n<p>Youtube-Inhalte immer anzeigen<\/p>\n<p>Ich bin damit einverstanden, dass mir externe Inhalte angezeigt werden. Damit k\u00f6nnen personenbezogene Daten an Drittplattformen \u00fcbermittelt werden. <a href=\"https:\/\/www.t-online.de\/datenschutz\/id_88397036\/index#17-externe-inhalte\" target=\"_blank\" class=\"transition-colors text-magenta\" rel=\"nofollow noopener\">Mehr dazu in unseren Datenschutzhinweisen<\/a>.<\/p>\n<p class=\"text-18 leading-17 user-text-lg:text-22 user-text-xl:text-24\">Er besuchte zeitweise das Franz\u00f6sische Gymnasium in Tiergarten und machte sp\u00e4ter am Goethe-Gymnasium in Lichterfelde Abitur. Danach begann er beim Berliner Klavierhersteller Bechstein eine Ausbildung zum Klavierbauer, brach sie jedoch ab. Er arbeitete in Plattenl\u00e4den, legte als DJ auf und spielte in mehreren Bands.<\/p>\n<p>Mit Seeed gelingt Peter Fox der Durchbruch<\/p>\n<p class=\"text-18 leading-17 user-text-lg:text-22 user-text-xl:text-24\">Der Erfolg kam Ende der 1990er-Jahre. Gemeinsam mit weiteren Berliner Musikern gr\u00fcndete Fox die Band Seeed. Die Gruppe verband Reggae und Dancehall mit deutschen Texten, Bl\u00e4sern und Geschichten aus der Gro\u00dfstadt. Bereits der Bandname verwies auf die Herkunft: Die drei &#8222;e&#8220; standen urspr\u00fcnglich f\u00fcr die damaligen S\u00e4nger Enuff, Ear und Eased. Fox trat zu dieser Zeit noch unter dem Namen Enuff auf.<\/p>\n<p class=\"text-18 leading-17 user-text-lg:text-22 user-text-xl:text-24\">Seinen sp\u00e4teren K\u00fcnstlernamen verdankt er nach eigener Darstellung dem jamaikanischen Musiker Black Kappa. Dieser habe ihn wegen seiner roten Haare &#8222;Foxi&#8220; genannt. Daraus wurde Peter Fox.<\/p>\n<ul class=\"text-18 leading-17 block pl-24 *:pb-16 *:before:inline-block *:before:size-8 *:before:bg-magenta *:before:mt-0 *:before:mr-12 *:before:mb-2 *:before:-ml-[20px]\">\n<li><strong class=\"font-bold\">Teddyb\u00e4r, Pommes und M\u00fcll:<\/strong> <a href=\"https:\/\/berlin.t-online.de\/region\/berlin\/id_101394410\/berlin-ilona-hartmann-ueber-junk-muell-laufen-und-pommes.html\" class=\"transition-colors cursor-pointer no-underline md:hover:text-magenta md:focus:text-magenta border-b border-solid border-current text-salemsfur md:hover:border-magenta\" data-tracking=\"{&quot;action&quot;:&quot;click&quot;,&quot;category&quot;:&quot;intextLink&quot;,&quot;label&quot;:&quot;\/region\/berlin\/id_101394410\/berlin-ilona-hartmann-ueber-junk-muell-laufen-und-pommes.html&quot;}\" data-sctrack=\"BodyAnchor\" rel=\"nofollow noopener\" target=\"_blank\">Berliner Autorin \u00fcber Selbstfindung in der Hauptstadt<\/a><\/li>\n<\/ul>\n<p class=\"text-18 leading-17 user-text-lg:text-22 user-text-xl:text-24\">Seeed sang \u00fcber Berlin, ohne sich auf die \u00fcblichen Klischees zu beschr\u00e4nken. In &#8222;Dickes B&#8220; wurde die Hauptstadt selbst zur Hauptfigur. Die Band machte einen Sound popul\u00e4r, der international klang und dennoch eng mit Berlin verbunden blieb.<\/p>\n<p>&#8222;Stadtaffe&#8220; \u2013 ein Album zwischen Aufbruch und Ersch\u00f6pfung<\/p>\n<p class=\"text-18 leading-17 user-text-lg:text-22 user-text-xl:text-24\">2008 ver\u00f6ffentlichte Fox sein erstes Soloalbum &#8222;Stadtaffe&#8220;. Es brachte Orchestermusik, Hip-Hop und Dancehall zusammen \u2013 unterlegt mit wuchtigen Trommeln. Die Texte handelten von Aufbruch, Ersch\u00f6pfung, Gr\u00f6\u00dfenwahn und dem Wunsch, der Stadt zeitweise zu entkommen. Das Album erreichte sp\u00e4ter Platz eins der deutschen Charts.<\/p>\n","protected":false},"excerpt":{"rendered":"Klavierbauer-Azubi, DJ, Stadtaffe Dieser Musiker setzte Berlin ein Denkmal \u2013 jetzt wird er 55 Aktualisiert am 03.09.2026 &#8211;&hellip;\n","protected":false},"author":2,"featured_media":1277614,"comment_status":"","ping_status":"","sticky":false,"template":"","format":"standard","meta":{"footnotes":"","_share_on_mastodon":"0"},"categories":[1825],"tags":[722,245683,296,263607,29,30,7568,11481,20583,59626,263605,263606,59625,16507],"class_list":["post-1277613","post","type-post","status-publish","format-standard","has-post-thumbnail","category-berlin","tag-722","tag-245683","tag-berlin","tag-black-kappa","tag-deutschland","tag-germany","tag-kreuzberg","tag-lichterfelde","tag-liebeserklaerung","tag-peter-fox","tag-pierre-baigorry","tag-schoenow","tag-seeed","tag-westberlin"],"share_on_mastodon":{"url":"https:\/\/pubeurope.com\/@de\/117206002870381750","error":""},"_links":{"self":[{"href":"https:\/\/www.europesays.com\/de\/wp-json\/wp\/v2\/posts\/1277613","targetHints":{"allow":["GET"]}}],"collection":[{"href":"https:\/\/www.europesays.com\/de\/wp-json\/wp\/v2\/posts"}],"about":[{"href":"https:\/\/www.europesays.com\/de\/wp-json\/wp\/v2\/types\/post"}],"author":[{"embeddable":true,"href":"https:\/\/www.europesays.com\/de\/wp-json\/wp\/v2\/users\/2"}],"replies":[{"embeddable":true,"href":"https:\/\/www.europesays.com\/de\/wp-json\/wp\/v2\/comments?post=1277613"}],"version-history":[{"count":0,"href":"https:\/\/www.europesays.com\/de\/wp-json\/wp\/v2\/posts\/1277613\/revisions"}],"wp:featuredmedia":[{"embeddable":true,"href":"https:\/\/www.europesays.com\/de\/wp-json\/wp\/v2\/media\/1277614"}],"wp:attachment":[{"href":"https:\/\/www.europesays.com\/de\/wp-json\/wp\/v2\/media?parent=1277613"}],"wp:term":[{"taxonomy":"category","embeddable":true,"href":"https:\/\/www.europesays.com\/de\/wp-json\/wp\/v2\/categories?post=1277613"},{"taxonomy":"post_tag","embeddable":true,"href":"https:\/\/www.europesays.com\/de\/wp-json\/wp\/v2\/tags?post=1277613"}],"curies":[{"name":"wp","href":"https:\/\/api.w.org\/{rel}","templated":true}]}}