{"id":1277617,"date":"2026-09-03T07:50:20","date_gmt":"2026-09-03T07:50:20","guid":{"rendered":"https:\/\/www.europesays.com\/de\/1277617\/"},"modified":"2026-09-03T07:50:20","modified_gmt":"2026-09-03T07:50:20","slug":"promi-big-brother-2026-die-ersten-vier-kandidaten-stehen-fest","status":"publish","type":"post","link":"https:\/\/www.europesays.com\/de\/1277617\/","title":{"rendered":"\u201ePromi Big Brother\u201c 2026: Die ersten vier Kandidaten stehen fest"},"content":{"rendered":"<p>Die 14. Staffel von \u201ePromi Big Brother\u201c steht bevor. Jetzt wurden die ersten Bewohnerinnen und Bewohner bekannt gegeben, die 2026 in den Container einziehen.<\/p>\n<p><img decoding=\"async\" alt=\"\" src=\"https:\/\/www.europesays.com\/de\/wp-content\/uploads\/2026\/09\/47717438-d103-479e-bbec-c271e4ddd218.png\"\/><\/p>\n<p>02.09.2026, 13:59 UhrK\u00f6ln<\/p>\n<p><a href=\"https:\/\/swp1.clpsh.com\/anhoeren?utm_source=swp&amp;utm_medium=deeplink&amp;utm_campaign=article_action_bar\" target=\"_blank\" class=\"lh-sm text-color-neutral-60\" id=\"u-article-header__listen-link\" rel=\"nofollow noopener\">Jetzt in der App anh\u00f6ren<\/a><img loading=\"lazy\" decoding=\"async\" src=\"https:\/\/www.europesays.com\/de\/wp-content\/uploads\/2026\/09\/ea6f5457-6ed3-45a4-a93b-62808ac14ee7.jpg\" class=\"u-base-image__image\" width=\"1200\" height=\"675\" alt=\"Im Jahr 2025 gewann Jimi Blue Ochsenknecht die 13. Staffel von &quot;Promi Big Brother&quot;\"\/><\/p>\n<p class=\"u-base-image__cap m-0\">Im Jahr 2025 gewann Jimi Blue Ochsenknecht die 13. Staffel von &#8222;Promi Big Brother&#8220;. Wer wird sein Nachfolger?<\/p>\n<p>Joyn\/Willi Weber<\/p>\n<p class=\"u-paragraph\" lazy=\"true\">Die neue Staffel von \u201ePromi Big Brother\u201c r\u00fcckt n\u00e4her und die ersten Bewohnerinnen und Bewohner\u00a0stehen fest. Welche Promis 2026 bisher in den Container ziehen und sich dem Leben unter permanenter Beobachtung stellen, erfahrt ihr hier.<\/p>\n<p>\u201ePromi Big Brother\u201c 2026: Diese vier Stars sind offiziell dabei<\/p>\n<p class=\"u-paragraph\" lazy=\"true\">Das Warten hat ein Ende: Die ersten Kandidatinnen und Kandidaten der 14. Staffel von \u201ePromi Big Brother\u201c stehen fest. <strong>Mit dabei sind No-Angels-S\u00e4ngerin Nadja Benaissa, Box-Legende Axel Schulz sowie Ex-Fu\u00dfballer Christian Lell und Gastronom Ren\u00e9 Redo.<\/strong><\/p>\n<p>Alle Kandidatinnen und Kandidaten von \u201ePromi Big Brother\u201c 2026 im \u00dcberblickWie viele Stars ziehen dieses Jahr in den Container?<\/p>\n<p class=\"u-paragraph\" lazy=\"true\">Eine offizielle Teilnehmerzahl wurde bisher nicht genannt. In den vergangenen Staffeln lag sie zwischen 12 und 18 Promis. Demnach m\u00fcssen sich die Zuschauer noch etwas gedulden.<\/p>\n<p class=\"u-paragraph\" lazy=\"true\">Passend dazu: <a target=\"_blank\" href=\"https:\/\/www.swp.de\/unterhaltung\/tv\/promi-big-brother-2026-late-night-show-ohne-melissa-khalaj-79432998.html\" rel=\"nofollow noopener\">Melissa Khalaj dieses Jahr nicht bei der Late Night Show dabei<\/a><\/p>\n<p>\u201ePromi Big Brother\u201c 2026: Start und Sendetermine im \u00dcberblick<\/p>\n<p class=\"u-paragraph\" lazy=\"true\">Alle Infos zum Start und zu den Sendeterminen von \u201ePromi Big Brother\u201c 2026 lest ihr <a target=\"_blank\" href=\"https:\/\/www.swp.de\/unterhaltung\/tv\/promi-big-brother-2026-start-sendetermine-stream-staffel-14-79310317.html\" rel=\"nofollow noopener\">&gt;&gt; hier &lt;&lt;<\/a>.<\/p>\n<p>Wer moderiert \u201ePromi Big Brother\u201c 2026?<\/p>\n<p class=\"u-paragraph\" lazy=\"true\">Wer die 14. Staffel von \u201ePromi Big Brother\u201c moderieren wird, erfahrt ihr <a target=\"_blank\" href=\"https:\/\/www.swp.de\/unterhaltung\/tv\/promi-big-brother-2025-das-sind-die-moderatoren-von-staffel-13-78335839.html\" rel=\"nofollow noopener\">&gt;&gt; hier &lt;&lt;<\/a>.<\/p>\n<p>So funktioniert \u201ePromi Big Brother\u201c<\/p>\n<p class=\"u-paragraph\" lazy=\"true\">Bei \u201ePromi Big Brother\u201c ziehen Promis f\u00fcr mehrere\u00a0 Wochen gemeinsam in einen abgeschotteten Bereich und werden rund um die Uhr von Kameras begleitet. Privatsph\u00e4re gibt es kaum, daf\u00fcr jede Menge Alltag, Streit, B\u00fcndnisse und \u00dcberraschungen.<\/p>\n<p class=\"u-paragraph\" lazy=\"true\">Je nach Staffel leben die Promis in unterschiedlichen Bereichen mit mehr oder weniger Komfort. Durch Spiele und Challenges k\u00f6nnen sie sich Vorteile erspielen. Regelm\u00e4\u00dfig wird nominiert, anschlie\u00dfend entscheidet meist das Publikum, wer die Show verlassen muss. Am Ende bleibt nur ein Promi \u00fcbrig und gewinnt die Staffel.<\/p>\n","protected":false},"excerpt":{"rendered":"Die 14. Staffel von \u201ePromi Big Brother\u201c steht bevor. Jetzt wurden die ersten Bewohnerinnen und Bewohner bekannt gegeben,&hellip;\n","protected":false},"author":2,"featured_media":1277618,"comment_status":"","ping_status":"","sticky":false,"template":"","format":"standard","meta":{"footnotes":"","_share_on_mastodon":"0"},"categories":[1773],"tags":[29,214,30,471,1780,215],"class_list":["post-1277617","post","type-post","status-publish","format-standard","has-post-thumbnail","category-serien","tag-deutschland","tag-entertainment","tag-germany","tag-serien","tag-series","tag-unterhaltung"],"share_on_mastodon":{"url":"https:\/\/pubeurope.com\/@de\/117206021772398675","error":""},"_links":{"self":[{"href":"https:\/\/www.europesays.com\/de\/wp-json\/wp\/v2\/posts\/1277617","targetHints":{"allow":["GET"]}}],"collection":[{"href":"https:\/\/www.europesays.com\/de\/wp-json\/wp\/v2\/posts"}],"about":[{"href":"https:\/\/www.europesays.com\/de\/wp-json\/wp\/v2\/types\/post"}],"author":[{"embeddable":true,"href":"https:\/\/www.europesays.com\/de\/wp-json\/wp\/v2\/users\/2"}],"replies":[{"embeddable":true,"href":"https:\/\/www.europesays.com\/de\/wp-json\/wp\/v2\/comments?post=1277617"}],"version-history":[{"count":0,"href":"https:\/\/www.europesays.com\/de\/wp-json\/wp\/v2\/posts\/1277617\/revisions"}],"wp:featuredmedia":[{"embeddable":true,"href":"https:\/\/www.europesays.com\/de\/wp-json\/wp\/v2\/media\/1277618"}],"wp:attachment":[{"href":"https:\/\/www.europesays.com\/de\/wp-json\/wp\/v2\/media?parent=1277617"}],"wp:term":[{"taxonomy":"category","embeddable":true,"href":"https:\/\/www.europesays.com\/de\/wp-json\/wp\/v2\/categories?post=1277617"},{"taxonomy":"post_tag","embeddable":true,"href":"https:\/\/www.europesays.com\/de\/wp-json\/wp\/v2\/tags?post=1277617"}],"curies":[{"name":"wp","href":"https:\/\/api.w.org\/{rel}","templated":true}]}}