{"id":1277621,"date":"2026-09-03T07:52:26","date_gmt":"2026-09-03T07:52:26","guid":{"rendered":"https:\/\/www.europesays.com\/de\/1277621\/"},"modified":"2026-09-03T07:52:26","modified_gmt":"2026-09-03T07:52:26","slug":"geh-und-sieh-im-4k-mediabook-ab-november-2026","status":"publish","type":"post","link":"https:\/\/www.europesays.com\/de\/1277621\/","title":{"rendered":"&#8222;Geh und sieh&#8220; im 4K Mediabook ab November 2026"},"content":{"rendered":"<p>&#13;<br \/>\n                        &#13;<br \/>\n                        &#13;<br \/>\n                                                 &#13;<br \/>\n                        \t\t\t\t\t\t\t\t\t\t                        &#13;<br \/>\n                                &#13;<br \/>\n                                                  &#13;<br \/>\n&#13;<br \/>\n                        <img fetchpriority=\"high\" width=\"800\" height=\"800\" src=\"https:\/\/www.europesays.com\/de\/wp-content\/uploads\/2026\/09\/Geh-und-sieh-Mediabook-4K-UHD-Bonus.jpg\" class=\"cj-featured-inline wp-post-image\" alt=\"\u201eGeh und sieh\u201c im 4K Mediabook ab November 2026 \u2013 Update2\" loading=\"eager\" decoding=\"async\"  \/><\/p>\n<p>Update &#8211; 2026.08.31Das finale Mediabook-Artwork ist nun bekannt.<\/p>\n<p>Fernsehjuwelen bringt im November dieses Jahres das Kriegs-Drama \u201eGeh und sieh\u201c (Komm und sieh 1985), mit Olga Mironowa, Vladas Bagdonas, Alexej Krawtschenko und Liubomiras Laucevicius, im Mediabook mit 4K UHD, Blu-ray, Bonus DVD und Booklet heraus.<\/p>\n<p>Der Film ist Uncut enthalten, bei einer Laufzeit von 143 Minuten.<\/p>\n<p><strong>Tonspuren<\/strong><\/p>\n<ul>\n<li>Russisch DTS-HD MA 2.0 (russische Originalfassung inkl. deutschsprachiger Passagen)<\/li>\n<\/ul>\n<p>Untertitel: Deutsch, Englisch<\/p>\n<p><strong>Bonusmaterial<\/strong><\/p>\n<ul>\n<li>Kameramann Roger Deakins \u00fcber den Look von \u201eGeh und sieh\u201c<\/li>\n<li>Elem Klimov \u00fcber die Produktion<\/li>\n<li>German Klimov \u00fcber die Karriere seines Bruders und die Produktion<\/li>\n<li>Trailer<\/li>\n<li>weitere Highlights<\/li>\n<\/ul>\n<p>Bonus DVD<\/p>\n<ul>\n<li>Klimow \u2013 Ein Film von Ron und Dorothea Holloway (ca. 51 Min.)<\/li>\n<li>Aus dem Feuerdorf (Eine Handvoll Sand \/ Stummer Schrei \/ Die Frau aus dem ermordeten Dorf) (ca. 48 Min.)<\/li>\n<li>Wer keine Erinnerungen hat, hat auch kein Leben (ca. 34 Min.)<\/li>\n<li>Interviews (Elem Klimow \/ Aleksei Krawtschenko \/ Viktor Petrow \/ Wladimir Kozlov) (ca. 65 Min.)<\/li>\n<li>Making-of (ca. 10 Min.)<\/li>\n<\/ul>\n<p>Der Release ist voraussichtlich am 26.11.2026.<\/p>\n<p><strong>Handlung<\/strong><\/p>\n<p>Belarus, 1943: Florja, noch mehr Kind als Jugendlicher, gr\u00e4bt am Strand nach alten Gewehren, um endlich Partisan werden zu k\u00f6nnen. Als er f\u00fcndig wird, schlie\u00dft er sich trotz der Bitten seiner Mutter den K\u00e4mpfern an und zieht stolz in den Krieg. Doch der kindliche Traum von Heldentaten und Abenteuern zerbricht schon bei seiner Ankunft im Truppenlager, denn der Kommandant will ihn nicht mit in den Einsatz nehmen. So beginnt f\u00fcr ihn auf dem R\u00fcckweg eine Odyssee, die ihn innerhalb weniger Tage mitten in die H\u00f6lle des Zweiten Weltkriegs f\u00fchrt.<\/p>\n<p>\u00a0<\/p>\n<p>Jetzt bestellen<\/p>\n<p>&#13;<\/p>\n","protected":false},"excerpt":{"rendered":"&#13; &#13; &#13; &#13; &#13; &#13; &#13; &#13; Update &#8211; 2026.08.31Das finale Mediabook-Artwork ist nun bekannt. Fernsehjuwelen bringt&hellip;\n","protected":false},"author":2,"featured_media":1277622,"comment_status":"","ping_status":"","sticky":false,"template":"","format":"standard","meta":{"footnotes":"","_share_on_mastodon":"0"},"categories":[1771],"tags":[1778,29,214,30,95,1777,215],"class_list":["post-1277621","post","type-post","status-publish","format-standard","has-post-thumbnail","category-kino","tag-cinema","tag-deutschland","tag-entertainment","tag-germany","tag-kino","tag-movie","tag-unterhaltung"],"share_on_mastodon":{"url":"https:\/\/pubeurope.com\/@de\/117206029156161672","error":""},"_links":{"self":[{"href":"https:\/\/www.europesays.com\/de\/wp-json\/wp\/v2\/posts\/1277621","targetHints":{"allow":["GET"]}}],"collection":[{"href":"https:\/\/www.europesays.com\/de\/wp-json\/wp\/v2\/posts"}],"about":[{"href":"https:\/\/www.europesays.com\/de\/wp-json\/wp\/v2\/types\/post"}],"author":[{"embeddable":true,"href":"https:\/\/www.europesays.com\/de\/wp-json\/wp\/v2\/users\/2"}],"replies":[{"embeddable":true,"href":"https:\/\/www.europesays.com\/de\/wp-json\/wp\/v2\/comments?post=1277621"}],"version-history":[{"count":0,"href":"https:\/\/www.europesays.com\/de\/wp-json\/wp\/v2\/posts\/1277621\/revisions"}],"wp:featuredmedia":[{"embeddable":true,"href":"https:\/\/www.europesays.com\/de\/wp-json\/wp\/v2\/media\/1277622"}],"wp:attachment":[{"href":"https:\/\/www.europesays.com\/de\/wp-json\/wp\/v2\/media?parent=1277621"}],"wp:term":[{"taxonomy":"category","embeddable":true,"href":"https:\/\/www.europesays.com\/de\/wp-json\/wp\/v2\/categories?post=1277621"},{"taxonomy":"post_tag","embeddable":true,"href":"https:\/\/www.europesays.com\/de\/wp-json\/wp\/v2\/tags?post=1277621"}],"curies":[{"name":"wp","href":"https:\/\/api.w.org\/{rel}","templated":true}]}}