{"id":1277634,"date":"2026-09-03T07:59:16","date_gmt":"2026-09-03T07:59:16","guid":{"rendered":"https:\/\/www.europesays.com\/de\/1277634\/"},"modified":"2026-09-03T07:59:16","modified_gmt":"2026-09-03T07:59:16","slug":"muenchen-lka-bayern-ermittelt-wegen-moeglichem-anschlag-auf-ruestungsunternehmen","status":"publish","type":"post","link":"https:\/\/www.europesays.com\/de\/1277634\/","title":{"rendered":"M\u00fcnchen: LKA Bayern ermittelt wegen m\u00f6glichem Anschlag auf R\u00fcstungsunternehmen"},"content":{"rendered":"<p class=\"paragraph article__item\">Nach einer Brandattacke auf eine Baustelle in M\u00fcnchen ermittelt das Bayerische Landeskriminalamt (LKA) wegen eines m\u00f6glichen Anschlagsversuchs gegen ein Unternehmen aus dem R\u00fcstungsbereich. Auf die Baustelle seien in der Nacht mehrere Brands\u00e4tze geworfen worden.\n<\/p>\n<p class=\"paragraph article__item\">Ein LKA\u2011Sprecher sagte der ZEIT, dass die Brands\u00e4tze gegen Mitternacht aus einem Auto geworfen worden sein sollen. In dem betroffenen Geb\u00e4ude gebe es mehrere R\u00fcstungsunternehmen. Man k\u00f6nne nicht ausschlie\u00dfen, dass die Attacke einem der Unternehmen galt.\u00a0\n<\/p>\n<p class=\"paragraph article__item\">Nach derzeitigen Erkenntnissen habe nur Boden und Wiese im Bereich von Baucontainern gebrannt, die derzeit vor dem Geb\u00e4ude st\u00fcnden. Polizisten l\u00f6schten das Feuer den Angaben zufolge. Ein weiterer Brandsatz habe von Spezialkr\u00e4ften entsch\u00e4rft werden m\u00fcssen.\u00a0\n<\/p>\n<p class=\"paragraph article__item\">Kurz darauf seien zwei Tatverd\u00e4chtige an einer Tankstelle festgenommen worden. Es handele sich dabei um eine 28-j\u00e4hrige Frau und einen 38-j\u00e4hrigen Mann. Ob sie mit der Tat in Verbindung stehen, wird noch ermittelt.\n<\/p>\n<p class=\"paragraph article__item\">Der <a href=\"https:\/\/www.br.de\/nachrichten\/bayern\/brandattacke-bei-rohde-and-schwarz-lka-vermutet-anschlagsversuch,VU82AXq\" target=\"_blank\" rel=\"nofollow noopener\">Bayerische Rundfunk<\/a> berichtet, dass sich in dem Geb\u00e4ude an der betroffenen Baustelle die Firmenzentrale des Technologiekonzerns Rode &amp; Schwarz befinde, der auch im R\u00fcstungssektor t\u00e4tig ist. Eine Firmensprecherin sagte dem Sender, dass das Betriebsgel\u00e4nde selbst nicht betroffen gewesen sei.\n<\/p>\n<p class=\"paragraph article__item\">Dieser Artikel wird weiter aktualisiert.<\/p>\n","protected":false},"excerpt":{"rendered":"Nach einer Brandattacke auf eine Baustelle in M\u00fcnchen ermittelt das Bayerische Landeskriminalamt (LKA) wegen eines m\u00f6glichen Anschlagsversuchs gegen&hellip;\n","protected":false},"author":2,"featured_media":1277635,"comment_status":"","ping_status":"","sticky":false,"template":"","format":"standard","meta":{"footnotes":"","_share_on_mastodon":"0"},"categories":[2],"tags":[13774,188742,29,30,13,3824,48942,1268,14,15,16,62347,12,10,8,9,11],"class_list":["post-1277634","post","type-post","status-publish","format-standard","has-post-thumbnail","category-deutschland","tag-anschlag","tag-brandattacke","tag-deutschland","tag-germany","tag-headlines","tag-lka","tag-lka-bayern","tag-muenchen","tag-nachrichten","tag-news","tag-politik","tag-ruestungsunternehmen","tag-schlagzeilen","tag-top-news","tag-top-meldungen","tag-topmeldungen","tag-topnews"],"share_on_mastodon":{"url":"https:\/\/pubeurope.com\/@de\/117206054559117576","error":""},"_links":{"self":[{"href":"https:\/\/www.europesays.com\/de\/wp-json\/wp\/v2\/posts\/1277634","targetHints":{"allow":["GET"]}}],"collection":[{"href":"https:\/\/www.europesays.com\/de\/wp-json\/wp\/v2\/posts"}],"about":[{"href":"https:\/\/www.europesays.com\/de\/wp-json\/wp\/v2\/types\/post"}],"author":[{"embeddable":true,"href":"https:\/\/www.europesays.com\/de\/wp-json\/wp\/v2\/users\/2"}],"replies":[{"embeddable":true,"href":"https:\/\/www.europesays.com\/de\/wp-json\/wp\/v2\/comments?post=1277634"}],"version-history":[{"count":0,"href":"https:\/\/www.europesays.com\/de\/wp-json\/wp\/v2\/posts\/1277634\/revisions"}],"wp:featuredmedia":[{"embeddable":true,"href":"https:\/\/www.europesays.com\/de\/wp-json\/wp\/v2\/media\/1277635"}],"wp:attachment":[{"href":"https:\/\/www.europesays.com\/de\/wp-json\/wp\/v2\/media?parent=1277634"}],"wp:term":[{"taxonomy":"category","embeddable":true,"href":"https:\/\/www.europesays.com\/de\/wp-json\/wp\/v2\/categories?post=1277634"},{"taxonomy":"post_tag","embeddable":true,"href":"https:\/\/www.europesays.com\/de\/wp-json\/wp\/v2\/tags?post=1277634"}],"curies":[{"name":"wp","href":"https:\/\/api.w.org\/{rel}","templated":true}]}}