{"id":1277640,"date":"2026-09-03T08:02:26","date_gmt":"2026-09-03T08:02:26","guid":{"rendered":"https:\/\/www.europesays.com\/de\/1277640\/"},"modified":"2026-09-03T08:02:26","modified_gmt":"2026-09-03T08:02:26","slug":"denkmaltag-am-13-september-euregio-aktuell","status":"publish","type":"post","link":"https:\/\/www.europesays.com\/de\/1277640\/","title":{"rendered":"Denkmaltag am 13. September &#8211; Euregio Aktuell"},"content":{"rendered":"<p class=\"wp-block-paragraph\">Der Tag des offenen Denkmals 2026 in Aachen steht in diesem Jahr im Zeichen der \u201eNetzWERKE\u201c. Am Sonntag, 13. September, \u00f6ffnet Deutschlands gr\u00f6\u00dftes Kulturevent wieder seine T\u00fcren. Unter dem pr\u00e4gnanten Motto \u201eNetzWERKE: Denkmale &amp; Infrastruktur \u2013 Historische Bauten, die uns bewegen und verbinden\u201c l\u00e4dt der Tag Menschen dazu ein, die verborgenen und sichtbaren Netzwerke unserer Stadtgeschichte zu erkunden.<\/p>\n<p class=\"wp-block-paragraph\">Aachens Stadtkonservatorin Monika Kr\u00fccken freut sich auf viele spannende Erlebnisse und Begegnungen: \u201eDenkmale sind Zukunftsged\u00e4chtnisse. Wenn wir am 13. September historische Infrastrukturen \u00f6ffnen, schauen wir nicht nur zur\u00fcck. Wir stellen auch die Frage, wie fr\u00fchere Generationen Herausforderungen der Versorgung, Mobilit\u00e4t und Gemeinschaft gel\u00f6st haben. Diese historischen L\u00f6sungsans\u00e4tze bieten wertvolle Impulse f\u00fcr die Stadtgesellschaft von heute und morgen.\u201c<\/p>\n<p class=\"wp-block-paragraph\"><strong>Das Motto im Fokus: Mehr als nur Steine und Mauern<br \/><\/strong>So schl\u00e4gt das Motto NetzWERKE eine Br\u00fccke von der Vergangenheit in die Gegenwart. Ob elementare Versorgungsstrukturen, historische Verkehrs- und Kommunikationswege, Schulen, Krankenh\u00e4user oder Verteidigungseinrichtungen \u2013 sie alle zeigen, wie eng das Leben fr\u00fcherer Generationen vernetzt war. Im \u00fcbertragenen Sinne ruft das Motto dazu auf, sich auch am Denkmaltag selbst zu vernetzen: im direkten Austausch mit Denkmalsch\u00fctzern, Eigent\u00fcmerinnen und anderen Geschichtsbegeisterten sowie durch die starke Einbindung unserer lokalen Heimat- und Geschichtsvereine.<\/p>\n<p class=\"wp-block-paragraph\"><strong>Aachener Vielfalt: Entdecken, staunen, vernetzen<br \/><\/strong>In Aachen und der St\u00e4dteRegion erwachen am 13. September historische Orte zum Leben, die sonst oft verschlossen bleiben oder deren infrastrukturelle Bedeutung im Alltag \u00fcbersehen wird.<\/p>\n<ul class=\"wp-block-list\">\n<li><strong>Spurensuche vor Ort:<\/strong> Lokale Expertinnen und Experten sowie engagierte Eigent\u00fcmerinnen und Eigent\u00fcmer bieten exklusive F\u00fchrungen und Einblicke an. Sie machen greifbar, wie das historische Kanalsystem funktioniert oder die Industriekultur an der J\u00fclicher Stra\u00dfe mitsamt ihrer Bahntrassen im Stadtgef\u00fcge verwoben waren \u2013 repr\u00e4sentative Verbindungspunkte, die das Gesicht Aachens bis heute pr\u00e4gen.<\/li>\n<li><strong>Begegnung und Dialog:<\/strong> Der Tag bietet die ideale Gelegenheit, das gebaute Erbe als gemeinschaftlichen Speicher unseres Wissens zu erleben. Die Burtscheider Heimatfreunde r\u00fccken mit der Archivbesichtigung indirekt die Frage in den Vordergrund, wie historische Netzwerke unsere moderne Identit\u00e4t st\u00fctzen. Oder aber mit einem weiten Blick zur\u00fcck auf das karolingische Aachen erinnert der Freundeskreis Botanischer Garten e.V. mit dem \u201eCapitulare de villis\u201c an die Reichsg\u00fcterverordnung Karls des Gro\u00dfen als Beispiel eines hocheffizienten, zentral gesteuerten Verwaltungsnetzwerkes.<\/li>\n<\/ul>\n<p class=\"wp-block-paragraph\">Koordiniert von der st\u00e4dtischen Denkmalpflege und dank des Einsatzes vieler Menschen, die den Denkmaltag in Aachen seit Jahren mit F\u00fchrungen, spannenden Einblicken in Geb\u00e4ude und vielem mehr bereichern, d\u00fcrfen sich alle Besucherinnen und Besucher auf einen ereignisreichen Tag quer durch Aachen freuen. Das betont auch Monika Kr\u00fccken: \u201eDas diesj\u00e4hrige Motto \u201aNetzWERKE\u2018 lebt vom Mitmachen und dem direkten Austausch. Dass wir in Aachen so viele historische Orte pr\u00e4sentieren k\u00f6nnen, verdanken wir dem unerm\u00fcdlichen Einsatz von ehrenamtlichen Initiativen, Eigent\u00fcmerinnen und Experten. Sie alle kn\u00fcpfen an diesem Sonntag ein echtes Netzwerk aus Wissen und Begeisterung, das Geschichte f\u00fcr Jung und Alt unmittelbar erlebbar macht.\u201c<\/p>\n<p class=\"wp-block-paragraph\"><strong>Informationen und Programm<br \/><\/strong>Das laufend aktualisierte Programm f\u00fcr Aachen mit allen \u00d6ffnungszeiten, Veranstaltungsorten und Hinweisen zu eventuellen Anmeldungen finden Interessierte auf den Seiten der Stadt Aachen unter <a href=\"http:\/\/www.aachen.de\/tagdesdenkmals2026\" target=\"_blank\" rel=\"noreferrer noopener nofollow\">www.aachen.de\/tagdesdenkmals2026<\/a>. Das beliebte Programmheft liegt in den verschiedenen Verwaltungsstellen der Stadt sowie bei Aachen Tourist Service aus. Das bundesweite Programm finden Sie unter <a href=\"https:\/\/www.tag-des-offenen-denkmals.de\/programm\" target=\"_blank\" rel=\"noreferrer noopener nofollow\">https:\/\/www.tag-des-offenen-denkmals.de\/programm<\/a> oder in der App der Deutschen Stiftung Denkmalschutz.<\/p>\n","protected":false},"excerpt":{"rendered":"Der Tag des offenen Denkmals 2026 in Aachen steht in diesem Jahr im Zeichen der \u201eNetzWERKE\u201c. Am Sonntag,&hellip;\n","protected":false},"author":2,"featured_media":1277641,"comment_status":"","ping_status":"","sticky":false,"template":"","format":"standard","meta":{"footnotes":"","_share_on_mastodon":"0"},"categories":[1853],"tags":[1424,3364,110644,29,548,663,3934,30,2989,13,16599,14,15,1209,12,95264,20183],"class_list":["post-1277640","post","type-post","status-publish","format-standard","has-post-thumbnail","category-aachen","tag-aachen","tag-de","tag-denkmaltag","tag-deutschland","tag-eu","tag-europa","tag-europe","tag-germany","tag-geschichte","tag-headlines","tag-historie","tag-nachrichten","tag-news","tag-nordrhein-westfalen","tag-schlagzeilen","tag-tag-des-offenen-denkmals","tag-veranstaltungshinweis"],"share_on_mastodon":{"url":"","error":""},"_links":{"self":[{"href":"https:\/\/www.europesays.com\/de\/wp-json\/wp\/v2\/posts\/1277640","targetHints":{"allow":["GET"]}}],"collection":[{"href":"https:\/\/www.europesays.com\/de\/wp-json\/wp\/v2\/posts"}],"about":[{"href":"https:\/\/www.europesays.com\/de\/wp-json\/wp\/v2\/types\/post"}],"author":[{"embeddable":true,"href":"https:\/\/www.europesays.com\/de\/wp-json\/wp\/v2\/users\/2"}],"replies":[{"embeddable":true,"href":"https:\/\/www.europesays.com\/de\/wp-json\/wp\/v2\/comments?post=1277640"}],"version-history":[{"count":0,"href":"https:\/\/www.europesays.com\/de\/wp-json\/wp\/v2\/posts\/1277640\/revisions"}],"wp:featuredmedia":[{"embeddable":true,"href":"https:\/\/www.europesays.com\/de\/wp-json\/wp\/v2\/media\/1277641"}],"wp:attachment":[{"href":"https:\/\/www.europesays.com\/de\/wp-json\/wp\/v2\/media?parent=1277640"}],"wp:term":[{"taxonomy":"category","embeddable":true,"href":"https:\/\/www.europesays.com\/de\/wp-json\/wp\/v2\/categories?post=1277640"},{"taxonomy":"post_tag","embeddable":true,"href":"https:\/\/www.europesays.com\/de\/wp-json\/wp\/v2\/tags?post=1277640"}],"curies":[{"name":"wp","href":"https:\/\/api.w.org\/{rel}","templated":true}]}}